{"id":73529,"date":"2016-09-06T09:15:28","date_gmt":"2016-09-06T12:15:28","guid":{"rendered":"http:\/\/www.eltrabajo.cl\/portal\/?p=73529"},"modified":"2016-09-06T09:15:28","modified_gmt":"2016-09-06T12:15:28","slug":"luis-jara-fusion-humor-joe-vasconcellos-y-jorge-alis-al-guaton-loyola-2016","status":"publish","type":"post","link":"https:\/\/eltrabajo.cl\/portal\/luis-jara-fusion-humor-joe-vasconcellos-y-jorge-alis-al-guaton-loyola-2016\/","title":{"rendered":"Luis Jara, Fusi\u00f3n Humor, Joe Vasconcellos y Jorge Al\u00eds al Guat\u00f3n Loyola 2016"},"content":{"rendered":"<ul>\n<li><strong>En el anfiteatro del Parque Ambrosio O\u2019Higgins:<\/strong><\/li>\n<\/ul>\n<p><strong>LOS ANDES.-<\/strong> Ya est\u00e1n confirmados los artistas de renombre nacional que se presentar\u00e1n en la versi\u00f3n 2016 del Festival del Guat\u00f3n Loyola, a realizarse el 15 y 16 de septiembre, en el anfiteatro del Parque Ambrosio O\u2019Higgins. Luis Jara, Jorge Al\u00eds, Joe Vasconcellos y Fusi\u00f3n Humor se presentar\u00e1n de manera gratuita en la principal \u00e1rea verde de la comuna de Los Andes.<br \/>\nEl alcalde Mauricio Navarro, anunci\u00f3 la lista definitiva de cantantes y humoristas que estar\u00e1n presentes en la nueva edici\u00f3n de esta tradicional celebraci\u00f3n, incorporando la presentaci\u00f3n de las bandas locales Quitr\u00fa, Este s\u00ed que es Lote y Chungar\u00e1, adem\u00e1s del Ballet Folcl\u00f3rico de Los Andes y la competencia del festival.<br \/>\n\u00abEs un festival que viene con un gran espect\u00e1culo. El d\u00eda 15 vamos a tener la presencia de Jorge Al\u00eds como humorista, tambi\u00e9n a Lucho Jara con todo el show que el trae, y la presencia de grupos locales como Quitr\u00fa y Este S\u00ed Que es Lote. El d\u00eda 16 vamos a tener a Joe Vasconcellos, Fusi\u00f3n Humor, un grupo consagrado de Los Andes como lo es Chungar\u00e1, adem\u00e1s del Ballet Folcl\u00f3rico\u00bb, detall\u00f3 la autoridad.<br \/>\nEl jefe comunal, agreg\u00f3 que las 4 mil entradas por d\u00eda ya est\u00e1n disponibles para el p\u00fablico desde este lunes, pudiendo hacer retiro de un m\u00e1ximo de dos tickets por persona, en Esmeralda 536, de 9:00 a 13:30 y de 15:30 a 17:30 horas.<\/p>\n<p><strong>PROGRAMA FIESTAS PATRIAS<\/strong><br \/>\nAdem\u00e1s de una nueva versi\u00f3n del Festival del Guat\u00f3n Loyola, la Municipalidad de Los Andes dispuso de una serie de actividades enmarcadas en el contexto de Fiestas Patrias en la comuna, apoyando tambi\u00e9n a las diferentes organizaciones sociales que tradicionalmente son parte de esta celebraci\u00f3n.<br \/>\nJuan Carlos Pezo, encargado de eventos del municipio, entreg\u00f3 detalles del programa pensado en la participaci\u00f3n de toda la comunidad. \u00abSe realiza una vez m\u00e1s los \u2018100 pa\u00f1uelos al aire\u2019 actividad que es tradicional en Los Andes, a cargo de la agrupaci\u00f3n cultural Los Aleros de los 60, el s\u00e1bado 10, en la Plaza Centenario, a las 16:00 horas. Tambi\u00e9n habr\u00e1 misa a la chilena, el domingo 18 de septiembre en la Parroquia Santa Rosa, a las 12:00 horas. Terminada la misa, se va a realizar el desfile de honor a las glorias del Ej\u00e9rcito, y el d\u00eda 19 ser\u00e1 la recepci\u00f3n del Destacamento N\u00b03 Yungay, a las 19:00 horas, en la Plaza de Armas -por Esmeralda-\u00bb.<br \/>\nFinalmente, para el pr\u00f3ximo jueves 29 de septiembre, a las 19:00 horas, en el auditorio del Instituto Chacabuco, se realizar\u00e1 la presentaci\u00f3n de la obra \u2018Bueras, H\u00e9roes y Olvido\u2019, pieza teatral que rescata la figura del m\u00edtico coronel Santiago Bueras, reviviendo parte de nuestra historia, a trav\u00e9s de aquellos h\u00e9roes an\u00f3nimos, muchas veces olvidados. Es gratuita para el p\u00fablico y ser\u00e1 musicalizada en vivo por el cantautor Manuel Garc\u00eda.<\/p>\n<figure id=\"attachment_73530\" aria-describedby=\"caption-attachment-73530\" style=\"width: 530px\" class=\"wp-caption alignleft\"><a href=\"http:\/\/www.eltrabajo.cl\/portal\/luis-jara-fusion-humor-joe-vasconcellos-y-jorge-alis-al-guaton-loyola-2016\/guaton-loyola-copia-2\/\" rel=\"attachment wp-att-73530\"><img data-recalc-dims=\"1\" loading=\"lazy\" decoding=\"async\" class=\"size-full wp-image-73530\" src=\"https:\/\/i0.wp.com\/www.eltrabajo.cl\/portal\/wp-content\/uploads\/2016\/09\/GUATON-LOYOLA-copia-2.jpg?resize=530%2C349\" alt=\"En la versi\u00f3n 2016 del Festival del Guat\u00f3n Loyola, a realizarse el 15 y 16 de septiembre, en el anfiteatro del Parque Ambrosio O\u2019Higgins. Luis Jara, Jorge Al\u00eds, Joe Vasconcellos y Fusi\u00f3n Humor se presentar\u00e1n de manera gratuita en la principal \u00e1rea verde de la comuna de Los Andes.\" width=\"530\" height=\"349\" srcset=\"https:\/\/i0.wp.com\/eltrabajo.cl\/portal\/wp-content\/uploads\/2016\/09\/GUATON-LOYOLA-copia-2.jpg?w=530&amp;ssl=1 530w, https:\/\/i0.wp.com\/eltrabajo.cl\/portal\/wp-content\/uploads\/2016\/09\/GUATON-LOYOLA-copia-2.jpg?resize=200%2C132&amp;ssl=1 200w, https:\/\/i0.wp.com\/eltrabajo.cl\/portal\/wp-content\/uploads\/2016\/09\/GUATON-LOYOLA-copia-2.jpg?resize=300%2C198&amp;ssl=1 300w, https:\/\/i0.wp.com\/eltrabajo.cl\/portal\/wp-content\/uploads\/2016\/09\/GUATON-LOYOLA-copia-2.jpg?resize=228%2C150&amp;ssl=1 228w, https:\/\/i0.wp.com\/eltrabajo.cl\/portal\/wp-content\/uploads\/2016\/09\/GUATON-LOYOLA-copia-2.jpg?resize=400%2C263&amp;ssl=1 400w\" sizes=\"auto, (max-width: 530px) 100vw, 530px\" \/><\/a><figcaption id=\"caption-attachment-73530\" class=\"wp-caption-text\">En la versi\u00f3n 2016 del Festival del Guat\u00f3n Loyola, a realizarse el 15 y 16 de septiembre, en el anfiteatro del Parque Ambrosio O\u2019Higgins. Luis Jara, Jorge Al\u00eds, Joe Vasconcellos y Fusi\u00f3n Humor se presentar\u00e1n de manera gratuita en la principal \u00e1rea verde de la comuna de Los Andes.<\/figcaption><\/figure>\n<figure id=\"attachment_73531\" aria-describedby=\"caption-attachment-73531\" style=\"width: 530px\" class=\"wp-caption alignleft\"><a href=\"http:\/\/www.eltrabajo.cl\/portal\/luis-jara-fusion-humor-joe-vasconcellos-y-jorge-alis-al-guaton-loyola-2016\/guaton-loyola-copia\/\" rel=\"attachment wp-att-73531\"><img data-recalc-dims=\"1\" loading=\"lazy\" decoding=\"async\" class=\"size-full wp-image-73531\" src=\"https:\/\/i0.wp.com\/www.eltrabajo.cl\/portal\/wp-content\/uploads\/2016\/09\/GUATON-LOYOLA-copia.jpg?resize=530%2C349\" alt=\"En la versi\u00f3n 2016 del Festival del Guat\u00f3n Loyola, a realizarse el 15 y 16 de septiembre, en el anfiteatro del Parque Ambrosio O\u2019Higgins. Luis Jara, Jorge Al\u00eds, Joe Vasconcellos y Fusi\u00f3n Humor se presentar\u00e1n de manera gratuita en la principal \u00e1rea verde de la comuna de Los Andes.\" width=\"530\" height=\"349\" srcset=\"https:\/\/i0.wp.com\/eltrabajo.cl\/portal\/wp-content\/uploads\/2016\/09\/GUATON-LOYOLA-copia.jpg?w=530&amp;ssl=1 530w, https:\/\/i0.wp.com\/eltrabajo.cl\/portal\/wp-content\/uploads\/2016\/09\/GUATON-LOYOLA-copia.jpg?resize=200%2C132&amp;ssl=1 200w, https:\/\/i0.wp.com\/eltrabajo.cl\/portal\/wp-content\/uploads\/2016\/09\/GUATON-LOYOLA-copia.jpg?resize=300%2C198&amp;ssl=1 300w, https:\/\/i0.wp.com\/eltrabajo.cl\/portal\/wp-content\/uploads\/2016\/09\/GUATON-LOYOLA-copia.jpg?resize=228%2C150&amp;ssl=1 228w, https:\/\/i0.wp.com\/eltrabajo.cl\/portal\/wp-content\/uploads\/2016\/09\/GUATON-LOYOLA-copia.jpg?resize=400%2C263&amp;ssl=1 400w\" sizes=\"auto, (max-width: 530px) 100vw, 530px\" \/><\/a><figcaption id=\"caption-attachment-73531\" class=\"wp-caption-text\">En la versi\u00f3n 2016 del Festival del Guat\u00f3n Loyola, a realizarse el 15 y 16 de septiembre, en el anfiteatro del Parque Ambrosio O\u2019Higgins. Luis Jara, Jorge Al\u00eds, Joe Vasconcellos y Fusi\u00f3n Humor se presentar\u00e1n de manera gratuita en la principal \u00e1rea verde de la comuna de Los Andes.<\/figcaption><\/figure>\n","protected":false},"excerpt":{"rendered":"<p>En el anfiteatro del Parque Ambrosio O\u2019Higgins: LOS ANDES.- Ya est\u00e1n confirmados los artistas de renombre nacional que se presentar\u00e1n en la versi\u00f3n 2016 del Festival del Guat\u00f3n Loyola, a realizarse el&#8230;<\/p>\n","protected":false},"author":1,"featured_media":73530,"comment_status":"open","ping_status":"open","sticky":false,"template":"","format":"standard","meta":{"advanced_seo_description":"","jetpack_seo_html_title":"","jetpack_seo_noindex":false,"_jetpack_memberships_contains_paid_content":false,"footnotes":""},"categories":[1],"tags":[],"class_list":["post-73529","post","type-post","status-publish","format-standard","has-post-thumbnail","hentry","category-cronica"],"jetpack_featured_media_url":"https:\/\/i0.wp.com\/eltrabajo.cl\/portal\/wp-content\/uploads\/2016\/09\/GUATON-LOYOLA-copia-2.jpg?fit=530%2C349&ssl=1","jetpack_sharing_enabled":true,"jetpack_likes_enabled":true,"jetpack-related-posts":[],"_links":{"self":[{"href":"https:\/\/eltrabajo.cl\/portal\/wp-json\/wp\/v2\/posts\/73529","targetHints":{"allow":["GET"]}}],"collection":[{"href":"https:\/\/eltrabajo.cl\/portal\/wp-json\/wp\/v2\/posts"}],"about":[{"href":"https:\/\/eltrabajo.cl\/portal\/wp-json\/wp\/v2\/types\/post"}],"author":[{"embeddable":true,"href":"https:\/\/eltrabajo.cl\/portal\/wp-json\/wp\/v2\/users\/1"}],"replies":[{"embeddable":true,"href":"https:\/\/eltrabajo.cl\/portal\/wp-json\/wp\/v2\/comments?post=73529"}],"version-history":[{"count":0,"href":"https:\/\/eltrabajo.cl\/portal\/wp-json\/wp\/v2\/posts\/73529\/revisions"}],"wp:featuredmedia":[{"embeddable":true,"href":"https:\/\/eltrabajo.cl\/portal\/wp-json\/wp\/v2\/media\/73530"}],"wp:attachment":[{"href":"https:\/\/eltrabajo.cl\/portal\/wp-json\/wp\/v2\/media?parent=73529"}],"wp:term":[{"taxonomy":"category","embeddable":true,"href":"https:\/\/eltrabajo.cl\/portal\/wp-json\/wp\/v2\/categories?post=73529"},{"taxonomy":"post_tag","embeddable":true,"href":"https:\/\/eltrabajo.cl\/portal\/wp-json\/wp\/v2\/tags?post=73529"}],"curies":[{"name":"wp","href":"https:\/\/api.w.org\/{rel}","templated":true}]}}