{"id":73534,"date":"2016-09-06T09:23:15","date_gmt":"2016-09-06T12:23:15","guid":{"rendered":"http:\/\/www.eltrabajo.cl\/portal\/?p=73534"},"modified":"2016-09-06T09:23:15","modified_gmt":"2016-09-06T12:23:15","slug":"con-illapu-y-sol-y-lluvia-sera-la-tercera-version-de-la-fiesta-de-la-chilenidad","status":"publish","type":"post","link":"https:\/\/eltrabajo.cl\/portal\/con-illapu-y-sol-y-lluvia-sera-la-tercera-version-de-la-fiesta-de-la-chilenidad\/","title":{"rendered":"Con Illapu y Sol y Lluvia ser\u00e1 la tercera versi\u00f3n de la Fiesta de la Chilenidad"},"content":{"rendered":"<ul>\n<li><strong><span style=\"color: #ff0000;\">Este viernes 9 y s\u00e1bado 10 de septiembre en Plaza de Armas:<\/span>\u00a0Junto con el show art\u00edstico, el principal centro c\u00edvico contar\u00e1 con un centenar de stands con productos t\u00edpicos de la fecha, tales como vino, pipe\u00f1o, chicha, charqui y empanadas.<\/strong><\/li>\n<\/ul>\n<p>Este fin de semana \u2013viernes 9 y s\u00e1bado 10-, se desarrollar\u00e1 la 3\u00aa versi\u00f3n de la Fiesta de la Chilenidad en la Plaza de Armas de San Felipe, principal celebraci\u00f3n del aniversario patrio, que estar\u00e1 animada por agrupaciones musicales locales y nacionales, entre las que destacan Sol y Lluvia e Illapu.<br \/>\nAs\u00ed lo dio a conocer el encargado del Departamento de Cultura de la Municipalidad de San Felipe, Ricardo Ruiz, quien asegur\u00f3 que los problemas generados entre los vecinos de Almendral \u2013 en ediciones anteriores de la fiesta- , a ra\u00edz del caos que provocaban las interrupciones de tr\u00e1nsito, junto con, la calidad de artistas que estar\u00e1n presentes en esta ocasi\u00f3n, fueron algunas de las razones por las cuales se determin\u00f3 mover el festejo al centro de la ciudad.<br \/>\n\u00abProducto de la parrilla art\u00edstica que tenemos en esta oportunidad, sabemos que Almendral es un sector muy peque\u00f1o para recibir a la gran cantidad de gente que va a querer ver a estos grupos de destacada trayectoria a nivel nacional e internacional, es por esto que se tom\u00f3 la decisi\u00f3n de trasladar la fiesta de la chilenidad hacia un lugar m\u00e1s democr\u00e1tico, con mejores accesos para todos los vecinos por igual\u00bb, argument\u00f3 Ruiz.<br \/>\nSeg\u00fan lo informado por el profesional, la jornada del viernes comenzar\u00e1 a las 19 horas con la presentaci\u00f3n del grupo local, int\u00e9rprete de m\u00fasica andina Chungar\u00e1. Le seguir\u00e1 El Rolo, destacado humorista nacional, con su \u00abchispa sure\u00f1a\u00bb y, finalmente, la participaci\u00f3n de Sol y Lluvia, para cerrar la primera noche de festejos.<br \/>\nEl s\u00e1bado, la jornada pretende comenzar muy temprano con la realizaci\u00f3n de diversos juegos t\u00edpicos, mientras que en show art\u00edstico propiamente tal, estar\u00e1n present\u00e1ndose Carmela y Lucho, dupla de humor local, Tormenta y Panderos y la Nueva Gran Sonora, para dejar el cierre a cargo de Illapu.<br \/>\nAl margen de la parrilla art\u00edstica, en el principal centro c\u00edvico de la comuna, se instalar\u00e1 una feria con un centenar de puestos con productos t\u00edpicos del consumo de los chilenos en esta fecha, y que \u2013seg\u00fan Ruiz- pretende dar cumplimiento a uno de los objetivos que tiene esta fiesta.<br \/>\n\u00abVan a estar las Vi\u00f1as ofreciendo sus productos, habr\u00e1n comidas t\u00edpicas y la idea es que quienes vengan puedan abastecerse de todo lo necesario:el pipe\u00f1o, la chicha, el charqui y todo lo que quieran para poder celebrar el 18 de Septiembre\u00bb, destac\u00f3.<br \/>\nEl alcalde de San Felipe, Patricio Freire, se mostr\u00f3 feliz de poder realizar una fiesta que pretende transformarse en toda una tradici\u00f3n en la comuna y manifest\u00f3 que \u00abvamos a dejar los pies en la plaza bailando cueca. Tendremos artistas de renombre, as\u00ed que invitamos cordialmente a todos los vecinos y vecinas de la comuna\u00bb, expres\u00f3.<br \/>\nLa realizaci\u00f3n de la III Versi\u00f3n de la fiesta de la chilenidad, implicar\u00e1 el corte de tr\u00e1nsito en calle Salinas (entre Prat y Merced), desde las 20 horas del jueves 8, hasta la madrugada del domingo 11. Se espera que a partir de este a\u00f1o, esta celebraci\u00f3n comience a rotar por diferentes espacios de la comuna, dando mayor facilidad de acceso a los vecinos y vecinas de distintos sectores.<\/p>\n<figure id=\"attachment_73535\" aria-describedby=\"caption-attachment-73535\" style=\"width: 530px\" class=\"wp-caption alignleft\"><a href=\"http:\/\/www.eltrabajo.cl\/portal\/con-illapu-y-sol-y-lluvia-sera-la-tercera-version-de-la-fiesta-de-la-chilenidad\/conferencia-16\/\" rel=\"attachment wp-att-73535\"><img data-recalc-dims=\"1\" loading=\"lazy\" decoding=\"async\" class=\"size-full wp-image-73535\" src=\"https:\/\/i0.wp.com\/www.eltrabajo.cl\/portal\/wp-content\/uploads\/2016\/09\/conferencia.jpg?resize=530%2C350\" alt=\"Alcalde de San Felipe Patricio Freire, junto al encargado del Departamento de Cultura del municipio, lanzaron parrilla art\u00edstica de la 3\u00aa versi\u00f3n de la Fiesta de la Chilenidad.\" width=\"530\" height=\"350\" srcset=\"https:\/\/i0.wp.com\/eltrabajo.cl\/portal\/wp-content\/uploads\/2016\/09\/conferencia.jpg?w=530&amp;ssl=1 530w, https:\/\/i0.wp.com\/eltrabajo.cl\/portal\/wp-content\/uploads\/2016\/09\/conferencia.jpg?resize=200%2C132&amp;ssl=1 200w, https:\/\/i0.wp.com\/eltrabajo.cl\/portal\/wp-content\/uploads\/2016\/09\/conferencia.jpg?resize=300%2C198&amp;ssl=1 300w, https:\/\/i0.wp.com\/eltrabajo.cl\/portal\/wp-content\/uploads\/2016\/09\/conferencia.jpg?resize=227%2C150&amp;ssl=1 227w, https:\/\/i0.wp.com\/eltrabajo.cl\/portal\/wp-content\/uploads\/2016\/09\/conferencia.jpg?resize=400%2C264&amp;ssl=1 400w\" sizes=\"auto, (max-width: 530px) 100vw, 530px\" \/><\/a><figcaption id=\"caption-attachment-73535\" class=\"wp-caption-text\">Alcalde de San Felipe Patricio Freire, junto al encargado del Departamento de Cultura del municipio, lanzaron parrilla art\u00edstica de la 3\u00aa versi\u00f3n de la Fiesta de la Chilenidad.<\/figcaption><\/figure>\n<figure id=\"attachment_73536\" aria-describedby=\"caption-attachment-73536\" style=\"width: 530px\" class=\"wp-caption alignleft\"><a href=\"http:\/\/www.eltrabajo.cl\/portal\/con-illapu-y-sol-y-lluvia-sera-la-tercera-version-de-la-fiesta-de-la-chilenidad\/illapu-1\/\" rel=\"attachment wp-att-73536\"><img data-recalc-dims=\"1\" loading=\"lazy\" decoding=\"async\" class=\"size-full wp-image-73536\" src=\"https:\/\/i0.wp.com\/www.eltrabajo.cl\/portal\/wp-content\/uploads\/2016\/09\/illapu-1.jpg?resize=530%2C350\" alt=\"El m\u00edtico y legendario grupo Illapu ser\u00e1 parte de esta tercera fiesta costumbrista.\" width=\"530\" height=\"350\" srcset=\"https:\/\/i0.wp.com\/eltrabajo.cl\/portal\/wp-content\/uploads\/2016\/09\/illapu-1.jpg?w=530&amp;ssl=1 530w, https:\/\/i0.wp.com\/eltrabajo.cl\/portal\/wp-content\/uploads\/2016\/09\/illapu-1.jpg?resize=200%2C132&amp;ssl=1 200w, https:\/\/i0.wp.com\/eltrabajo.cl\/portal\/wp-content\/uploads\/2016\/09\/illapu-1.jpg?resize=300%2C198&amp;ssl=1 300w, https:\/\/i0.wp.com\/eltrabajo.cl\/portal\/wp-content\/uploads\/2016\/09\/illapu-1.jpg?resize=227%2C150&amp;ssl=1 227w, https:\/\/i0.wp.com\/eltrabajo.cl\/portal\/wp-content\/uploads\/2016\/09\/illapu-1.jpg?resize=400%2C264&amp;ssl=1 400w\" sizes=\"auto, (max-width: 530px) 100vw, 530px\" \/><\/a><figcaption id=\"caption-attachment-73536\" class=\"wp-caption-text\">El m\u00edtico y legendario grupo Illapu ser\u00e1 parte de esta tercera fiesta costumbrista.<\/figcaption><\/figure>\n","protected":false},"excerpt":{"rendered":"<p>Este viernes 9 y s\u00e1bado 10 de septiembre en Plaza de Armas:\u00a0Junto con el show art\u00edstico, el principal centro c\u00edvico contar\u00e1 con un centenar de stands con productos t\u00edpicos de la fecha,&#8230;<\/p>\n","protected":false},"author":1,"featured_media":73536,"comment_status":"open","ping_status":"open","sticky":false,"template":"","format":"standard","meta":{"advanced_seo_description":"","jetpack_seo_html_title":"","jetpack_seo_noindex":false,"_jetpack_memberships_contains_paid_content":false,"footnotes":""},"categories":[1,20],"tags":[],"class_list":["post-73534","post","type-post","status-publish","format-standard","has-post-thumbnail","hentry","category-cronica","category-arte-y-cultura"],"jetpack_featured_media_url":"https:\/\/i0.wp.com\/eltrabajo.cl\/portal\/wp-content\/uploads\/2016\/09\/illapu-1.jpg?fit=530%2C350&ssl=1","jetpack_sharing_enabled":true,"jetpack_likes_enabled":true,"jetpack-related-posts":[],"_links":{"self":[{"href":"https:\/\/eltrabajo.cl\/portal\/wp-json\/wp\/v2\/posts\/73534","targetHints":{"allow":["GET"]}}],"collection":[{"href":"https:\/\/eltrabajo.cl\/portal\/wp-json\/wp\/v2\/posts"}],"about":[{"href":"https:\/\/eltrabajo.cl\/portal\/wp-json\/wp\/v2\/types\/post"}],"author":[{"embeddable":true,"href":"https:\/\/eltrabajo.cl\/portal\/wp-json\/wp\/v2\/users\/1"}],"replies":[{"embeddable":true,"href":"https:\/\/eltrabajo.cl\/portal\/wp-json\/wp\/v2\/comments?post=73534"}],"version-history":[{"count":0,"href":"https:\/\/eltrabajo.cl\/portal\/wp-json\/wp\/v2\/posts\/73534\/revisions"}],"wp:featuredmedia":[{"embeddable":true,"href":"https:\/\/eltrabajo.cl\/portal\/wp-json\/wp\/v2\/media\/73536"}],"wp:attachment":[{"href":"https:\/\/eltrabajo.cl\/portal\/wp-json\/wp\/v2\/media?parent=73534"}],"wp:term":[{"taxonomy":"category","embeddable":true,"href":"https:\/\/eltrabajo.cl\/portal\/wp-json\/wp\/v2\/categories?post=73534"},{"taxonomy":"post_tag","embeddable":true,"href":"https:\/\/eltrabajo.cl\/portal\/wp-json\/wp\/v2\/tags?post=73534"}],"curies":[{"name":"wp","href":"https:\/\/api.w.org\/{rel}","templated":true}]}}