{"id":73547,"date":"2016-09-07T09:13:23","date_gmt":"2016-09-07T12:13:23","guid":{"rendered":"http:\/\/www.eltrabajo.cl\/portal\/?p=73547"},"modified":"2016-09-07T09:13:23","modified_gmt":"2016-09-07T12:13:23","slug":"entidades-se-unen-para-fortalecer-capacitaciones-en-inclusion-rrhh-y-emprendimiento","status":"publish","type":"post","link":"https:\/\/eltrabajo.cl\/portal\/entidades-se-unen-para-fortalecer-capacitaciones-en-inclusion-rrhh-y-emprendimiento\/","title":{"rendered":"Entidades se unen para fortalecer capacitaciones en Inclusi\u00f3n, RRHH y Emprendimiento"},"content":{"rendered":"<ul>\n<li><strong>Abriendo oportunidades laborales y escolares:<\/strong><\/li>\n<\/ul>\n<p>Con el fin de contribuir al desarrollo humano, organizacional y al sistema escolar de las provincias de Los Andes y San Felipe, un destacado equipo de profesionales asesorar\u00e1 y capacitar\u00e1 en la aplicaci\u00f3n de las nuevas normas de la Ley N\u00ba 20.422, referidas sobre igualdad de oportunidades e inclusi\u00f3n social de personas con discapacidad, y del Decreto Exento\u00a0N\u00b0\u00a083 respecto de los criterios y orientaciones de adecuaci\u00f3n curricular para\u00a0 los estudiantes con necesidades educativas especiales que entra en vigencia en el a\u00f1o 2017.<br \/>\nCon m\u00e1s de 20 a\u00f1os de experiencia laboral en gesti\u00f3n y administraci\u00f3n de organizaciones educativas, en las \u00e1reas de vinculaci\u00f3n con el medio, servicio al estudiante, y control de gesti\u00f3n, el Socio Director de las empresas \u2018ConsultoraRV\u2019 y \u2018Otec Huellas\u2019, Rodrigo Valderrama, junto a Dar\u00edo Andrade, Socio Director de \u2018Centro DEVA Consultores (ATE)\u2019, se\u00f1alaron en exclusiva a Diario El Trabajo, que \u201cdespu\u00e9s de un profundo an\u00e1lisis del mercado laboral y educativo de la zona, decidimos trabajar bajo una visi\u00f3n estrat\u00e9gica compartida, para ofrecer nuestros servicios en gesti\u00f3n de RRHH, capacitaciones, emprendimiento, inclusi\u00f3n-participaci\u00f3n y discapacidad, a instituciones, establecimientos educacionales y la comunidad en general\u201d.<br \/>\nSeg\u00fan su Director, Rodrigo Valderrama, la \u2018Consultora RV\u2019 se especializa en gestionar proyectos y recursos humanos, para entregar soluciones integradas y especializadas a cada una de las m\u00e1s variadas y crecientes demandas de las empresas: \u201cNuestra metodolog\u00eda de trabajo se basa en un an\u00e1lisis funcional de las necesidades de la estructura organizacional, para apoyar el levantamiento de descriptores de cargo demandados, incluyendo as\u00ed competencias, procesos y resultados, destinados a apoyar con rigurosidad la selecci\u00f3n, mantenci\u00f3n y desarrollo de las personas en una organizaci\u00f3n\u201d, se\u00f1ala el profesional.<br \/>\nAgreg\u00f3 que la \u2018Sociedad de Capacitaci\u00f3n Huellas Limitada\u2019, como organismo t\u00e9cnico de capacitaci\u00f3n (OTEC), se enfoca en el desarrollo y fortalecimiento de competencias laborales para los diversos sectores productivos en el Valle del Aconcagua, \u201cdando respuesta as\u00ed a las necesidades de las empresas que desean potenciar los conocimientos y competencias de sus colaboradores, con el fin de fortalecer sus aptitudes, actualizar y renovar el conocimiento y perfeccionamiento del quehacer t\u00e9cnico y profesional\u201d.<br \/>\nValderrama cont\u00f3 que el equipo de profesionales de la Otec cuenta con una reconocida experiencia y trayectoria en la formaci\u00f3n de adultos que trabajan en empresas y organizaciones. Y, concluy\u00f3 que adem\u00e1s cuentan con la certificaci\u00f3n de su sistema de gesti\u00f3n de calidad, al contar con la ISO 9001: 2008 \u2013 NCh 9001. Of 2009 y Norma NCh 2728: Of 2003.<\/p>\n<p><strong>La Inclusi\u00f3n en la comunidad escolar<\/strong><br \/>\nLa Consultora Centro DEVA, en tanto, es un organismo de Asistencia T\u00e9cnica Educativa acreditado desde el a\u00f1o 2013 ante el MINEDUC. El Socio Director de Centro DEVA Consultores, Dar\u00edo Andrade, comenta que en el a\u00f1o 2017 entrar\u00e1n en vigencia los criterios y orientaciones de adecuaci\u00f3n curricular para\u00a0estudiantes con necesidades educativas especiales, de educaci\u00f3n parvular\u00eda, 1\u00b0 y 2\u00b0 a\u00f1o b\u00e1sico, seg\u00fan el Decreto Exento\u00a0N\u00b0\u00a083 del Ministerio de Educaci\u00f3n. Dado el impacto que estas iniciativas generar\u00e1n en la comunidad, tanto en la convivencia escolar como el bienestar docente, es fundamental abordar estas tem\u00e1ticas con un \u2018enfoque integrador\u2019, de tal forma de hacer un trabajo efectivo y eficiente con el m\u00ednimo agobio para la comunidad educativa y el m\u00e1ximo ahorro de recursos. Actualmente estamos orientados a implementar servicios en el \u00e1mbito de la inclusi\u00f3n enmarcado en el Decreto Exento n\u00ba83. Nuestras oficinas estan ubicadas en Salinas #1373 oficina 404, San Felipe, fono 34 2511797, email contacto@consultorarv.cl\u201d, concluy\u00f3 Andrade.<\/p>\n<figure id=\"attachment_73548\" aria-describedby=\"caption-attachment-73548\" style=\"width: 530px\" class=\"wp-caption alignleft\"><a href=\"http:\/\/www.eltrabajo.cl\/portal\/entidades-se-unen-para-fortalecer-capacitaciones-en-inclusion-rrhh-y-emprendimiento\/otec-huellas\/\" rel=\"attachment wp-att-73548\"><img data-recalc-dims=\"1\" loading=\"lazy\" decoding=\"async\" class=\"size-full wp-image-73548\" src=\"https:\/\/i0.wp.com\/www.eltrabajo.cl\/portal\/wp-content\/uploads\/2016\/09\/otec-huellas.jpg?resize=530%2C348\" alt=\"El Socio Director de las empresas \u2018ConsultoraRV\u2019 y \u2018Otec Huellas\u2019, Rodrigo Valderrama, junto a Dar\u00edo Andrade, Socio Director de \u2018Centro DEVA Consultores\u2019.\" width=\"530\" height=\"348\" srcset=\"https:\/\/i0.wp.com\/eltrabajo.cl\/portal\/wp-content\/uploads\/2016\/09\/otec-huellas.jpg?w=530&amp;ssl=1 530w, https:\/\/i0.wp.com\/eltrabajo.cl\/portal\/wp-content\/uploads\/2016\/09\/otec-huellas.jpg?resize=200%2C131&amp;ssl=1 200w, https:\/\/i0.wp.com\/eltrabajo.cl\/portal\/wp-content\/uploads\/2016\/09\/otec-huellas.jpg?resize=300%2C197&amp;ssl=1 300w, https:\/\/i0.wp.com\/eltrabajo.cl\/portal\/wp-content\/uploads\/2016\/09\/otec-huellas.jpg?resize=228%2C150&amp;ssl=1 228w, https:\/\/i0.wp.com\/eltrabajo.cl\/portal\/wp-content\/uploads\/2016\/09\/otec-huellas.jpg?resize=400%2C263&amp;ssl=1 400w\" sizes=\"auto, (max-width: 530px) 100vw, 530px\" \/><\/a><figcaption id=\"caption-attachment-73548\" class=\"wp-caption-text\">El Socio Director de las empresas \u2018ConsultoraRV\u2019 y \u2018Otec Huellas\u2019, Rodrigo Valderrama, junto a Dar\u00edo Andrade, Socio Director de \u2018Centro DEVA Consultores\u2019.<\/figcaption><\/figure>\n","protected":false},"excerpt":{"rendered":"<p>Abriendo oportunidades laborales y escolares: Con el fin de contribuir al desarrollo humano, organizacional y al sistema escolar de las provincias de Los Andes y San Felipe, un destacado equipo de profesionales&#8230;<\/p>\n","protected":false},"author":1,"featured_media":73548,"comment_status":"open","ping_status":"open","sticky":false,"template":"","format":"standard","meta":{"advanced_seo_description":"","jetpack_seo_html_title":"","jetpack_seo_noindex":false,"_jetpack_memberships_contains_paid_content":false,"footnotes":""},"categories":[1],"tags":[],"class_list":["post-73547","post","type-post","status-publish","format-standard","has-post-thumbnail","hentry","category-cronica"],"jetpack_featured_media_url":"https:\/\/i0.wp.com\/eltrabajo.cl\/portal\/wp-content\/uploads\/2016\/09\/otec-huellas.jpg?fit=530%2C348&ssl=1","jetpack_sharing_enabled":true,"jetpack_likes_enabled":true,"jetpack-related-posts":[],"_links":{"self":[{"href":"https:\/\/eltrabajo.cl\/portal\/wp-json\/wp\/v2\/posts\/73547","targetHints":{"allow":["GET"]}}],"collection":[{"href":"https:\/\/eltrabajo.cl\/portal\/wp-json\/wp\/v2\/posts"}],"about":[{"href":"https:\/\/eltrabajo.cl\/portal\/wp-json\/wp\/v2\/types\/post"}],"author":[{"embeddable":true,"href":"https:\/\/eltrabajo.cl\/portal\/wp-json\/wp\/v2\/users\/1"}],"replies":[{"embeddable":true,"href":"https:\/\/eltrabajo.cl\/portal\/wp-json\/wp\/v2\/comments?post=73547"}],"version-history":[{"count":0,"href":"https:\/\/eltrabajo.cl\/portal\/wp-json\/wp\/v2\/posts\/73547\/revisions"}],"wp:featuredmedia":[{"embeddable":true,"href":"https:\/\/eltrabajo.cl\/portal\/wp-json\/wp\/v2\/media\/73548"}],"wp:attachment":[{"href":"https:\/\/eltrabajo.cl\/portal\/wp-json\/wp\/v2\/media?parent=73547"}],"wp:term":[{"taxonomy":"category","embeddable":true,"href":"https:\/\/eltrabajo.cl\/portal\/wp-json\/wp\/v2\/categories?post=73547"},{"taxonomy":"post_tag","embeddable":true,"href":"https:\/\/eltrabajo.cl\/portal\/wp-json\/wp\/v2\/tags?post=73547"}],"curies":[{"name":"wp","href":"https:\/\/api.w.org\/{rel}","templated":true}]}}