{"id":73555,"date":"2016-09-07T09:17:54","date_gmt":"2016-09-07T12:17:54","guid":{"rendered":"http:\/\/www.eltrabajo.cl\/portal\/?p=73555"},"modified":"2016-09-07T09:17:54","modified_gmt":"2016-09-07T12:17:54","slug":"unos-17-500-pensionados-de-san-felipe-recibiran-aguinaldo-de-fiestas-patrias","status":"publish","type":"post","link":"https:\/\/eltrabajo.cl\/portal\/unos-17-500-pensionados-de-san-felipe-recibiran-aguinaldo-de-fiestas-patrias\/","title":{"rendered":"Unos 17.500 pensionados de San Felipe recibir\u00e1n aguinaldo de Fiestas Patrias"},"content":{"rendered":"<ul>\n<li><strong><span style=\"color: #ff0000;\">Beneficio que este a\u00f1o asciende a\u00a0$17.843:<\/span>\u00a0Por provincias, se\u00a0entregar\u00e1n 83.835 aguinaldos en Valpara\u00edso; 32.657 en Marga Marga; 10.604 en San Antonio; 9.442 en Los Andes y 9.996 en Petorca.\u00a0 Se contemplan otros 23.243 para Quillota y 17.567 en San Felipe. En Isla de Pascua, en tanto, corresponden 318.<\/strong><\/li>\n<\/ul>\n<p>Los seremis del Trabajo y Desarrollo Social, Karen Medina y Abel Gallardo, respectivamente, llegaron hasta la Caja de Compensaci\u00f3n Los H\u00e9roes de la comuna de Valpara\u00edso, para verificar el inicio del pago del\u00a0aguinaldo\u00a0de Fiestas Patrias, que favorecer\u00e1 a m\u00e1s de dos millones de personas a nivel nacional, 197 mil de las cuales son de la V Regi\u00f3n.<br \/>\nJunto a la coordinadora regional de Senama (s) Mar\u00eda Eugenia Arenas y el jefe de la sucursal Valpara\u00edso del Instituto de Previsi\u00f3n Social (IPS), Claudio Opazo, las autoridades destacaron que el 1 de septiembre\u00a0comenz\u00f3 el pago del beneficio que este a\u00f1o asciende a\u00a0$17.843\u00a0por pensionado, quienes recibir\u00e1n $9.154 extra por cada carga familiar acreditada al 31 de agosto de 2016.<br \/>\nLa seremi del Trabajo y Previsi\u00f3n Social, Karen Medina\u00a0destac\u00f3 el beneficio y sostuvo que se trata de \u201cuna buena noticia, pues se trata de un aporte que viene muy bien en un mes en que normalmente aumentan los gastos\u201d.<br \/>\nSu par\u00a0de Desarrollo Social, Abel Gallardo,\u00a0valor\u00f3 que\u00a0\u201cen la Regi\u00f3n de Valpara\u00edso son casi 200 mil las personas que reciben este beneficio, que supone inyectar a la econom\u00eda regional 3 mil 500 millones de pesos\u201d.<br \/>\nEl jefe de la sucursal porte\u00f1a del IPS, Claudio Opazo, precis\u00f3 que\u00a0\u201ca partir del 1 de septiembre comenzamos a pagar este aguinaldo, que es parte de la estructura de pensi\u00f3n que anualmente se entrega\u201d, resaltando que se ha procurado anticipar el proceso, de manera que las personas dispongan del dinero antes del 18 de septiembre\u201d.<br \/>\nLa coordinadora (s) de Senama, en tanto,\u00a0precis\u00f3 que \u201cestamos trabajando desde el enfoque de derechos, creemos que ellos deben tener una calidad de vida con dignidad y obviamente que este aguinaldo para Fiestas Patrias les ayuda a compartir con sus familias y poder disfrutar con sus m\u00e1s cercanos\u201d.<br \/>\nLa seremi del Trabajo tambi\u00e9n se refiri\u00f3 \u00a0al aguinaldo que recibir\u00e1n los trabajadores del sector p\u00fablico este a\u00f1o, precisando que se pagar\u00e1 en dos tramos y aprovech\u00f3 la ocasi\u00f3n para llamar a los empleadores privados a otorgar el beneficio.\u00a0 Al respecto, record\u00f3 que\u00a0\u201cel aguinaldo es un derecho adquirido que, en el caso del sector p\u00fablico, es negociado a\u00f1o tras a\u00f1o y eso nos convoca a hacer un llamado a la buena pr\u00e1ctica laboral, especialmente en el sector privado, para que el aguinaldo sea un hecho para todos\u201d.\u00a0\u00a0 Dijo que el a\u00f1o pasado, la regi\u00f3n promedi\u00f3 casi un 80% de aporte de los empleadores a sus trabajadores.<br \/>\nPor su parte, el director regional del IPS, Juan Carlos Tapia, afirm\u00f3 que \u201cestamos anunciando algo que\u00a0trae mucha alegr\u00eda\u201d, destacando que \u201ccomo en otras oportunidades, hemos coordinado una serie de acciones de seguridad con las Gobernaciones, de manera de resguardar a la ciudadan\u00eda, que a veces se ve expuesta a inescrupulosos que se aprovechan de los adultos mayores y m\u00e1s a\u00fan al generarse un flujo de personas y dinero superior al habitual\u201d.\u00a0 En ese contexto, \u00a0recomend\u00f3 a quienes tengan derecho al aguinaldo\u00a0\u201cque vengan acompa\u00f1ados y a las sucursales donde normalmente se pagan su pensi\u00f3n, para que no sean v\u00edctimas de asaltos ni de robos.\u201d<\/p>\n<p><strong>\u00a0QUI\u00c9NES TIENEN DERECHO<\/strong><br \/>\nEl beneficio que tradicionalmente se paga en septiembre\u00a0lo reciben los pensionados del IPS, de las Cajas de Previsi\u00f3n de Dipreca y Capredena, del Instituto de Seguridad Laboral (ISL), de las Mutualidades de Empleadores de la Ley 16.744 de Accidentes del Trabajo, los Pensionados del DL 3500 (Sistema de AFP) que se encuentren percibiendo pensiones m\u00ednimas con Garant\u00eda Estatal y quienes reciban Aporte Previsional Solidario (APS).<br \/>\nEn el caso del IPS (ex INP), los beneficiarios son los pensionados de las Excajas de Previsi\u00f3n, de las leyes de Exonerados Pol\u00edticos, de la Ley de Reparaci\u00f3n 19.123 y 19.992, de Accidentes del Trabajo, Ley 16.744, del ISL; de Pensiones B\u00e1sicas Solidarias (PBS) y el APS, adem\u00e1s de personas con Subsidio por Discapacidad Mental e Indemnizaciones del Carb\u00f3n, Ley 19.129.<\/p>\n<figure id=\"attachment_73557\" aria-describedby=\"caption-attachment-73557\" style=\"width: 528px\" class=\"wp-caption alignleft\"><a href=\"http:\/\/www.eltrabajo.cl\/portal\/unos-17-500-pensionados-de-san-felipe-recibiran-aguinaldo-de-fiestas-patrias\/aguinaldo-fiestas-patrias-2\/\" rel=\"attachment wp-att-73557\"><img data-recalc-dims=\"1\" loading=\"lazy\" decoding=\"async\" class=\"size-full wp-image-73557\" src=\"https:\/\/i0.wp.com\/www.eltrabajo.cl\/portal\/wp-content\/uploads\/2016\/09\/Aguinaldo-Fiestas-Patrias-2.jpg?resize=528%2C350\" alt=\"En San Felipe, ser\u00e1n alrededor de 17.567 los beneficiados con este aguinaldo que este a\u00f1o asciende a\u00a0$17.843\u00a0por pensionado, quienes recibir\u00e1n $9.154 extra por cada carga familiar acreditada al 31 de agosto de 2016.\" width=\"528\" height=\"350\" srcset=\"https:\/\/i0.wp.com\/eltrabajo.cl\/portal\/wp-content\/uploads\/2016\/09\/Aguinaldo-Fiestas-Patrias-2.jpg?w=528&amp;ssl=1 528w, https:\/\/i0.wp.com\/eltrabajo.cl\/portal\/wp-content\/uploads\/2016\/09\/Aguinaldo-Fiestas-Patrias-2.jpg?resize=200%2C133&amp;ssl=1 200w, https:\/\/i0.wp.com\/eltrabajo.cl\/portal\/wp-content\/uploads\/2016\/09\/Aguinaldo-Fiestas-Patrias-2.jpg?resize=300%2C199&amp;ssl=1 300w, https:\/\/i0.wp.com\/eltrabajo.cl\/portal\/wp-content\/uploads\/2016\/09\/Aguinaldo-Fiestas-Patrias-2.jpg?resize=226%2C150&amp;ssl=1 226w, https:\/\/i0.wp.com\/eltrabajo.cl\/portal\/wp-content\/uploads\/2016\/09\/Aguinaldo-Fiestas-Patrias-2.jpg?resize=400%2C265&amp;ssl=1 400w\" sizes=\"auto, (max-width: 528px) 100vw, 528px\" \/><\/a><figcaption id=\"caption-attachment-73557\" class=\"wp-caption-text\">En San Felipe, ser\u00e1n alrededor de 17.567 los beneficiados con este aguinaldo que este a\u00f1o asciende a\u00a0$17.843\u00a0por pensionado, quienes recibir\u00e1n $9.154 extra por cada carga familiar acreditada al 31 de agosto de 2016.<\/figcaption><\/figure>\n","protected":false},"excerpt":{"rendered":"<p>Beneficio que este a\u00f1o asciende a\u00a0$17.843:\u00a0Por provincias, se\u00a0entregar\u00e1n 83.835 aguinaldos en Valpara\u00edso; 32.657 en Marga Marga; 10.604 en San Antonio; 9.442 en Los Andes y 9.996 en Petorca.\u00a0 Se contemplan otros 23.243&#8230;<\/p>\n","protected":false},"author":1,"featured_media":73557,"comment_status":"open","ping_status":"open","sticky":false,"template":"","format":"standard","meta":{"advanced_seo_description":"","jetpack_seo_html_title":"","jetpack_seo_noindex":false,"_jetpack_memberships_contains_paid_content":false,"footnotes":""},"categories":[1],"tags":[],"class_list":["post-73555","post","type-post","status-publish","format-standard","has-post-thumbnail","hentry","category-cronica"],"jetpack_featured_media_url":"https:\/\/i0.wp.com\/eltrabajo.cl\/portal\/wp-content\/uploads\/2016\/09\/Aguinaldo-Fiestas-Patrias-2.jpg?fit=528%2C350&ssl=1","jetpack_sharing_enabled":true,"jetpack_likes_enabled":true,"jetpack-related-posts":[],"_links":{"self":[{"href":"https:\/\/eltrabajo.cl\/portal\/wp-json\/wp\/v2\/posts\/73555","targetHints":{"allow":["GET"]}}],"collection":[{"href":"https:\/\/eltrabajo.cl\/portal\/wp-json\/wp\/v2\/posts"}],"about":[{"href":"https:\/\/eltrabajo.cl\/portal\/wp-json\/wp\/v2\/types\/post"}],"author":[{"embeddable":true,"href":"https:\/\/eltrabajo.cl\/portal\/wp-json\/wp\/v2\/users\/1"}],"replies":[{"embeddable":true,"href":"https:\/\/eltrabajo.cl\/portal\/wp-json\/wp\/v2\/comments?post=73555"}],"version-history":[{"count":0,"href":"https:\/\/eltrabajo.cl\/portal\/wp-json\/wp\/v2\/posts\/73555\/revisions"}],"wp:featuredmedia":[{"embeddable":true,"href":"https:\/\/eltrabajo.cl\/portal\/wp-json\/wp\/v2\/media\/73557"}],"wp:attachment":[{"href":"https:\/\/eltrabajo.cl\/portal\/wp-json\/wp\/v2\/media?parent=73555"}],"wp:term":[{"taxonomy":"category","embeddable":true,"href":"https:\/\/eltrabajo.cl\/portal\/wp-json\/wp\/v2\/categories?post=73555"},{"taxonomy":"post_tag","embeddable":true,"href":"https:\/\/eltrabajo.cl\/portal\/wp-json\/wp\/v2\/tags?post=73555"}],"curies":[{"name":"wp","href":"https:\/\/api.w.org\/{rel}","templated":true}]}}