{"id":73572,"date":"2016-09-07T09:26:06","date_gmt":"2016-09-07T12:26:06","guid":{"rendered":"http:\/\/www.eltrabajo.cl\/portal\/?p=73572"},"modified":"2016-09-07T09:28:52","modified_gmt":"2016-09-07T12:28:52","slug":"recolecctan-plaguicidas-vencidos-para-evitar-riesgos-al-ambiente-y-personas","status":"publish","type":"post","link":"https:\/\/eltrabajo.cl\/portal\/recolecctan-plaguicidas-vencidos-para-evitar-riesgos-al-ambiente-y-personas\/","title":{"rendered":"Recolectan plaguicidas vencidos para evitar riesgos al ambiente y personas"},"content":{"rendered":"<ul>\n<li><strong>Actividad desarrollada por la Seremi de Agricultura, en coordinaci\u00f3n con la Municipalidad y la Gobernaci\u00f3n de San Felipe.<\/strong><\/li>\n<\/ul>\n<p>En el marco de las acciones dispuestas por el Comit\u00e9 de Plaguicidas que encabeza el Ministerio de Agricultura con organismos p\u00fablicos y particulares, ayer martes en San Felipe, se dispuso una jornada de recolecci\u00f3n de plaguicidas vencidos, en instalaciones del Estadio Fiscal.<br \/>\nLa actividad fue supervisada por el seremi de Agricultura Ricardo Astorga, junto al gobernador Eduardo Le\u00f3n y el alcalde Patricio Freire, oportunidad en la que el personero de Minagri, explic\u00f3 que esta iniciativa tiene por objetivo prevenir riesgos para la salud de las personas, pero adem\u00e1s evitar un impacto negativo en el medio ambiente, por cuanto muchos agricultores no tienen otra alternativa que la de almacenar en sus bodegas los pesticidas que expiraron y de los cuales no tienen como deshacerse.<br \/>\nA prop\u00f3sito de lo anterior, el personero destac\u00f3 el trabajo conjunto desarrollado en la regi\u00f3n y particularmente en San Felipe, donde junto a la Gobernaci\u00f3n Provincial y el municipio, a trav\u00e9s del Programa de Desarrollo Local Prodesal, es posible efectuar esta actividad que permitir\u00e1 el reciclaje, bajo los est\u00e1ndares de seguridad y de resguardo de la salud de las personas y de protecci\u00f3n del medio ambiente.<br \/>\n\u201cDurante el a\u00f1o esta es la primera actividad de recolecci\u00f3n de plaguicidas caducados o vencidos, la que hacemos en alianza y coordinaci\u00f3n con distintos organismos como el municipio, para beneficiar a los agricultores que muchas veces no saben qu\u00e9 hacer con sus plaguicidas\u201d, se\u00f1al\u00f3 Astorga.<br \/>\nA\u00f1adi\u00f3 que \u201cesto va a un proceso de reciclado y destinado a otra actividad, por lo que no vuelve a utilizarse en el campo, un plaguicida no solo es peligroso para el medio ambiente, sino tambi\u00e9n para las personas y por lo tanto, es importante hacer estas alianzas con el municipio para llegar cada vez a m\u00e1s agricultores\u201d.<br \/>\nEn este mismo sentido, el gobernador Eduardo Le\u00f3n resalt\u00f3 la posibilidad de desarrollar esta iniciativa en San Felipe, considerando la intensa actividad agr\u00edcola que registra la provincia y que por cierto, requiere de la preocupaci\u00f3n de las autoridades para efectos de atender una necesidad sentida en materia de disposici\u00f3n final de envases de plaguicidas como se ha hecho anteriormente y ahora, de plaguicidas vencidos.<br \/>\nEn la misma l\u00ednea, el alcalde Patricio Freire valor\u00f3 la alianza con el Ministerio de Agricultura para impulsar este tipo de acciones que son muy bien aprovechadas por los agricultores.<br \/>\n\u201cValoramos esta actividad, porque es muy peligroso guardar productos vencidos del \u00e1rea agr\u00edcola. Muchas veces estos productos se guardan por a\u00f1os, con el peligro que representan para el medio ambiente y para las personas que pueden manipular estos productos\u201d, se\u00f1al\u00f3 el Alcalde Freire.<br \/>\nCabe se\u00f1alar en este plano la relevancia que revisten los equipos de Prodesal para el desarrollo exitoso de estas iniciativas, por cuanto son sus funcionarios quienes se encargan de difundir e instar a los agricultores para aprovechar estas instancias y acudir, en definitiva, con sus plaguicidas vencidos y as\u00ed prevenir riesgos en sus predios.<\/p>\n<figure id=\"attachment_73573\" aria-describedby=\"caption-attachment-73573\" style=\"width: 530px\" class=\"wp-caption alignleft\"><a href=\"http:\/\/www.eltrabajo.cl\/portal\/recolecctan-plaguicidas-vencidos-para-evitar-riesgos-al-ambiente-y-personas\/plaguicidas-1\/\" rel=\"attachment wp-att-73573\"><img data-recalc-dims=\"1\" loading=\"lazy\" decoding=\"async\" class=\"size-full wp-image-73573\" src=\"https:\/\/i0.wp.com\/www.eltrabajo.cl\/portal\/wp-content\/uploads\/2016\/09\/plaguicidas-1.jpg?resize=530%2C349\" alt=\"Ayer martes en San Felipe, se dispuso una jornada de recolecci\u00f3n de plaguicidas vencidos, en instalaciones del Estadio Fiscal.\" width=\"530\" height=\"349\" srcset=\"https:\/\/i0.wp.com\/eltrabajo.cl\/portal\/wp-content\/uploads\/2016\/09\/plaguicidas-1.jpg?w=530&amp;ssl=1 530w, https:\/\/i0.wp.com\/eltrabajo.cl\/portal\/wp-content\/uploads\/2016\/09\/plaguicidas-1.jpg?resize=200%2C132&amp;ssl=1 200w, https:\/\/i0.wp.com\/eltrabajo.cl\/portal\/wp-content\/uploads\/2016\/09\/plaguicidas-1.jpg?resize=300%2C198&amp;ssl=1 300w, https:\/\/i0.wp.com\/eltrabajo.cl\/portal\/wp-content\/uploads\/2016\/09\/plaguicidas-1.jpg?resize=228%2C150&amp;ssl=1 228w, https:\/\/i0.wp.com\/eltrabajo.cl\/portal\/wp-content\/uploads\/2016\/09\/plaguicidas-1.jpg?resize=400%2C263&amp;ssl=1 400w\" sizes=\"auto, (max-width: 530px) 100vw, 530px\" \/><\/a><figcaption id=\"caption-attachment-73573\" class=\"wp-caption-text\">Ayer martes en San Felipe, se dispuso una jornada de recolecci\u00f3n de plaguicidas vencidos, en instalaciones del Estadio Fiscal.<\/figcaption><\/figure>\n","protected":false},"excerpt":{"rendered":"<p>Actividad desarrollada por la Seremi de Agricultura, en coordinaci\u00f3n con la Municipalidad y la Gobernaci\u00f3n de San Felipe. En el marco de las acciones dispuestas por el Comit\u00e9 de Plaguicidas que encabeza&#8230;<\/p>\n","protected":false},"author":1,"featured_media":73573,"comment_status":"open","ping_status":"open","sticky":false,"template":"","format":"standard","meta":{"advanced_seo_description":"","jetpack_seo_html_title":"","jetpack_seo_noindex":false,"_jetpack_memberships_contains_paid_content":false,"footnotes":""},"categories":[1],"tags":[],"class_list":["post-73572","post","type-post","status-publish","format-standard","has-post-thumbnail","hentry","category-cronica"],"jetpack_featured_media_url":"https:\/\/i0.wp.com\/eltrabajo.cl\/portal\/wp-content\/uploads\/2016\/09\/plaguicidas-1.jpg?fit=530%2C349&ssl=1","jetpack_sharing_enabled":true,"jetpack_likes_enabled":true,"jetpack-related-posts":[],"_links":{"self":[{"href":"https:\/\/eltrabajo.cl\/portal\/wp-json\/wp\/v2\/posts\/73572","targetHints":{"allow":["GET"]}}],"collection":[{"href":"https:\/\/eltrabajo.cl\/portal\/wp-json\/wp\/v2\/posts"}],"about":[{"href":"https:\/\/eltrabajo.cl\/portal\/wp-json\/wp\/v2\/types\/post"}],"author":[{"embeddable":true,"href":"https:\/\/eltrabajo.cl\/portal\/wp-json\/wp\/v2\/users\/1"}],"replies":[{"embeddable":true,"href":"https:\/\/eltrabajo.cl\/portal\/wp-json\/wp\/v2\/comments?post=73572"}],"version-history":[{"count":0,"href":"https:\/\/eltrabajo.cl\/portal\/wp-json\/wp\/v2\/posts\/73572\/revisions"}],"wp:featuredmedia":[{"embeddable":true,"href":"https:\/\/eltrabajo.cl\/portal\/wp-json\/wp\/v2\/media\/73573"}],"wp:attachment":[{"href":"https:\/\/eltrabajo.cl\/portal\/wp-json\/wp\/v2\/media?parent=73572"}],"wp:term":[{"taxonomy":"category","embeddable":true,"href":"https:\/\/eltrabajo.cl\/portal\/wp-json\/wp\/v2\/categories?post=73572"},{"taxonomy":"post_tag","embeddable":true,"href":"https:\/\/eltrabajo.cl\/portal\/wp-json\/wp\/v2\/tags?post=73572"}],"curies":[{"name":"wp","href":"https:\/\/api.w.org\/{rel}","templated":true}]}}