{"id":73577,"date":"2016-09-07T09:33:14","date_gmt":"2016-09-07T12:33:14","guid":{"rendered":"http:\/\/www.eltrabajo.cl\/portal\/?p=73577"},"modified":"2016-09-07T09:33:15","modified_gmt":"2016-09-07T12:33:15","slug":"siete-hermanos-debieron-esperar-47-anos-para-volverse-a-encontrar","status":"publish","type":"post","link":"https:\/\/eltrabajo.cl\/portal\/siete-hermanos-debieron-esperar-47-anos-para-volverse-a-encontrar\/","title":{"rendered":"Siete hermanos debieron esperar 47 a\u00f1os para volverse a encontrar"},"content":{"rendered":"<ul>\n<li><strong>Mireya Ulloa decidi\u00f3 abandonar N.Y. para regresar a la tierra donde naci\u00f3:<\/strong><\/li>\n<\/ul>\n<p><strong>SANTA MAR\u00cdA.-<\/strong> Cuando ella ten\u00eda apenas 21 a\u00f1os y era una joven campesina nacida en Santa Mar\u00eda, decidi\u00f3 salir de los parronales del valle para iniciar una crucial traves\u00eda que la llevar\u00eda hasta New York EE.UU., en donde pasar\u00eda los siguientes 47 a\u00f1os de su existencia.<br \/>\nEs la historia de do\u00f1a Mireya Ulloa Segura, quien este domingo regres\u00f3 a la cuna aconcag\u00fcina a reunirse con sus seis hermanos, quienes la recibieron con una gran fiesta familiar. Las c\u00e1maras de Diario El Trabajo y de El Trabajo TV estuvieron desde el momento en que ella, do\u00f1a Mireya, ingres\u00f3 al port\u00f3n de la casa de sus hermanos.<br \/>\nEl agasajo preparado contemplaba la presentaci\u00f3n de un grupo de chinchineros de Valpara\u00edso; bailes de cueca; un gran asado y mil momentos indescriptibles para compartir con su hermana mayor, quien se vino a vivir el resto de su vida a la tierra que la vio nacer.<\/p>\n<p><strong>LOS HERMANOS<\/strong><br \/>\nNuestro medio habl\u00f3 con ella, y tambi\u00e9n con sus emocionados hermanos, quienes entre l\u00e1grimas, apenas pudieron compartir unas pocas palabras con el diario m\u00e1s le\u00eddo del Valle Aconcagua. Todos estos hermanos son hijos de don Manuel Ulloa y Adriana Segura, ambos fallecidos.<br \/>\nAdriana Ulloa: \u00abYo estoy muy pero muy emocionada, ella se fue cuando yo era muy chica y saber que ha vuelto para quedarse a nuestro lado, pues simplemente me hace llorar\u00bb.<br \/>\nSergio Ulloa: \u00abElla, Mireya, siempre ha sido nuestra segunda madre, se ha preocupado de todos nosotros y estamos harto felices de tenerla a nuestro lado\u00bb.<br \/>\nRa\u00fal Ulloa: \u00abYo estoy orgulloso de mi hermana, quien se march\u00f3 desde hace tanto tiempo para hacer si vida all\u00e1 en New York, es tambi\u00e9n una alegr\u00eda enorme verla llegar a nosotros nuevamente\u00bb.<br \/>\nAntonio Ulloa: \u00abApenas puedo hablar de la emoci\u00f3n, nuestra hermana ha regresado y a todos nos emociona su llegada\u00bb.<br \/>\nEnrique Ulloa: \u00abAgradecemos la llegada de nuestra hermana, tambi\u00e9n todos los a\u00f1os que ella se sacrific\u00f3 para apoyarnos desde Estados Unidos durante tantos a\u00f1os\u00bb.<\/p>\n<p><strong>SIEMPRE CHILENA<\/strong><br \/>\nDo\u00f1a Mireya Ulloa, tambi\u00e9n tuvo palabras para Diario El Trabajo tras su llegada, \u00abyo jubil\u00e9 all\u00e1 hace pocos a\u00f1os, ten\u00eda 47 de vivir en un peque\u00f1o pueblito en las afueras de New York, aunque no trataba directamente con pacientes, labor\u00e9 en un hogar de ancianos todos estos a\u00f1os, siempre me sent\u00ed orgullosa de transmitir mi esencia chilena y de no perder mi identidad, estoy muy contenta de regresar a Santa Mar\u00eda, son parte de una familia honrada, digna y de la que me siento orgullosa\u00bb, coment\u00f3 Mireya.<br \/>\nTodos Quienes laboramos en Diario El Trabajo hoy tambi\u00e9n nos unimos a la alegr\u00eda de esta extensa familia aconcag\u00fcinas, para darle la m\u00e1s c\u00e1lida bienvenida a esta digna Hija de Aconcagua. Bienvenida do\u00f1a Mireya.<br \/>\n<strong>Roberto Gonz\u00e1lez Short<\/strong><\/p>\n<figure id=\"attachment_73578\" aria-describedby=\"caption-attachment-73578\" style=\"width: 300px\" class=\"wp-caption alignleft\"><a href=\"http:\/\/www.eltrabajo.cl\/portal\/siete-hermanos-debieron-esperar-47-anos-para-volverse-a-encontrar\/mireya-ulloa\/\" rel=\"attachment wp-att-73578\"><img data-recalc-dims=\"1\" loading=\"lazy\" decoding=\"async\" class=\"size-medium wp-image-73578\" src=\"https:\/\/i0.wp.com\/www.eltrabajo.cl\/portal\/wp-content\/uploads\/2016\/09\/mireya-ulloa-300x198.jpg?resize=300%2C198\" alt=\"Mireya Ulloa regres\u00f3 a Chile, a Santa Mar\u00eda y a su gente.\" width=\"300\" height=\"198\" srcset=\"https:\/\/i0.wp.com\/eltrabajo.cl\/portal\/wp-content\/uploads\/2016\/09\/mireya-ulloa.jpg?resize=300%2C198&amp;ssl=1 300w, https:\/\/i0.wp.com\/eltrabajo.cl\/portal\/wp-content\/uploads\/2016\/09\/mireya-ulloa.jpg?resize=200%2C132&amp;ssl=1 200w, https:\/\/i0.wp.com\/eltrabajo.cl\/portal\/wp-content\/uploads\/2016\/09\/mireya-ulloa.jpg?resize=228%2C150&amp;ssl=1 228w, https:\/\/i0.wp.com\/eltrabajo.cl\/portal\/wp-content\/uploads\/2016\/09\/mireya-ulloa.jpg?resize=400%2C263&amp;ssl=1 400w, https:\/\/i0.wp.com\/eltrabajo.cl\/portal\/wp-content\/uploads\/2016\/09\/mireya-ulloa.jpg?w=530&amp;ssl=1 530w\" sizes=\"auto, (max-width: 300px) 100vw, 300px\" \/><\/a><figcaption id=\"caption-attachment-73578\" class=\"wp-caption-text\">Mireya Ulloa regres\u00f3 a Chile, a Santa Mar\u00eda y a su gente.<\/figcaption><\/figure>\n<figure id=\"attachment_73579\" aria-describedby=\"caption-attachment-73579\" style=\"width: 530px\" class=\"wp-caption alignleft\"><a href=\"http:\/\/www.eltrabajo.cl\/portal\/siete-hermanos-debieron-esperar-47-anos-para-volverse-a-encontrar\/sobrinos28\/\" rel=\"attachment wp-att-73579\"><img data-recalc-dims=\"1\" loading=\"lazy\" decoding=\"async\" class=\"size-full wp-image-73579\" src=\"https:\/\/i0.wp.com\/www.eltrabajo.cl\/portal\/wp-content\/uploads\/2016\/09\/Sobrinos28.jpg?resize=530%2C350\" alt=\"LA NUEVA GENERACI\u00d3N.- Ellos son sobrinos de do\u00f1a Mireya, todos primos entre s\u00ed, quienes tambi\u00e9n acudieron al llamado del amor y de la sangre.\" width=\"530\" height=\"350\" srcset=\"https:\/\/i0.wp.com\/eltrabajo.cl\/portal\/wp-content\/uploads\/2016\/09\/Sobrinos28.jpg?w=530&amp;ssl=1 530w, https:\/\/i0.wp.com\/eltrabajo.cl\/portal\/wp-content\/uploads\/2016\/09\/Sobrinos28.jpg?resize=200%2C132&amp;ssl=1 200w, https:\/\/i0.wp.com\/eltrabajo.cl\/portal\/wp-content\/uploads\/2016\/09\/Sobrinos28.jpg?resize=300%2C198&amp;ssl=1 300w, https:\/\/i0.wp.com\/eltrabajo.cl\/portal\/wp-content\/uploads\/2016\/09\/Sobrinos28.jpg?resize=227%2C150&amp;ssl=1 227w, https:\/\/i0.wp.com\/eltrabajo.cl\/portal\/wp-content\/uploads\/2016\/09\/Sobrinos28.jpg?resize=400%2C264&amp;ssl=1 400w\" sizes=\"auto, (max-width: 530px) 100vw, 530px\" \/><\/a><figcaption id=\"caption-attachment-73579\" class=\"wp-caption-text\">LA NUEVA GENERACI\u00d3N.- Ellos son sobrinos de do\u00f1a Mireya, todos primos entre s\u00ed, quienes tambi\u00e9n acudieron al llamado del amor y de la sangre.<\/figcaption><\/figure>\n<figure id=\"attachment_73580\" aria-describedby=\"caption-attachment-73580\" style=\"width: 530px\" class=\"wp-caption alignleft\"><a href=\"http:\/\/www.eltrabajo.cl\/portal\/siete-hermanos-debieron-esperar-47-anos-para-volverse-a-encontrar\/grupal33-6\/\" rel=\"attachment wp-att-73580\"><img data-recalc-dims=\"1\" loading=\"lazy\" decoding=\"async\" class=\"size-full wp-image-73580\" src=\"https:\/\/i0.wp.com\/www.eltrabajo.cl\/portal\/wp-content\/uploads\/2016\/09\/Grupal33.jpg?resize=530%2C349\" alt=\"FAMILIA ULLOA.- Aqu\u00ed tenemos a la gran Familia Ulloa, peques y grandes unidos para celebrar el feliz regreso de la mujer que hace casi medio siglo se fue a Estados Unidos.\" width=\"530\" height=\"349\" srcset=\"https:\/\/i0.wp.com\/eltrabajo.cl\/portal\/wp-content\/uploads\/2016\/09\/Grupal33.jpg?w=530&amp;ssl=1 530w, https:\/\/i0.wp.com\/eltrabajo.cl\/portal\/wp-content\/uploads\/2016\/09\/Grupal33.jpg?resize=200%2C132&amp;ssl=1 200w, https:\/\/i0.wp.com\/eltrabajo.cl\/portal\/wp-content\/uploads\/2016\/09\/Grupal33.jpg?resize=300%2C198&amp;ssl=1 300w, https:\/\/i0.wp.com\/eltrabajo.cl\/portal\/wp-content\/uploads\/2016\/09\/Grupal33.jpg?resize=228%2C150&amp;ssl=1 228w, https:\/\/i0.wp.com\/eltrabajo.cl\/portal\/wp-content\/uploads\/2016\/09\/Grupal33.jpg?resize=400%2C263&amp;ssl=1 400w\" sizes=\"auto, (max-width: 530px) 100vw, 530px\" \/><\/a><figcaption id=\"caption-attachment-73580\" class=\"wp-caption-text\">FAMILIA ULLOA.- Aqu\u00ed tenemos a la gran Familia Ulloa, peques y grandes unidos para celebrar el feliz regreso de la mujer que hace casi medio siglo se fue a Estados Unidos.<\/figcaption><\/figure>\n<figure id=\"attachment_73581\" aria-describedby=\"caption-attachment-73581\" style=\"width: 530px\" class=\"wp-caption alignleft\"><a href=\"http:\/\/www.eltrabajo.cl\/portal\/siete-hermanos-debieron-esperar-47-anos-para-volverse-a-encontrar\/hermanos\/\" rel=\"attachment wp-att-73581\"><img data-recalc-dims=\"1\" loading=\"lazy\" decoding=\"async\" class=\"size-full wp-image-73581\" src=\"https:\/\/i0.wp.com\/www.eltrabajo.cl\/portal\/wp-content\/uploads\/2016\/09\/Hermanos.jpg?resize=530%2C349\" alt=\"SIEMPRE HERMANOS.- Aqu\u00ed tenemos a seis de los siete hermanos, s\u00f3lo falt\u00f3 Fernando Ulloa, quien est\u00e1 laborando en una mina.\" width=\"530\" height=\"349\" srcset=\"https:\/\/i0.wp.com\/eltrabajo.cl\/portal\/wp-content\/uploads\/2016\/09\/Hermanos.jpg?w=530&amp;ssl=1 530w, https:\/\/i0.wp.com\/eltrabajo.cl\/portal\/wp-content\/uploads\/2016\/09\/Hermanos.jpg?resize=200%2C132&amp;ssl=1 200w, https:\/\/i0.wp.com\/eltrabajo.cl\/portal\/wp-content\/uploads\/2016\/09\/Hermanos.jpg?resize=300%2C198&amp;ssl=1 300w, https:\/\/i0.wp.com\/eltrabajo.cl\/portal\/wp-content\/uploads\/2016\/09\/Hermanos.jpg?resize=228%2C150&amp;ssl=1 228w, https:\/\/i0.wp.com\/eltrabajo.cl\/portal\/wp-content\/uploads\/2016\/09\/Hermanos.jpg?resize=400%2C263&amp;ssl=1 400w\" sizes=\"auto, (max-width: 530px) 100vw, 530px\" \/><\/a><figcaption id=\"caption-attachment-73581\" class=\"wp-caption-text\">SIEMPRE HERMANOS.- Aqu\u00ed tenemos a seis de los siete hermanos, s\u00f3lo falt\u00f3 Fernando Ulloa, quien est\u00e1 laborando en una mina.<\/figcaption><\/figure>\n","protected":false},"excerpt":{"rendered":"<p>Mireya Ulloa decidi\u00f3 abandonar N.Y. para regresar a la tierra donde naci\u00f3: SANTA MAR\u00cdA.- Cuando ella ten\u00eda apenas 21 a\u00f1os y era una joven campesina nacida en Santa Mar\u00eda, decidi\u00f3 salir de&#8230;<\/p>\n","protected":false},"author":1,"featured_media":73580,"comment_status":"open","ping_status":"open","sticky":false,"template":"","format":"standard","meta":{"advanced_seo_description":"","jetpack_seo_html_title":"","jetpack_seo_noindex":false,"_jetpack_memberships_contains_paid_content":false,"footnotes":""},"categories":[15],"tags":[],"class_list":["post-73577","post","type-post","status-publish","format-standard","has-post-thumbnail","hentry","category-comunidad"],"jetpack_featured_media_url":"https:\/\/i0.wp.com\/eltrabajo.cl\/portal\/wp-content\/uploads\/2016\/09\/Grupal33.jpg?fit=530%2C349&ssl=1","jetpack_sharing_enabled":true,"jetpack_likes_enabled":true,"jetpack-related-posts":[],"_links":{"self":[{"href":"https:\/\/eltrabajo.cl\/portal\/wp-json\/wp\/v2\/posts\/73577","targetHints":{"allow":["GET"]}}],"collection":[{"href":"https:\/\/eltrabajo.cl\/portal\/wp-json\/wp\/v2\/posts"}],"about":[{"href":"https:\/\/eltrabajo.cl\/portal\/wp-json\/wp\/v2\/types\/post"}],"author":[{"embeddable":true,"href":"https:\/\/eltrabajo.cl\/portal\/wp-json\/wp\/v2\/users\/1"}],"replies":[{"embeddable":true,"href":"https:\/\/eltrabajo.cl\/portal\/wp-json\/wp\/v2\/comments?post=73577"}],"version-history":[{"count":0,"href":"https:\/\/eltrabajo.cl\/portal\/wp-json\/wp\/v2\/posts\/73577\/revisions"}],"wp:featuredmedia":[{"embeddable":true,"href":"https:\/\/eltrabajo.cl\/portal\/wp-json\/wp\/v2\/media\/73580"}],"wp:attachment":[{"href":"https:\/\/eltrabajo.cl\/portal\/wp-json\/wp\/v2\/media?parent=73577"}],"wp:term":[{"taxonomy":"category","embeddable":true,"href":"https:\/\/eltrabajo.cl\/portal\/wp-json\/wp\/v2\/categories?post=73577"},{"taxonomy":"post_tag","embeddable":true,"href":"https:\/\/eltrabajo.cl\/portal\/wp-json\/wp\/v2\/tags?post=73577"}],"curies":[{"name":"wp","href":"https:\/\/api.w.org\/{rel}","templated":true}]}}