{"id":73588,"date":"2016-09-08T08:36:56","date_gmt":"2016-09-08T11:36:56","guid":{"rendered":"http:\/\/www.eltrabajo.cl\/portal\/?p=73588"},"modified":"2016-09-08T08:36:56","modified_gmt":"2016-09-08T11:36:56","slug":"gimnasio-de-esc-industrial-sera-un-adelanto-para-el-deporte-de-la-comuna","status":"publish","type":"post","link":"https:\/\/eltrabajo.cl\/portal\/gimnasio-de-esc-industrial-sera-un-adelanto-para-el-deporte-de-la-comuna\/","title":{"rendered":"\u201cGimnasio de Esc. Industrial ser\u00e1 un adelanto para el deporte de la comuna\u201d"},"content":{"rendered":"<ul>\n<li><strong>Alcalde de San Felipe, Patricio Freire,\u00a0afirm\u00f3 que la obra est\u00e1 pensada en el sector poniente de la ciudad, mientras que el Secplac del municipio sanfelipe\u00f1o, Claudio Paredes, aclar\u00f3 que el proyecto se encuentra dentro de los plazos estipulados y que las observaciones t\u00e9cnicas realizadas apuntan a seguridad e infraestructura, \u00edtems que est\u00e1n sufriendo los ajustes necesarios.<\/strong><\/li>\n<\/ul>\n<p>Absoluta tranquilidad existe en la Municipalidad de San Felipe, respecto de la futura materializaci\u00f3n del proyecto de construcci\u00f3n del Gimnasio de la Escuela Industrial Guillermo Richards Cuevas, luego que ayer el Consejero Regional Rolando Stevenson, diera a conocer que el core, no habr\u00eda aprobado su financiamiento debido a la existencia de Observaciones T\u00e9cnicas (OT) en el dise\u00f1o de \u00e9ste.<br \/>\nSi bien, el secretario de Planificaci\u00f3n Comunal de la Municipalidad de San Felipe, secplac, Claudio Paredes, reconoci\u00f3 la existencia de estas OT, afirm\u00f3 que, desde un principio, el inicio de la obra estuvo programada para el pr\u00f3ximo a\u00f1o, por lo que, el proyecto se encuentra dentro de los plazos normales que tienen todos los trabajos presentados para el segundo semestre del 2016.<br \/>\n\u201cPensamos que ya antes de noviembre podremos contar con el RS (Resoluci\u00f3n Satisfactoria o Resuelvo Social), este es un proyecto presupuestado para el a\u00f1o 2017 por tanto, lo que el sr. Alcalde solicit\u00f3 a los Consejeros Regionales y al Intendente (Gabriel Aldoney), es que, una vez que cuente con el RS, pueda ser priorizada su inversi\u00f3n, debido a la importancia que tiene no solamente para la comunidad educativa del liceo, sino que para todas las familias y j\u00f3venes del sector poniente que carecen de espacios deportivos\u201d, detall\u00f3 el profesional.<\/p>\n<figure id=\"attachment_73589\" aria-describedby=\"caption-attachment-73589\" style=\"width: 300px\" class=\"wp-caption alignleft\"><a href=\"http:\/\/www.eltrabajo.cl\/portal\/gimnasio-de-esc-industrial-sera-un-adelanto-para-el-deporte-de-la-comuna\/patricio-freire-17\/\" rel=\"attachment wp-att-73589\"><img data-recalc-dims=\"1\" loading=\"lazy\" decoding=\"async\" class=\"size-medium wp-image-73589\" src=\"https:\/\/i0.wp.com\/www.eltrabajo.cl\/portal\/wp-content\/uploads\/2016\/09\/Patricio-Freire-300x197.jpg?resize=300%2C197\" alt=\"Alcalde de San Felipe, Patricio Freire Canto.\" width=\"300\" height=\"197\" srcset=\"https:\/\/i0.wp.com\/eltrabajo.cl\/portal\/wp-content\/uploads\/2016\/09\/Patricio-Freire.jpg?resize=300%2C197&amp;ssl=1 300w, https:\/\/i0.wp.com\/eltrabajo.cl\/portal\/wp-content\/uploads\/2016\/09\/Patricio-Freire.jpg?resize=200%2C131&amp;ssl=1 200w, https:\/\/i0.wp.com\/eltrabajo.cl\/portal\/wp-content\/uploads\/2016\/09\/Patricio-Freire.jpg?resize=228%2C150&amp;ssl=1 228w, https:\/\/i0.wp.com\/eltrabajo.cl\/portal\/wp-content\/uploads\/2016\/09\/Patricio-Freire.jpg?resize=400%2C263&amp;ssl=1 400w, https:\/\/i0.wp.com\/eltrabajo.cl\/portal\/wp-content\/uploads\/2016\/09\/Patricio-Freire.jpg?w=530&amp;ssl=1 530w\" sizes=\"auto, (max-width: 300px) 100vw, 300px\" \/><\/a><figcaption id=\"caption-attachment-73589\" class=\"wp-caption-text\">Alcalde de San Felipe, Patricio Freire Canto.<\/figcaption><\/figure>\n<p>Respecto de la eventual objeci\u00f3n que habr\u00eda sufrido el proyecto desde el core, en base al \u2018rendimiento social\u2019 de la obra, es decir, al real impacto que tendr\u00eda en el entorno; el alcalde de San Felipe, Patricio Freire, se encarg\u00f3 de aclarar que la obra est\u00e1 pensada no s\u00f3lo en quienes forman parte del establecimiento; pues existe una \u2018asociatividad\u2019 entre la comunidad escolar de este emblem\u00e1tico Liceo, con los vecinos del sector, para que la obra est\u00e9 a disposici\u00f3n de toda la poblaci\u00f3n.<br \/>\n\u201cEste es un proyecto muy anhelado, con una data de m\u00e1s de 40 a\u00f1os, nunca fue considerado por las administraciones anteriores, que nos demoremos unos meses m\u00e1s, para nosotros no viene al caso criticarlo. Creemos que vamos en buen camino, en alguno de los dise\u00f1os del proyecto falta informaci\u00f3n, la estamos entregando, estamos solucionando los temas y el sector Poniente de la Ciudad de San Felipe va a contar con un excelente Gimnasio, con todas las caracter\u00edsticas de un multideportivo y eso va a significar un gran adelanto para el deporte de toda la comuna de San Felipe\u201d, sentenci\u00f3 el edil.<br \/>\nEn cuanto a cu\u00e1les fueron las observaciones t\u00e9cnicas realizadas al proyecto, Claudio Paredes asegur\u00f3 que \u00e9stas tienen relaci\u00f3n con las normativas que establece el IND y el Ministerio de Desarrollo Social, en t\u00e9rminos de seguridad e infraestructura (grader\u00edas, material de superficie de la cancha, etc.), las cuales est\u00e1n siendo sometidas a los ajustes necesarios, por los encargados de dise\u00f1ar el Gimnasio.<br \/>\n\u201cEl dise\u00f1o de la construcci\u00f3n del Gimnasio, es un aporte de los padres y apoderados del Liceo, que ellos mismos han ido elaborando, el arquitecto que lo est\u00e1 realizando es un ex alumno, por lo tanto, el trabajo que se realiza est\u00e1 coordinado con el Director del Establecimiento y con el Centro de Padres\u201d, explic\u00f3 el Secplac.<br \/>\nDe acuerdo con lo se\u00f1alado por el profesional, la labor del municipio es asesorarlos t\u00e9cnicamente, elaborar los presupuestos respectivos y la metodolog\u00eda que va a fundamentar una iniciativa con un valor aproximado de 1.222 millones, que fue analizado por el IND (Instituto Nacional del Deporte) y que cuenta con todas las normativas que exige la autoridad.<\/p>\n","protected":false},"excerpt":{"rendered":"<p>Alcalde de San Felipe, Patricio Freire,\u00a0afirm\u00f3 que la obra est\u00e1 pensada en el sector poniente de la ciudad, mientras que el Secplac del municipio sanfelipe\u00f1o, Claudio Paredes, aclar\u00f3 que el proyecto se&#8230;<\/p>\n","protected":false},"author":1,"featured_media":73589,"comment_status":"open","ping_status":"open","sticky":false,"template":"","format":"standard","meta":{"advanced_seo_description":"","jetpack_seo_html_title":"","jetpack_seo_noindex":false,"_jetpack_memberships_contains_paid_content":false,"footnotes":""},"categories":[1],"tags":[],"class_list":["post-73588","post","type-post","status-publish","format-standard","has-post-thumbnail","hentry","category-cronica"],"jetpack_featured_media_url":"https:\/\/i0.wp.com\/eltrabajo.cl\/portal\/wp-content\/uploads\/2016\/09\/Patricio-Freire.jpg?fit=530%2C348&ssl=1","jetpack_sharing_enabled":true,"jetpack_likes_enabled":true,"jetpack-related-posts":[],"_links":{"self":[{"href":"https:\/\/eltrabajo.cl\/portal\/wp-json\/wp\/v2\/posts\/73588","targetHints":{"allow":["GET"]}}],"collection":[{"href":"https:\/\/eltrabajo.cl\/portal\/wp-json\/wp\/v2\/posts"}],"about":[{"href":"https:\/\/eltrabajo.cl\/portal\/wp-json\/wp\/v2\/types\/post"}],"author":[{"embeddable":true,"href":"https:\/\/eltrabajo.cl\/portal\/wp-json\/wp\/v2\/users\/1"}],"replies":[{"embeddable":true,"href":"https:\/\/eltrabajo.cl\/portal\/wp-json\/wp\/v2\/comments?post=73588"}],"version-history":[{"count":0,"href":"https:\/\/eltrabajo.cl\/portal\/wp-json\/wp\/v2\/posts\/73588\/revisions"}],"wp:featuredmedia":[{"embeddable":true,"href":"https:\/\/eltrabajo.cl\/portal\/wp-json\/wp\/v2\/media\/73589"}],"wp:attachment":[{"href":"https:\/\/eltrabajo.cl\/portal\/wp-json\/wp\/v2\/media?parent=73588"}],"wp:term":[{"taxonomy":"category","embeddable":true,"href":"https:\/\/eltrabajo.cl\/portal\/wp-json\/wp\/v2\/categories?post=73588"},{"taxonomy":"post_tag","embeddable":true,"href":"https:\/\/eltrabajo.cl\/portal\/wp-json\/wp\/v2\/tags?post=73588"}],"curies":[{"name":"wp","href":"https:\/\/api.w.org\/{rel}","templated":true}]}}