{"id":73592,"date":"2016-09-08T08:39:17","date_gmt":"2016-09-08T11:39:17","guid":{"rendered":"http:\/\/www.eltrabajo.cl\/portal\/?p=73592"},"modified":"2016-09-08T08:39:17","modified_gmt":"2016-09-08T11:39:17","slug":"distinguen-a-docentes-colegiados-que-se-acogieron-a-retiro-voluntario","status":"publish","type":"post","link":"https:\/\/eltrabajo.cl\/portal\/distinguen-a-docentes-colegiados-que-se-acogieron-a-retiro-voluntario\/","title":{"rendered":"Distinguen a docentes colegiados que se acogieron a retiro voluntario"},"content":{"rendered":"<ul>\n<li><strong>Colegio de Profesores de San Felipe:<\/strong><\/li>\n<\/ul>\n<p>En una actividad solemne realizada este martes en el Colegio de Profesores de San Felipe, se llev\u00f3 a efecto la distinci\u00f3n a los docentes colegiados, despu\u00e9s que se acogieran al retiro voluntario propuesto mediante la Ley por la reforma educacional de nuestro pa\u00eds.<br \/>\nCabe se\u00f1alar, que a la actividad desarrollada en la sede gremial de la orden, asistieron como invitados el alcalde Patricio Freire, los concejales Ricardo Covarrubias y Jeannette Sotomayor, adem\u00e1s del director del Daem San Felipe, Iv\u00e1n Silva.<br \/>\nEn esta ocasi\u00f3n, fueron distinguidos los profesores V\u00edctor Andrade Ongaro, Mar\u00eda Ang\u00e9lica C\u00f3rdova, Juan Gallardo Navarro, Ernestina Inostroza Morales, Isabel L\u00f3pez Rodr\u00edguez, Mar\u00eda Morales L\u00f3pez, Viviana Navarrete Vera, Noel Ram\u00edrez Flores, Eduardo Saavedra Estay, Modesto Saavedra Arancibia, M\u00f3nica Tapia Olmos, Elsa Vega Mu\u00f1oz y Delia Vergara Zamora.<br \/>\nEn el acto hizo uso de la palabra la presidenta del Colegio de Profesores de San Felipe, Sonia Fern\u00e1ndez, quien destac\u00f3 las trayectorias de los docentes que pasaron a retiro, quienes recibieron de parte del directorio un galvano como reconocimiento por su labor en el campo educacional.<br \/>\nAsimismo, la dirigente destac\u00f3 la presencia del alcalde Patricio Freire, lo que calific\u00f3 como una autoridad comprometida con la educaci\u00f3n de la ciudad de San Felipe, tanto en el mundo urbano como rural, como tambi\u00e9n su compromiso de haber pagado el bono SAE al profesorado sanfelipe\u00f1o.<br \/>\nPor su parte, el alcalde Patricio Freire tambi\u00e9n hizo uso de la palabra a los presentes, donde destac\u00f3 la buena relaci\u00f3n con el gremio, adem\u00e1s de reconocer su compromiso con el profesorado sanfelipe\u00f1o a trav\u00e9s de las planificaciones educativas como tambi\u00e9n contractuales que posee el municipio con el mundo de los docentes.<br \/>\nDicha actividad, vino a complementar a las anteriores realizadas por parte del Daem San Felipe, que junto a la Escuela Jos\u00e9 de San Mart\u00edn, destacaron a todos los docentes que fueron incorporados a la ley de retiro voluntario acogidos en julio pasado.<\/p>\n<figure id=\"attachment_73593\" aria-describedby=\"caption-attachment-73593\" style=\"width: 530px\" class=\"wp-caption alignleft\"><a href=\"http:\/\/www.eltrabajo.cl\/portal\/distinguen-a-docentes-colegiados-que-se-acogieron-a-retiro-voluntario\/docentes-distinguidos-junto-a-directivos-y-autoridades-jpg\/\" rel=\"attachment wp-att-73593\"><img data-recalc-dims=\"1\" loading=\"lazy\" decoding=\"async\" class=\"size-full wp-image-73593\" src=\"https:\/\/i0.wp.com\/www.eltrabajo.cl\/portal\/wp-content\/uploads\/2016\/09\/Docentes-distinguidos-junto-a-directivos-y-autoridades.jpg.jpg?resize=530%2C349\" alt=\"En una actividad solemne, el Colegio de Profesores de San Felipe, se llev\u00f3 a efecto la distinci\u00f3n de los docentes colegiados,  despu\u00e9s que se acogieran al retiro voluntario.\" width=\"530\" height=\"349\" srcset=\"https:\/\/i0.wp.com\/eltrabajo.cl\/portal\/wp-content\/uploads\/2016\/09\/Docentes-distinguidos-junto-a-directivos-y-autoridades.jpg.jpg?w=530&amp;ssl=1 530w, https:\/\/i0.wp.com\/eltrabajo.cl\/portal\/wp-content\/uploads\/2016\/09\/Docentes-distinguidos-junto-a-directivos-y-autoridades.jpg.jpg?resize=200%2C132&amp;ssl=1 200w, https:\/\/i0.wp.com\/eltrabajo.cl\/portal\/wp-content\/uploads\/2016\/09\/Docentes-distinguidos-junto-a-directivos-y-autoridades.jpg.jpg?resize=300%2C198&amp;ssl=1 300w, https:\/\/i0.wp.com\/eltrabajo.cl\/portal\/wp-content\/uploads\/2016\/09\/Docentes-distinguidos-junto-a-directivos-y-autoridades.jpg.jpg?resize=228%2C150&amp;ssl=1 228w, https:\/\/i0.wp.com\/eltrabajo.cl\/portal\/wp-content\/uploads\/2016\/09\/Docentes-distinguidos-junto-a-directivos-y-autoridades.jpg.jpg?resize=400%2C263&amp;ssl=1 400w\" sizes=\"auto, (max-width: 530px) 100vw, 530px\" \/><\/a><figcaption id=\"caption-attachment-73593\" class=\"wp-caption-text\">En una actividad solemne, el Colegio de Profesores de San Felipe, se llev\u00f3 a efecto la distinci\u00f3n de los docentes colegiados, despu\u00e9s que se acogieran al retiro voluntario.<\/figcaption><\/figure>\n","protected":false},"excerpt":{"rendered":"<p>Colegio de Profesores de San Felipe: En una actividad solemne realizada este martes en el Colegio de Profesores de San Felipe, se llev\u00f3 a efecto la distinci\u00f3n a los docentes colegiados, despu\u00e9s&#8230;<\/p>\n","protected":false},"author":1,"featured_media":73593,"comment_status":"open","ping_status":"open","sticky":false,"template":"","format":"standard","meta":{"advanced_seo_description":"","jetpack_seo_html_title":"","jetpack_seo_noindex":false,"_jetpack_memberships_contains_paid_content":false,"footnotes":""},"categories":[1],"tags":[],"class_list":["post-73592","post","type-post","status-publish","format-standard","has-post-thumbnail","hentry","category-cronica"],"jetpack_featured_media_url":"https:\/\/i0.wp.com\/eltrabajo.cl\/portal\/wp-content\/uploads\/2016\/09\/Docentes-distinguidos-junto-a-directivos-y-autoridades.jpg.jpg?fit=530%2C349&ssl=1","jetpack_sharing_enabled":true,"jetpack_likes_enabled":true,"jetpack-related-posts":[],"_links":{"self":[{"href":"https:\/\/eltrabajo.cl\/portal\/wp-json\/wp\/v2\/posts\/73592","targetHints":{"allow":["GET"]}}],"collection":[{"href":"https:\/\/eltrabajo.cl\/portal\/wp-json\/wp\/v2\/posts"}],"about":[{"href":"https:\/\/eltrabajo.cl\/portal\/wp-json\/wp\/v2\/types\/post"}],"author":[{"embeddable":true,"href":"https:\/\/eltrabajo.cl\/portal\/wp-json\/wp\/v2\/users\/1"}],"replies":[{"embeddable":true,"href":"https:\/\/eltrabajo.cl\/portal\/wp-json\/wp\/v2\/comments?post=73592"}],"version-history":[{"count":0,"href":"https:\/\/eltrabajo.cl\/portal\/wp-json\/wp\/v2\/posts\/73592\/revisions"}],"wp:featuredmedia":[{"embeddable":true,"href":"https:\/\/eltrabajo.cl\/portal\/wp-json\/wp\/v2\/media\/73593"}],"wp:attachment":[{"href":"https:\/\/eltrabajo.cl\/portal\/wp-json\/wp\/v2\/media?parent=73592"}],"wp:term":[{"taxonomy":"category","embeddable":true,"href":"https:\/\/eltrabajo.cl\/portal\/wp-json\/wp\/v2\/categories?post=73592"},{"taxonomy":"post_tag","embeddable":true,"href":"https:\/\/eltrabajo.cl\/portal\/wp-json\/wp\/v2\/tags?post=73592"}],"curies":[{"name":"wp","href":"https:\/\/api.w.org\/{rel}","templated":true}]}}