{"id":73596,"date":"2016-09-08T08:41:32","date_gmt":"2016-09-08T11:41:32","guid":{"rendered":"http:\/\/www.eltrabajo.cl\/portal\/?p=73596"},"modified":"2016-09-08T08:41:32","modified_gmt":"2016-09-08T11:41:32","slug":"carabineros-inicio-esta-semana-la-campana-18-seguro-en-nuestra-comuna","status":"publish","type":"post","link":"https:\/\/eltrabajo.cl\/portal\/carabineros-inicio-esta-semana-la-campana-18-seguro-en-nuestra-comuna\/","title":{"rendered":"Carabineros inici\u00f3 esta semana la campa\u00f1a 18 Seguro en nuestra comuna"},"content":{"rendered":"<ul>\n<li><strong>Oficina de Integraci\u00f3n Comunitaria desarrolla operativos preventivos:<\/strong><\/li>\n<\/ul>\n<p>Esta semana dio inicio la campa\u00f1a \u201818 Seguro\u2019, jornadas especiales en las que Carabineros desarrolla met\u00f3dicamente un trabajo de informaci\u00f3n, promoci\u00f3n, concientizaci\u00f3n y prevenci\u00f3n de todo tipo de accidentes y abusos durante las fiestas patrias en nuestra comuna.<\/p>\n<figure id=\"attachment_73598\" aria-describedby=\"caption-attachment-73598\" style=\"width: 300px\" class=\"wp-caption alignleft\"><a href=\"http:\/\/www.eltrabajo.cl\/portal\/carabineros-inicio-esta-semana-la-campana-18-seguro-en-nuestra-comuna\/hector-soto\/\" rel=\"attachment wp-att-73598\"><img data-recalc-dims=\"1\" loading=\"lazy\" decoding=\"async\" class=\"size-medium wp-image-73598\" src=\"https:\/\/i0.wp.com\/www.eltrabajo.cl\/portal\/wp-content\/uploads\/2016\/09\/Hector-Soto-300x197.jpg?resize=300%2C197\" alt=\"Comisario de la 2\u00aa Comisar\u00eda de San Felipe, Mayor H\u00e9ctor Soto Moeller.\" width=\"300\" height=\"197\" srcset=\"https:\/\/i0.wp.com\/eltrabajo.cl\/portal\/wp-content\/uploads\/2016\/09\/Hector-Soto.jpg?resize=300%2C197&amp;ssl=1 300w, https:\/\/i0.wp.com\/eltrabajo.cl\/portal\/wp-content\/uploads\/2016\/09\/Hector-Soto.jpg?resize=200%2C131&amp;ssl=1 200w, https:\/\/i0.wp.com\/eltrabajo.cl\/portal\/wp-content\/uploads\/2016\/09\/Hector-Soto.jpg?resize=228%2C150&amp;ssl=1 228w, https:\/\/i0.wp.com\/eltrabajo.cl\/portal\/wp-content\/uploads\/2016\/09\/Hector-Soto.jpg?resize=400%2C263&amp;ssl=1 400w, https:\/\/i0.wp.com\/eltrabajo.cl\/portal\/wp-content\/uploads\/2016\/09\/Hector-Soto.jpg?w=530&amp;ssl=1 530w\" sizes=\"auto, (max-width: 300px) 100vw, 300px\" \/><\/a><figcaption id=\"caption-attachment-73598\" class=\"wp-caption-text\">Comisario de la 2\u00aa Comisar\u00eda de San Felipe, Mayor H\u00e9ctor Soto Moeller.<\/figcaption><\/figure>\n<p>\u00abEsta campa\u00f1a es liderada por nuestra Oficina de Integraci\u00f3n Comunitaria, con la finalidad de evitar accidentes en carretera, es por ello que carabineros te recomienda seguir estos simples consejos si se usa volantines en el campo: encumbrar en lugares libres de tendidos el\u00e9ctricos; evitar que tu volant\u00edn contenga papel aluminio o met\u00e1lico; evitar usar hilos de nylon y met\u00e1licos; nunca usar hilo \u2018curado\u2019 (hilo con mezcla de vidrio y pegamento), ya que puede causar graves da\u00f1os a tu salud, as\u00ed como evitar subir a postes, torres o subestaciones para rescatar volantines\u00bb, explic\u00f3 a Diario El Trabajo el comisario de la 2\u00aa Comisar\u00eda de San Felipe, Mayor H\u00e9ctor Soto Moeller.<br \/>\n\u00abSi vas a salir de tu casa, pide a un vecino o pariente que recoja el diario correspondencia; intercambia con vecinos los n\u00fameros de tel\u00e9fono en caso de emergencia; revisa que puertas y ventanas est\u00e9n bien cerradas con seguro; mant\u00e9n a mano el N\u00ba telef\u00f3nico del delegado del cuadrante de tu domicilio; si viajas no entregues informaci\u00f3n a extra\u00f1os\u00bb, agreg\u00f3 Soto.<br \/>\n<strong>Roberto Gonz\u00e1lez Short<\/strong><\/p>\n<figure id=\"attachment_73597\" aria-describedby=\"caption-attachment-73597\" style=\"width: 530px\" class=\"wp-caption alignleft\"><a href=\"http:\/\/www.eltrabajo.cl\/portal\/carabineros-inicio-esta-semana-la-campana-18-seguro-en-nuestra-comuna\/fiestas1-5\/\" rel=\"attachment wp-att-73597\"><img data-recalc-dims=\"1\" loading=\"lazy\" decoding=\"async\" class=\"size-full wp-image-73597\" src=\"https:\/\/i0.wp.com\/www.eltrabajo.cl\/portal\/wp-content\/uploads\/2016\/09\/Fiestas1.jpg?resize=530%2C350\" alt=\"TODOS EN ALERTA.- Esta semana dio inicio la campa\u00f1a \u201818 Seguro\u2019, jornadas especiales en las que Carabineros desarrolla met\u00f3dicamente un trabajo de informaci\u00f3n, promoci\u00f3n, concientizaci\u00f3n y prevenci\u00f3n de todo tipo de accidentes y abusos durante las fiestas patrias en nuestra comuna.\" width=\"530\" height=\"350\" srcset=\"https:\/\/i0.wp.com\/eltrabajo.cl\/portal\/wp-content\/uploads\/2016\/09\/Fiestas1.jpg?w=530&amp;ssl=1 530w, https:\/\/i0.wp.com\/eltrabajo.cl\/portal\/wp-content\/uploads\/2016\/09\/Fiestas1.jpg?resize=200%2C132&amp;ssl=1 200w, https:\/\/i0.wp.com\/eltrabajo.cl\/portal\/wp-content\/uploads\/2016\/09\/Fiestas1.jpg?resize=300%2C198&amp;ssl=1 300w, https:\/\/i0.wp.com\/eltrabajo.cl\/portal\/wp-content\/uploads\/2016\/09\/Fiestas1.jpg?resize=227%2C150&amp;ssl=1 227w, https:\/\/i0.wp.com\/eltrabajo.cl\/portal\/wp-content\/uploads\/2016\/09\/Fiestas1.jpg?resize=400%2C264&amp;ssl=1 400w\" sizes=\"auto, (max-width: 530px) 100vw, 530px\" \/><\/a><figcaption id=\"caption-attachment-73597\" class=\"wp-caption-text\">TODOS EN ALERTA.- Esta semana dio inicio la campa\u00f1a \u201818 Seguro\u2019, jornadas especiales en las que Carabineros desarrolla met\u00f3dicamente un trabajo de informaci\u00f3n, promoci\u00f3n, concientizaci\u00f3n y prevenci\u00f3n de todo tipo de accidentes y abusos durante las fiestas patrias en nuestra comuna.<\/figcaption><\/figure>\n","protected":false},"excerpt":{"rendered":"<p>Oficina de Integraci\u00f3n Comunitaria desarrolla operativos preventivos: Esta semana dio inicio la campa\u00f1a \u201818 Seguro\u2019, jornadas especiales en las que Carabineros desarrolla met\u00f3dicamente un trabajo de informaci\u00f3n, promoci\u00f3n, concientizaci\u00f3n y prevenci\u00f3n de&#8230;<\/p>\n","protected":false},"author":1,"featured_media":73597,"comment_status":"open","ping_status":"open","sticky":false,"template":"","format":"standard","meta":{"advanced_seo_description":"","jetpack_seo_html_title":"","jetpack_seo_noindex":false,"_jetpack_memberships_contains_paid_content":false,"footnotes":""},"categories":[1],"tags":[],"class_list":["post-73596","post","type-post","status-publish","format-standard","has-post-thumbnail","hentry","category-cronica"],"jetpack_featured_media_url":"https:\/\/i0.wp.com\/eltrabajo.cl\/portal\/wp-content\/uploads\/2016\/09\/Fiestas1.jpg?fit=530%2C350&ssl=1","jetpack_sharing_enabled":true,"jetpack_likes_enabled":true,"jetpack-related-posts":[],"_links":{"self":[{"href":"https:\/\/eltrabajo.cl\/portal\/wp-json\/wp\/v2\/posts\/73596","targetHints":{"allow":["GET"]}}],"collection":[{"href":"https:\/\/eltrabajo.cl\/portal\/wp-json\/wp\/v2\/posts"}],"about":[{"href":"https:\/\/eltrabajo.cl\/portal\/wp-json\/wp\/v2\/types\/post"}],"author":[{"embeddable":true,"href":"https:\/\/eltrabajo.cl\/portal\/wp-json\/wp\/v2\/users\/1"}],"replies":[{"embeddable":true,"href":"https:\/\/eltrabajo.cl\/portal\/wp-json\/wp\/v2\/comments?post=73596"}],"version-history":[{"count":0,"href":"https:\/\/eltrabajo.cl\/portal\/wp-json\/wp\/v2\/posts\/73596\/revisions"}],"wp:featuredmedia":[{"embeddable":true,"href":"https:\/\/eltrabajo.cl\/portal\/wp-json\/wp\/v2\/media\/73597"}],"wp:attachment":[{"href":"https:\/\/eltrabajo.cl\/portal\/wp-json\/wp\/v2\/media?parent=73596"}],"wp:term":[{"taxonomy":"category","embeddable":true,"href":"https:\/\/eltrabajo.cl\/portal\/wp-json\/wp\/v2\/categories?post=73596"},{"taxonomy":"post_tag","embeddable":true,"href":"https:\/\/eltrabajo.cl\/portal\/wp-json\/wp\/v2\/tags?post=73596"}],"curies":[{"name":"wp","href":"https:\/\/api.w.org\/{rel}","templated":true}]}}