{"id":73601,"date":"2016-09-08T08:43:20","date_gmt":"2016-09-08T11:43:20","guid":{"rendered":"http:\/\/www.eltrabajo.cl\/portal\/?p=73601"},"modified":"2016-09-08T08:43:20","modified_gmt":"2016-09-08T11:43:20","slug":"cueca-desfiles-y-banderas-en-el-252o-aniversario-de-sector-el-asiento","status":"publish","type":"post","link":"https:\/\/eltrabajo.cl\/portal\/cueca-desfiles-y-banderas-en-el-252o-aniversario-de-sector-el-asiento\/","title":{"rendered":"Cueca, desfiles y banderas en el 252\u00ba Aniversario de sector El Asiento"},"content":{"rendered":"<p>Todo un festival comunitario de alegres momentos, fue la celebraci\u00f3n del 252\u00ba Aniversario de Poblaci\u00f3n El Asiento, pues todos los vecinos salieron a las calles para vivirlo con alegr\u00eda.<br \/>\nEl presidente de la Junta Vecinal N\u00ba38, Luis Ortiz Veloso, coment\u00f3 a Diario El Trabajo que \u00abestuvieron comitivas de escuelas de El Asiento, Bellavista y Poblaci\u00f3n 21 de Mayo, habr\u00e1 motoqueros; la Escuela Raz\u00f3n del Dirigente; Club Adulto Mayor de El Asiento; Chi Kung de San Felipe con el profesor Robinson Pradenas y sus socios; el Club de Huasos de El Asiento y el alcalde Patricio Freire, concejales y dem\u00e1s autoridades invitadas\u00bb, dijo Ortiz.<br \/>\nEsta comunidad est\u00e1 conformada por unas 400 familias y en el sector viven al menos unas 1.200 personas. El Asiento es un pueblito congelado en el tiempo, en donde valientes agricultores, estudiantes, mineros, maestros, artesanos y madres de honrados hijos, han encontrado abrigo en estos casi dos siglos y medio.<br \/>\nLos ni\u00f1os de la Escuela Jos\u00e9 Bernardo Su\u00e1rez tambi\u00e9n como anfitriones, desfilaron por las calles de su poblaci\u00f3n.<br \/>\n\u00abNuestro pueblo se fund\u00f3 el martes 18 de septiembre de 1764, ese d\u00eda se reuni\u00f3 un grupo de comuneros se animaron a comprar este sector, que en aquel entonces se llamaba \u2018Quebrada El Asiento\u2019, nosotros celebramos nuestro aniversario cada segundo s\u00e1bado de septiembre, esto est\u00e1 rigiendo a partir del a\u00f1o pasado, por eso es que el s\u00e1bado 3 de septiembre realizamos nuestro 252\u00ba Aniversario\u00bb, dijo el dirigente.<br \/>\n<strong>Roberto Gonz\u00e1lez Short<\/strong><\/p>\n<figure id=\"attachment_73602\" aria-describedby=\"caption-attachment-73602\" style=\"width: 530px\" class=\"wp-caption alignleft\"><a href=\"http:\/\/www.eltrabajo.cl\/portal\/cueca-desfiles-y-banderas-en-el-252o-aniversario-de-sector-el-asiento\/asiento1-14\/\" rel=\"attachment wp-att-73602\"><img data-recalc-dims=\"1\" loading=\"lazy\" decoding=\"async\" class=\"size-full wp-image-73602\" src=\"https:\/\/i0.wp.com\/www.eltrabajo.cl\/portal\/wp-content\/uploads\/2016\/09\/Asiento1.jpg?resize=530%2C349\" alt=\"MUY GUAPOS.- Los ni\u00f1os de la Escuela Jos\u00e9 Bernardo Su\u00e1rez tambi\u00e9n como anfitriones, desfilaron por las calles de su poblaci\u00f3n.\" width=\"530\" height=\"349\" srcset=\"https:\/\/i0.wp.com\/eltrabajo.cl\/portal\/wp-content\/uploads\/2016\/09\/Asiento1.jpg?w=530&amp;ssl=1 530w, https:\/\/i0.wp.com\/eltrabajo.cl\/portal\/wp-content\/uploads\/2016\/09\/Asiento1.jpg?resize=200%2C132&amp;ssl=1 200w, https:\/\/i0.wp.com\/eltrabajo.cl\/portal\/wp-content\/uploads\/2016\/09\/Asiento1.jpg?resize=300%2C198&amp;ssl=1 300w, https:\/\/i0.wp.com\/eltrabajo.cl\/portal\/wp-content\/uploads\/2016\/09\/Asiento1.jpg?resize=228%2C150&amp;ssl=1 228w, https:\/\/i0.wp.com\/eltrabajo.cl\/portal\/wp-content\/uploads\/2016\/09\/Asiento1.jpg?resize=400%2C263&amp;ssl=1 400w\" sizes=\"auto, (max-width: 530px) 100vw, 530px\" \/><\/a><figcaption id=\"caption-attachment-73602\" class=\"wp-caption-text\">MUY GUAPOS.- Los ni\u00f1os de la Escuela Jos\u00e9 Bernardo Su\u00e1rez tambi\u00e9n como anfitriones, desfilaron por las calles de su poblaci\u00f3n.<\/figcaption><\/figure>\n<figure id=\"attachment_73603\" aria-describedby=\"caption-attachment-73603\" style=\"width: 530px\" class=\"wp-caption alignleft\"><a href=\"http:\/\/www.eltrabajo.cl\/portal\/cueca-desfiles-y-banderas-en-el-252o-aniversario-de-sector-el-asiento\/asiento2-5\/\" rel=\"attachment wp-att-73603\"><img data-recalc-dims=\"1\" loading=\"lazy\" decoding=\"async\" class=\"size-full wp-image-73603\" src=\"https:\/\/i0.wp.com\/www.eltrabajo.cl\/portal\/wp-content\/uploads\/2016\/09\/Asiento2.jpg?resize=530%2C350\" alt=\"SIEMPRE PROTECTORAS.- Las profesoras tambi\u00e9n se engalanaron durante la actividad al lado de sus estudiantes.\" width=\"530\" height=\"350\" srcset=\"https:\/\/i0.wp.com\/eltrabajo.cl\/portal\/wp-content\/uploads\/2016\/09\/Asiento2.jpg?w=530&amp;ssl=1 530w, https:\/\/i0.wp.com\/eltrabajo.cl\/portal\/wp-content\/uploads\/2016\/09\/Asiento2.jpg?resize=200%2C132&amp;ssl=1 200w, https:\/\/i0.wp.com\/eltrabajo.cl\/portal\/wp-content\/uploads\/2016\/09\/Asiento2.jpg?resize=300%2C198&amp;ssl=1 300w, https:\/\/i0.wp.com\/eltrabajo.cl\/portal\/wp-content\/uploads\/2016\/09\/Asiento2.jpg?resize=227%2C150&amp;ssl=1 227w, https:\/\/i0.wp.com\/eltrabajo.cl\/portal\/wp-content\/uploads\/2016\/09\/Asiento2.jpg?resize=400%2C264&amp;ssl=1 400w\" sizes=\"auto, (max-width: 530px) 100vw, 530px\" \/><\/a><figcaption id=\"caption-attachment-73603\" class=\"wp-caption-text\">SIEMPRE PROTECTORAS.- Las profesoras tambi\u00e9n se engalanaron durante la actividad al lado de sus estudiantes.<\/figcaption><\/figure>\n","protected":false},"excerpt":{"rendered":"<p>Todo un festival comunitario de alegres momentos, fue la celebraci\u00f3n del 252\u00ba Aniversario de Poblaci\u00f3n El Asiento, pues todos los vecinos salieron a las calles para vivirlo con alegr\u00eda. El presidente de&#8230;<\/p>\n","protected":false},"author":1,"featured_media":73602,"comment_status":"open","ping_status":"open","sticky":false,"template":"","format":"standard","meta":{"advanced_seo_description":"","jetpack_seo_html_title":"","jetpack_seo_noindex":false,"_jetpack_memberships_contains_paid_content":false,"footnotes":""},"categories":[15],"tags":[],"class_list":["post-73601","post","type-post","status-publish","format-standard","has-post-thumbnail","hentry","category-comunidad"],"jetpack_featured_media_url":"https:\/\/i0.wp.com\/eltrabajo.cl\/portal\/wp-content\/uploads\/2016\/09\/Asiento1.jpg?fit=530%2C349&ssl=1","jetpack_sharing_enabled":true,"jetpack_likes_enabled":true,"jetpack-related-posts":[],"_links":{"self":[{"href":"https:\/\/eltrabajo.cl\/portal\/wp-json\/wp\/v2\/posts\/73601","targetHints":{"allow":["GET"]}}],"collection":[{"href":"https:\/\/eltrabajo.cl\/portal\/wp-json\/wp\/v2\/posts"}],"about":[{"href":"https:\/\/eltrabajo.cl\/portal\/wp-json\/wp\/v2\/types\/post"}],"author":[{"embeddable":true,"href":"https:\/\/eltrabajo.cl\/portal\/wp-json\/wp\/v2\/users\/1"}],"replies":[{"embeddable":true,"href":"https:\/\/eltrabajo.cl\/portal\/wp-json\/wp\/v2\/comments?post=73601"}],"version-history":[{"count":0,"href":"https:\/\/eltrabajo.cl\/portal\/wp-json\/wp\/v2\/posts\/73601\/revisions"}],"wp:featuredmedia":[{"embeddable":true,"href":"https:\/\/eltrabajo.cl\/portal\/wp-json\/wp\/v2\/media\/73602"}],"wp:attachment":[{"href":"https:\/\/eltrabajo.cl\/portal\/wp-json\/wp\/v2\/media?parent=73601"}],"wp:term":[{"taxonomy":"category","embeddable":true,"href":"https:\/\/eltrabajo.cl\/portal\/wp-json\/wp\/v2\/categories?post=73601"},{"taxonomy":"post_tag","embeddable":true,"href":"https:\/\/eltrabajo.cl\/portal\/wp-json\/wp\/v2\/tags?post=73601"}],"curies":[{"name":"wp","href":"https:\/\/api.w.org\/{rel}","templated":true}]}}