{"id":73616,"date":"2016-09-08T08:55:49","date_gmt":"2016-09-08T11:55:49","guid":{"rendered":"http:\/\/www.eltrabajo.cl\/portal\/?p=73616"},"modified":"2016-09-08T08:55:50","modified_gmt":"2016-09-08T11:55:50","slug":"voleibol-u14-del-colegio-cordillera-clasifica-al-nacional-de-osorno","status":"publish","type":"post","link":"https:\/\/eltrabajo.cl\/portal\/voleibol-u14-del-colegio-cordillera-clasifica-al-nacional-de-osorno\/","title":{"rendered":"Voleibol U14 del Colegio Cordillera clasifica al Nacional de Osorno"},"content":{"rendered":"<ul>\n<li><strong>Gabriela Badilla la Mejor de Chile en su categor\u00eda:<\/strong><\/li>\n<\/ul>\n<p>Seguimos con reportajes de triunfadores y entusiastas deportistas de nuestra comuna, hoy en Diario El Trabajo estamos tambi\u00e9n celebrando la tremenda actuaci\u00f3n que la selecci\u00f3n escolar de voleibol del Liceo Cordillera de San Felipe, pues sus ganas de triunfar las llevaron a recorrer desde marzo, todo un ajustad\u00edsimo campeonato en el marco de los Juegos Deportivos Escolares 2016, de los que su final se jug\u00f3 recientemente en la que estas diez ni\u00f1as U14 ganaron el Regional, quedando as\u00ed clasificadas al Nacional que se jugar\u00e1 del 22 al 27 de septiembre en Osorno.<\/p>\n<p><strong>NI\u00d1AS IMPARABLES<\/strong><br \/>\n\u00abHa sido un proceso de tres a\u00f1os y medio, desde que me incorpor\u00e9 a este liceo hemos logrado grandes resultados con estas ni\u00f1as, las que siempre entrenan duro y ganan confianza en cada partido que juegan, ganen o pierdan ellas est\u00e1n siempre muy motivadas, as\u00ed estuvieron durante el Comunal, Provincial y Regional, ellas van a todas y de seguro que en Osorno nos ir\u00e1 bien\u00bb, coment\u00f3 motivado el entrenador y profesor de educaci\u00f3n f\u00edsica del Cordillera, Eduardo Ch\u00e1vez.<br \/>\nSeg\u00fan explic\u00f3 este profesor y entrenador, si las chicas ganaran el Nacional de Voleibol estar\u00edan ya instaladas en el Suramericano que se jugar\u00e1 este a\u00f1o en Colombia.<\/p>\n<p><strong>LA MEJOR DE CHILE<\/strong><br \/>\nPero si nuestros lectores creen que s\u00f3lo se trata de una simple clasificaci\u00f3n la obtenida por este liceo municipalizado, tambi\u00e9n hoy les tenemos otra colosal noticia, la capitana de esta selecci\u00f3n escolar de Voley, Gabriela Badilla, fue elegida este a\u00f1o como la mejor de todo Chile en su categor\u00eda, lo que dispara a San Felipe al m\u00e1s alto sitial en calidad de \u2018Semillero\u2019 deportivo del pa\u00eds.<br \/>\nDiario El Trabajo habl\u00f3 ayer con esta campeona sanfelipe\u00f1a, \u00abclaro que estoy muy feliz, s\u00e9 que soy buena en este deporte, pero jam\u00e1s imagin\u00e9 que me eligieran como \u2018La Mejor\u2019 del pa\u00eds, en cuanto al Nacional, tambi\u00e9n debo reconocer que s\u00ed estoy nerviosa, pero creo que a cualquiera le pasa, todas las otras jugadoras estamos igual, nos apoyamos y nada logramos por separado, todos son logros grupales, por lo que agradezco a mis guerreras y a nuestro profesor\u00bb, dijo la joven campeona nacional.<br \/>\n<strong>Roberto Gonz\u00e1lez Short<\/strong><\/p>\n<figure id=\"attachment_73617\" aria-describedby=\"caption-attachment-73617\" style=\"width: 530px\" class=\"wp-caption alignleft\"><a href=\"http:\/\/www.eltrabajo.cl\/portal\/voleibol-u14-del-colegio-cordillera-clasifica-al-nacional-de-osorno\/campeonas33-2\/\" rel=\"attachment wp-att-73617\"><img data-recalc-dims=\"1\" loading=\"lazy\" decoding=\"async\" class=\"size-full wp-image-73617\" src=\"https:\/\/i0.wp.com\/www.eltrabajo.cl\/portal\/wp-content\/uploads\/2016\/09\/Campeonas33.jpg?resize=530%2C350\" alt=\"NUESTRAS CAMPEONAS.- Ellas son las diez chicas del Cordillera, las que dejaron atr\u00e1s a las dem\u00e1s y ganaron el \u00fanico cupo para el Nacional, pues ser\u00e1 un equipo por regi\u00f3n.\" width=\"530\" height=\"350\" srcset=\"https:\/\/i0.wp.com\/eltrabajo.cl\/portal\/wp-content\/uploads\/2016\/09\/Campeonas33.jpg?w=530&amp;ssl=1 530w, https:\/\/i0.wp.com\/eltrabajo.cl\/portal\/wp-content\/uploads\/2016\/09\/Campeonas33.jpg?resize=200%2C132&amp;ssl=1 200w, https:\/\/i0.wp.com\/eltrabajo.cl\/portal\/wp-content\/uploads\/2016\/09\/Campeonas33.jpg?resize=300%2C198&amp;ssl=1 300w, https:\/\/i0.wp.com\/eltrabajo.cl\/portal\/wp-content\/uploads\/2016\/09\/Campeonas33.jpg?resize=227%2C150&amp;ssl=1 227w, https:\/\/i0.wp.com\/eltrabajo.cl\/portal\/wp-content\/uploads\/2016\/09\/Campeonas33.jpg?resize=400%2C264&amp;ssl=1 400w\" sizes=\"auto, (max-width: 530px) 100vw, 530px\" \/><\/a><figcaption id=\"caption-attachment-73617\" class=\"wp-caption-text\">NUESTRAS CAMPEONAS.- Ellas son las diez chicas del Cordillera, las que dejaron atr\u00e1s a las dem\u00e1s y ganaron el \u00fanico cupo para el Nacional, pues ser\u00e1 un equipo por regi\u00f3n.<\/figcaption><\/figure>\n<figure id=\"attachment_73618\" aria-describedby=\"caption-attachment-73618\" style=\"width: 530px\" class=\"wp-caption alignleft\"><a href=\"http:\/\/www.eltrabajo.cl\/portal\/voleibol-u14-del-colegio-cordillera-clasifica-al-nacional-de-osorno\/gabriela-badilla-2\/\" rel=\"attachment wp-att-73618\"><img data-recalc-dims=\"1\" loading=\"lazy\" decoding=\"async\" class=\"size-full wp-image-73618\" src=\"https:\/\/i0.wp.com\/www.eltrabajo.cl\/portal\/wp-content\/uploads\/2016\/09\/Gabriela-Badilla.jpg?resize=530%2C348\" alt=\"LA MEJOR DEL PA\u00cdS.- Gabriela Badilla, la mejor jugadora U14 de voleibol de Chile, tiene trece a\u00f1os y es alumna de 8\u00ba A, del Cordillera.\" width=\"530\" height=\"348\" srcset=\"https:\/\/i0.wp.com\/eltrabajo.cl\/portal\/wp-content\/uploads\/2016\/09\/Gabriela-Badilla.jpg?w=530&amp;ssl=1 530w, https:\/\/i0.wp.com\/eltrabajo.cl\/portal\/wp-content\/uploads\/2016\/09\/Gabriela-Badilla.jpg?resize=200%2C131&amp;ssl=1 200w, https:\/\/i0.wp.com\/eltrabajo.cl\/portal\/wp-content\/uploads\/2016\/09\/Gabriela-Badilla.jpg?resize=300%2C197&amp;ssl=1 300w, https:\/\/i0.wp.com\/eltrabajo.cl\/portal\/wp-content\/uploads\/2016\/09\/Gabriela-Badilla.jpg?resize=228%2C150&amp;ssl=1 228w, https:\/\/i0.wp.com\/eltrabajo.cl\/portal\/wp-content\/uploads\/2016\/09\/Gabriela-Badilla.jpg?resize=400%2C263&amp;ssl=1 400w\" sizes=\"auto, (max-width: 530px) 100vw, 530px\" \/><\/a><figcaption id=\"caption-attachment-73618\" class=\"wp-caption-text\">LA MEJOR DEL PA\u00cdS.- Gabriela Badilla, la mejor jugadora U14 de voleibol de Chile, tiene trece a\u00f1os y es alumna de 8\u00ba A, del Cordillera.<\/figcaption><\/figure>\n<figure id=\"attachment_73619\" aria-describedby=\"caption-attachment-73619\" style=\"width: 530px\" class=\"wp-caption alignleft\"><a href=\"http:\/\/www.eltrabajo.cl\/portal\/voleibol-u14-del-colegio-cordillera-clasifica-al-nacional-de-osorno\/portadavoleibol-u14-cordillera\/\" rel=\"attachment wp-att-73619\"><img data-recalc-dims=\"1\" loading=\"lazy\" decoding=\"async\" class=\"size-full wp-image-73619\" src=\"https:\/\/i0.wp.com\/www.eltrabajo.cl\/portal\/wp-content\/uploads\/2016\/09\/Portadavoleibol-u14-cordillera.jpg?resize=530%2C350\" alt=\"De una explosividad juvenil es de lo que estas j\u00f3venes deportistas sanfelipe\u00f1as hacen derroche en cada juego que disputan.\" width=\"530\" height=\"350\" srcset=\"https:\/\/i0.wp.com\/eltrabajo.cl\/portal\/wp-content\/uploads\/2016\/09\/Portadavoleibol-u14-cordillera.jpg?w=530&amp;ssl=1 530w, https:\/\/i0.wp.com\/eltrabajo.cl\/portal\/wp-content\/uploads\/2016\/09\/Portadavoleibol-u14-cordillera.jpg?resize=200%2C132&amp;ssl=1 200w, https:\/\/i0.wp.com\/eltrabajo.cl\/portal\/wp-content\/uploads\/2016\/09\/Portadavoleibol-u14-cordillera.jpg?resize=300%2C198&amp;ssl=1 300w, https:\/\/i0.wp.com\/eltrabajo.cl\/portal\/wp-content\/uploads\/2016\/09\/Portadavoleibol-u14-cordillera.jpg?resize=227%2C150&amp;ssl=1 227w, https:\/\/i0.wp.com\/eltrabajo.cl\/portal\/wp-content\/uploads\/2016\/09\/Portadavoleibol-u14-cordillera.jpg?resize=400%2C264&amp;ssl=1 400w\" sizes=\"auto, (max-width: 530px) 100vw, 530px\" \/><\/a><figcaption id=\"caption-attachment-73619\" class=\"wp-caption-text\">De una explosividad juvenil es de lo que estas j\u00f3venes deportistas sanfelipe\u00f1as hacen derroche en cada juego que disputan.<\/figcaption><\/figure>\n","protected":false},"excerpt":{"rendered":"<p>Gabriela Badilla la Mejor de Chile en su categor\u00eda: Seguimos con reportajes de triunfadores y entusiastas deportistas de nuestra comuna, hoy en Diario El Trabajo estamos tambi\u00e9n celebrando la tremenda actuaci\u00f3n que&#8230;<\/p>\n","protected":false},"author":1,"featured_media":73619,"comment_status":"open","ping_status":"open","sticky":false,"template":"","format":"standard","meta":{"advanced_seo_description":"","jetpack_seo_html_title":"","jetpack_seo_noindex":false,"_jetpack_memberships_contains_paid_content":false,"footnotes":""},"categories":[15],"tags":[],"class_list":["post-73616","post","type-post","status-publish","format-standard","has-post-thumbnail","hentry","category-comunidad"],"jetpack_featured_media_url":"https:\/\/i0.wp.com\/eltrabajo.cl\/portal\/wp-content\/uploads\/2016\/09\/Portadavoleibol-u14-cordillera.jpg?fit=530%2C350&ssl=1","jetpack_sharing_enabled":true,"jetpack_likes_enabled":true,"jetpack-related-posts":[],"_links":{"self":[{"href":"https:\/\/eltrabajo.cl\/portal\/wp-json\/wp\/v2\/posts\/73616","targetHints":{"allow":["GET"]}}],"collection":[{"href":"https:\/\/eltrabajo.cl\/portal\/wp-json\/wp\/v2\/posts"}],"about":[{"href":"https:\/\/eltrabajo.cl\/portal\/wp-json\/wp\/v2\/types\/post"}],"author":[{"embeddable":true,"href":"https:\/\/eltrabajo.cl\/portal\/wp-json\/wp\/v2\/users\/1"}],"replies":[{"embeddable":true,"href":"https:\/\/eltrabajo.cl\/portal\/wp-json\/wp\/v2\/comments?post=73616"}],"version-history":[{"count":0,"href":"https:\/\/eltrabajo.cl\/portal\/wp-json\/wp\/v2\/posts\/73616\/revisions"}],"wp:featuredmedia":[{"embeddable":true,"href":"https:\/\/eltrabajo.cl\/portal\/wp-json\/wp\/v2\/media\/73619"}],"wp:attachment":[{"href":"https:\/\/eltrabajo.cl\/portal\/wp-json\/wp\/v2\/media?parent=73616"}],"wp:term":[{"taxonomy":"category","embeddable":true,"href":"https:\/\/eltrabajo.cl\/portal\/wp-json\/wp\/v2\/categories?post=73616"},{"taxonomy":"post_tag","embeddable":true,"href":"https:\/\/eltrabajo.cl\/portal\/wp-json\/wp\/v2\/tags?post=73616"}],"curies":[{"name":"wp","href":"https:\/\/api.w.org\/{rel}","templated":true}]}}