{"id":73622,"date":"2016-09-08T08:58:34","date_gmt":"2016-09-08T11:58:34","guid":{"rendered":"http:\/\/www.eltrabajo.cl\/portal\/?p=73622"},"modified":"2016-09-08T08:58:34","modified_gmt":"2016-09-08T11:58:34","slug":"patrullas-dodge-charger-comenzaron-a-operar-en-carreteras-de-san-felipe","status":"publish","type":"post","link":"https:\/\/eltrabajo.cl\/portal\/patrullas-dodge-charger-comenzaron-a-operar-en-carreteras-de-san-felipe\/","title":{"rendered":"Patrullas Dodge Charger comenzaron a operar en carreteras de San Felipe"},"content":{"rendered":"<ul>\n<li><strong><span style=\"color: #ff0000;\">Dotadas de \u00faltima tecnolog\u00eda y carrocer\u00eda blindada:<\/span>\u00a0Estos poderosos veh\u00edculos policiales, fueron destinados para su uso en la Subcomisar\u00eda IAT y Tenencia Carreteras de San Felipe. Dentro de su equipamiento, permite determinar en movimiento velocidades de veh\u00edculos y consulta de patentes en l\u00ednea en caso de encargos por robo.<\/strong><\/li>\n<\/ul>\n<p>Tres patrullas con tecnolog\u00eda de \u00faltima generaci\u00f3n fueron destinadas para uso policial en la Subcomisar\u00eda Investigadora de Accidentes de Tr\u00e1nsito Siat y la Tenencia de Carreteras San Felipe, lo que constituye un importante hito dentro de la instituci\u00f3n uniformada, que permitir\u00e1 su uso en m\u00faltiples utilidades, como medir en movimiento las velocidades de otros veh\u00edculos y consulta en l\u00ednea por encargos por robo.<\/p>\n<figure id=\"attachment_73623\" aria-describedby=\"caption-attachment-73623\" style=\"width: 300px\" class=\"wp-caption alignleft\"><a href=\"http:\/\/www.eltrabajo.cl\/portal\/patrullas-dodge-charger-comenzaron-a-operar-en-carreteras-de-san-felipe\/capitan-francisco-carreno-3\/\" rel=\"attachment wp-att-73623\"><img data-recalc-dims=\"1\" loading=\"lazy\" decoding=\"async\" class=\"size-medium wp-image-73623\" src=\"https:\/\/i0.wp.com\/www.eltrabajo.cl\/portal\/wp-content\/uploads\/2016\/09\/CAPITAN-FRANCISCO-CARRENO-300x197.jpg?resize=300%2C197\" alt=\"El jefe de la Siat de Carabineros, capit\u00e1n Francisco Carre\u00f1o.\" width=\"300\" height=\"197\" srcset=\"https:\/\/i0.wp.com\/eltrabajo.cl\/portal\/wp-content\/uploads\/2016\/09\/CAPITAN-FRANCISCO-CARRENO.jpg?resize=300%2C197&amp;ssl=1 300w, https:\/\/i0.wp.com\/eltrabajo.cl\/portal\/wp-content\/uploads\/2016\/09\/CAPITAN-FRANCISCO-CARRENO.jpg?resize=200%2C131&amp;ssl=1 200w, https:\/\/i0.wp.com\/eltrabajo.cl\/portal\/wp-content\/uploads\/2016\/09\/CAPITAN-FRANCISCO-CARRENO.jpg?resize=228%2C150&amp;ssl=1 228w, https:\/\/i0.wp.com\/eltrabajo.cl\/portal\/wp-content\/uploads\/2016\/09\/CAPITAN-FRANCISCO-CARRENO.jpg?resize=400%2C263&amp;ssl=1 400w, https:\/\/i0.wp.com\/eltrabajo.cl\/portal\/wp-content\/uploads\/2016\/09\/CAPITAN-FRANCISCO-CARRENO.jpg?w=530&amp;ssl=1 530w\" sizes=\"auto, (max-width: 300px) 100vw, 300px\" \/><\/a><figcaption id=\"caption-attachment-73623\" class=\"wp-caption-text\">El jefe de la Siat de Carabineros, capit\u00e1n Francisco Carre\u00f1o.<\/figcaption><\/figure>\n<p>El jefe de la Siat de Carabineros, capit\u00e1n Francisco Carrero indic\u00f3 a Diario El Trabajo, que oficialmente el d\u00eda de ayer mi\u00e9rcoles comienza el funcionamiento en las carreteras de estos modelos Dodge Charger dotados con full tecnolog\u00eda y una carrocer\u00eda invencible con un motor 3.6 pudiendo alcanzar grandes velocidades.<br \/>\n\u00abVienen con radares detectores de velocidad los cuales pueden detectar en movimiento, tienen un equipo de luminosidad especial y tecnol\u00f3gico superior a las veh\u00edculos que mantiene Carabineros, ser\u00e1n utilizados netamente en carreteras. Esto ir\u00e1 en beneficio de la comunidad como tambi\u00e9n para nuestro personal que pueda cumplir una buena funci\u00f3n\u00bb.<br \/>\nLos m\u00f3viles est\u00e1n fabricados con l\u00e1minas de seguridad antichoques, puertas blindadas, luminosidad led de alto alcance. El oficial policial indic\u00f3 que dos de las nuevas patrullas ya fueron inauguradas en procedimientos policiales, no obstante el tercer m\u00f3vil se integrar\u00e1 en las pr\u00f3ximas semanas.<br \/>\n\u00abEl prop\u00f3sito es sacarle provecho en estas fiestas patrias para el despliegue de fiscalizaciones en las carreteras. Se eligieron las tenencias de carreteras para el uso de estas patrullas por el cilindro del motor y los equipos tecnol\u00f3gicos que sirven bastante en esta funci\u00f3n, tambi\u00e9n se destin\u00f3 de estas patrullas a la Tenencia de Petorca\u00bb.<br \/>\nCarre\u00f1o destac\u00f3, que el equipamiento permite consultar en l\u00ednea la placa patente de un veh\u00edculo circulando \u00abtambi\u00e9n detectar a m\u00f3viles que transitan a grandes velocidades que pasan por carreteras, en nuestra funci\u00f3n operativa en caso de alguna persecuci\u00f3n o seguimiento de alguna comisi\u00f3n de alg\u00fan tipo de delito o eludir el control policial, incluso encargo por robo vehicular, con estas patrullas dif\u00edcilmente podr\u00eda escapar\u00bb.<br \/>\n<strong>Pablo Salinas Sald\u00edas<\/strong><\/p>\n<figure id=\"attachment_73624\" aria-describedby=\"caption-attachment-73624\" style=\"width: 530px\" class=\"wp-caption alignleft\"><a href=\"http:\/\/www.eltrabajo.cl\/portal\/patrullas-dodge-charger-comenzaron-a-operar-en-carreteras-de-san-felipe\/patrulla-1\/\" rel=\"attachment wp-att-73624\"><img data-recalc-dims=\"1\" loading=\"lazy\" decoding=\"async\" class=\"size-full wp-image-73624\" src=\"https:\/\/i0.wp.com\/www.eltrabajo.cl\/portal\/wp-content\/uploads\/2016\/09\/PATRULLA-1.jpg?resize=530%2C350\" alt=\"Tres patrullas fueron destinadas para su uso en carreteras de la provincia de San Felipe. Estos Dodge Charger pueden alcanzar grandes velocidades en caso de seguimiento a un veh\u00edculo que eluda el control policial.\" width=\"530\" height=\"350\" srcset=\"https:\/\/i0.wp.com\/eltrabajo.cl\/portal\/wp-content\/uploads\/2016\/09\/PATRULLA-1.jpg?w=530&amp;ssl=1 530w, https:\/\/i0.wp.com\/eltrabajo.cl\/portal\/wp-content\/uploads\/2016\/09\/PATRULLA-1.jpg?resize=200%2C132&amp;ssl=1 200w, https:\/\/i0.wp.com\/eltrabajo.cl\/portal\/wp-content\/uploads\/2016\/09\/PATRULLA-1.jpg?resize=300%2C198&amp;ssl=1 300w, https:\/\/i0.wp.com\/eltrabajo.cl\/portal\/wp-content\/uploads\/2016\/09\/PATRULLA-1.jpg?resize=227%2C150&amp;ssl=1 227w, https:\/\/i0.wp.com\/eltrabajo.cl\/portal\/wp-content\/uploads\/2016\/09\/PATRULLA-1.jpg?resize=400%2C264&amp;ssl=1 400w\" sizes=\"auto, (max-width: 530px) 100vw, 530px\" \/><\/a><figcaption id=\"caption-attachment-73624\" class=\"wp-caption-text\">Tres patrullas fueron destinadas para su uso en carreteras de la provincia de San Felipe. Estos Dodge Charger pueden alcanzar grandes velocidades en caso de seguimiento a un veh\u00edculo que eluda el control policial.<\/figcaption><\/figure>\n<figure id=\"attachment_73625\" aria-describedby=\"caption-attachment-73625\" style=\"width: 530px\" class=\"wp-caption alignleft\"><a href=\"http:\/\/www.eltrabajo.cl\/portal\/patrullas-dodge-charger-comenzaron-a-operar-en-carreteras-de-san-felipe\/patrulla-2\/\" rel=\"attachment wp-att-73625\"><img data-recalc-dims=\"1\" loading=\"lazy\" decoding=\"async\" class=\"size-full wp-image-73625\" src=\"https:\/\/i0.wp.com\/www.eltrabajo.cl\/portal\/wp-content\/uploads\/2016\/09\/PATRULLA-2.jpg?resize=530%2C350\" alt=\"Tres patrullas fueron destinadas para su uso en carreteras de la provincia de San Felipe. Estos Dodge Charger pueden alcanzar grandes velocidades en caso de seguimiento a un veh\u00edculo que eluda el control policial.\" width=\"530\" height=\"350\" srcset=\"https:\/\/i0.wp.com\/eltrabajo.cl\/portal\/wp-content\/uploads\/2016\/09\/PATRULLA-2.jpg?w=530&amp;ssl=1 530w, https:\/\/i0.wp.com\/eltrabajo.cl\/portal\/wp-content\/uploads\/2016\/09\/PATRULLA-2.jpg?resize=200%2C132&amp;ssl=1 200w, https:\/\/i0.wp.com\/eltrabajo.cl\/portal\/wp-content\/uploads\/2016\/09\/PATRULLA-2.jpg?resize=300%2C198&amp;ssl=1 300w, https:\/\/i0.wp.com\/eltrabajo.cl\/portal\/wp-content\/uploads\/2016\/09\/PATRULLA-2.jpg?resize=227%2C150&amp;ssl=1 227w, https:\/\/i0.wp.com\/eltrabajo.cl\/portal\/wp-content\/uploads\/2016\/09\/PATRULLA-2.jpg?resize=400%2C264&amp;ssl=1 400w\" sizes=\"auto, (max-width: 530px) 100vw, 530px\" \/><\/a><figcaption id=\"caption-attachment-73625\" class=\"wp-caption-text\">Tres patrullas fueron destinadas para su uso en carreteras de la provincia de San Felipe. Estos Dodge Charger pueden alcanzar grandes velocidades en caso de seguimiento a un veh\u00edculo que eluda el control policial.<\/figcaption><\/figure>\n<figure id=\"attachment_73626\" aria-describedby=\"caption-attachment-73626\" style=\"width: 530px\" class=\"wp-caption alignleft\"><a href=\"http:\/\/www.eltrabajo.cl\/portal\/patrullas-dodge-charger-comenzaron-a-operar-en-carreteras-de-san-felipe\/patrulla-3\/\" rel=\"attachment wp-att-73626\"><img data-recalc-dims=\"1\" loading=\"lazy\" decoding=\"async\" class=\"size-full wp-image-73626\" src=\"https:\/\/i0.wp.com\/www.eltrabajo.cl\/portal\/wp-content\/uploads\/2016\/09\/PATRULLA-3.jpg?resize=530%2C350\" alt=\"Tres patrullas fueron destinadas para su uso en carreteras de la provincia de San Felipe. Estos Dodge Charger pueden alcanzar grandes velocidades en caso de seguimiento a un veh\u00edculo que eluda el control policial.\" width=\"530\" height=\"350\" srcset=\"https:\/\/i0.wp.com\/eltrabajo.cl\/portal\/wp-content\/uploads\/2016\/09\/PATRULLA-3.jpg?w=530&amp;ssl=1 530w, https:\/\/i0.wp.com\/eltrabajo.cl\/portal\/wp-content\/uploads\/2016\/09\/PATRULLA-3.jpg?resize=200%2C132&amp;ssl=1 200w, https:\/\/i0.wp.com\/eltrabajo.cl\/portal\/wp-content\/uploads\/2016\/09\/PATRULLA-3.jpg?resize=300%2C198&amp;ssl=1 300w, https:\/\/i0.wp.com\/eltrabajo.cl\/portal\/wp-content\/uploads\/2016\/09\/PATRULLA-3.jpg?resize=227%2C150&amp;ssl=1 227w, https:\/\/i0.wp.com\/eltrabajo.cl\/portal\/wp-content\/uploads\/2016\/09\/PATRULLA-3.jpg?resize=400%2C264&amp;ssl=1 400w\" sizes=\"auto, (max-width: 530px) 100vw, 530px\" \/><\/a><figcaption id=\"caption-attachment-73626\" class=\"wp-caption-text\">Tres patrullas fueron destinadas para su uso en carreteras de la provincia de San Felipe. Estos Dodge Charger pueden alcanzar grandes velocidades en caso de seguimiento a un veh\u00edculo que eluda el control policial.<\/figcaption><\/figure>\n","protected":false},"excerpt":{"rendered":"<p>Dotadas de \u00faltima tecnolog\u00eda y carrocer\u00eda blindada:\u00a0Estos poderosos veh\u00edculos policiales, fueron destinados para su uso en la Subcomisar\u00eda IAT y Tenencia Carreteras de San Felipe. Dentro de su equipamiento, permite determinar en&#8230;<\/p>\n","protected":false},"author":1,"featured_media":73625,"comment_status":"open","ping_status":"open","sticky":false,"template":"","format":"standard","meta":{"advanced_seo_description":"","jetpack_seo_html_title":"","jetpack_seo_noindex":false,"_jetpack_memberships_contains_paid_content":false,"footnotes":""},"categories":[1],"tags":[],"class_list":["post-73622","post","type-post","status-publish","format-standard","has-post-thumbnail","hentry","category-cronica"],"jetpack_featured_media_url":"https:\/\/i0.wp.com\/eltrabajo.cl\/portal\/wp-content\/uploads\/2016\/09\/PATRULLA-2.jpg?fit=530%2C350&ssl=1","jetpack_sharing_enabled":true,"jetpack_likes_enabled":true,"jetpack-related-posts":[],"_links":{"self":[{"href":"https:\/\/eltrabajo.cl\/portal\/wp-json\/wp\/v2\/posts\/73622","targetHints":{"allow":["GET"]}}],"collection":[{"href":"https:\/\/eltrabajo.cl\/portal\/wp-json\/wp\/v2\/posts"}],"about":[{"href":"https:\/\/eltrabajo.cl\/portal\/wp-json\/wp\/v2\/types\/post"}],"author":[{"embeddable":true,"href":"https:\/\/eltrabajo.cl\/portal\/wp-json\/wp\/v2\/users\/1"}],"replies":[{"embeddable":true,"href":"https:\/\/eltrabajo.cl\/portal\/wp-json\/wp\/v2\/comments?post=73622"}],"version-history":[{"count":0,"href":"https:\/\/eltrabajo.cl\/portal\/wp-json\/wp\/v2\/posts\/73622\/revisions"}],"wp:featuredmedia":[{"embeddable":true,"href":"https:\/\/eltrabajo.cl\/portal\/wp-json\/wp\/v2\/media\/73625"}],"wp:attachment":[{"href":"https:\/\/eltrabajo.cl\/portal\/wp-json\/wp\/v2\/media?parent=73622"}],"wp:term":[{"taxonomy":"category","embeddable":true,"href":"https:\/\/eltrabajo.cl\/portal\/wp-json\/wp\/v2\/categories?post=73622"},{"taxonomy":"post_tag","embeddable":true,"href":"https:\/\/eltrabajo.cl\/portal\/wp-json\/wp\/v2\/tags?post=73622"}],"curies":[{"name":"wp","href":"https:\/\/api.w.org\/{rel}","templated":true}]}}