{"id":73634,"date":"2016-09-09T08:45:21","date_gmt":"2016-09-09T11:45:21","guid":{"rendered":"http:\/\/www.eltrabajo.cl\/portal\/?p=73634"},"modified":"2016-09-09T08:45:21","modified_gmt":"2016-09-09T11:45:21","slug":"confirman-a-vecinos-inicio-de-obras-alcantarillado-en-curimon-y-san-rafael","status":"publish","type":"post","link":"https:\/\/eltrabajo.cl\/portal\/confirman-a-vecinos-inicio-de-obras-alcantarillado-en-curimon-y-san-rafael\/","title":{"rendered":"Confirman a vecinos inicio de obras alcantarillado en Curim\u00f3n y San Rafael"},"content":{"rendered":"<ul>\n<li><strong><span style=\"color: #ff0000;\">Con una inversi\u00f3n de mil 260 millones de pesos:<\/span>\u00a0Trabajos se iniciar\u00e1n a fines de mes, a objeto de no generar impacto en el contexto del intenso movimiento que se registra durante la celebraci\u00f3n de Fiestas Patrias.<\/strong><\/li>\n<\/ul>\n<p>Para fines de este mes de septiembre, est\u00e1 contemplado el anhelado inicio de los trabajos de construcci\u00f3n de la red de alcantarillado que favorecer\u00e1 a los vecinos de Curim\u00f3n Centro y San Rafael, en una iniciativa que representa una inversi\u00f3n de mil 260 millones de pesos.<br \/>\nAs\u00ed lo dio a conocer el alcalde Patricio Freire, quien se reuni\u00f3 con dirigentes vecinales y pobladores de estos dos sectores rurales de la comuna, para entregarles esta buena noticia, la que era muy esperada pues el a\u00f1o pasado el Gobierno Regional aprob\u00f3 los dineros del FNDR para ejecutar esta iniciativa, sin embargo, debido a dificultades con la empresa que se adjudic\u00f3 inicialmente el proyecto, sufri\u00f3 un retraso en su desarrollo.<br \/>\nA cargo del proyecto, estar\u00e1 la empresa Santa Sof\u00eda, constructora especializada en obras de saneamiento sanitario y se espera que con este proyecto ejecutado, se ponga t\u00e9rmino a los numerosos problemas sanitarios y de higiene que registraban los pobladores.<br \/>\n\u201cEl contrato ya est\u00e1 firmado y la obra empieza a fines de septiembre, con una inversi\u00f3n de mil 260 millones de pesos. Este es un proyecto que el a\u00f1o 2014 empezamos a trabajar para hacerlo realidad y esperamos que con el inicio de faenas despu\u00e9s de Fiestas Patrias iniciemos la cuenta regresiva para beneficio de los vecinos y vecinas\u201d, dijo el alcalde Freire.<br \/>\nLa necesidad de saneamiento sanitario en estos importantes sectores de la comuna de San Felipe, era sentida por sus habitantes, quienes participaron activamente en la formulaci\u00f3n del proyecto, valorando que junto al municipio y el equipo liderado por el alcalde Freire no solo han avanzado en la resoluci\u00f3n de esta demanda ciudadana, sino tambi\u00e9n en otros temas que hoy les llevan a aseverar que no se sienten abandonados.<br \/>\nEl presidente de la Junta de Vecinos de San Rafael se\u00f1al\u00f3 que \u201cestamos felices, porque por fin se van a acabar los malos olores, el colapso de los alcantarillados particulares, los problemas que sufrimos por tantos a\u00f1os, pero tambi\u00e9n porque estamos trabajando en un proyecto de veredas y en otras propuestas que hemos hecho y que el alcalde ha recogido muy bien\u201d.<br \/>\nNelly Navarrete, presidenta del Comit\u00e9 de Adelanto de la Villa San Rafael, record\u00f3 que el alcantarillado en San Rafael \u201cno era un sue\u00f1o, era una necesidad urgente y por eso estamos felices y agradecidas del alcalde, porque tambi\u00e9n nos est\u00e1n construyendo una sede muy linda, que tanto pedimos y \u00e9l no solo nos escuch\u00f3, sino que gracias a su disposici\u00f3n va a ser una realidad\u201d.<br \/>\nPierina Rivillo, presidenta de la junta de vecinos Curim\u00f3n Centro, no escondi\u00f3 su satisfacci\u00f3n por la ejecuci\u00f3n de este proyecto, formulando un llamado a los pobladores a ser comprensivos a prop\u00f3sito de las dificultades que probablemente se registren como resultado del desarrollo de los trabajos.<br \/>\n\u201cEstamos muy contentos, muy felices en realidad. Esto es algo tan necesario y ver que ahora se comenzar\u00e1 a construir, nos llena de alegr\u00eda, porque durante muchos a\u00f1os pedimos que hicieran este proyecto\u201d, coment\u00f3.<br \/>\nClaudio Paredes, director de la Secretar\u00eda Comunal de Planificaci\u00f3n de la Municipalidad de San Felipe, precis\u00f3 que 366 familias ser\u00e1n favorecidas con este proyecto, que considera la construcci\u00f3n de una red de aproximadamente 8 kil\u00f3metros de alcantarillado.<\/p>\n<figure id=\"attachment_73635\" aria-describedby=\"caption-attachment-73635\" style=\"width: 530px\" class=\"wp-caption alignleft\"><a href=\"http:\/\/www.eltrabajo.cl\/portal\/confirman-a-vecinos-inicio-de-obras-alcantarillado-en-curimon-y-san-rafael\/reunion-con-vecinos-curimon-san-rafael-1\/\" rel=\"attachment wp-att-73635\"><img data-recalc-dims=\"1\" loading=\"lazy\" decoding=\"async\" class=\"size-full wp-image-73635\" src=\"https:\/\/i0.wp.com\/www.eltrabajo.cl\/portal\/wp-content\/uploads\/2016\/09\/reunion-con-vecinos-Curimon-San-Rafael-1.jpg?resize=530%2C349\" alt=\"El alcalde de la ciudad de San Felipe, Patricio Freire quien se reuni\u00f3 con dirigentes vecinales y pobladores de Curim\u00f3n y San Rafael, para darles a conocer el inicio de las obras de alcantarillado de estos dos sectores rurales de la comuna, iniciando a fines del presente mes.\" width=\"530\" height=\"349\" srcset=\"https:\/\/i0.wp.com\/eltrabajo.cl\/portal\/wp-content\/uploads\/2016\/09\/reunion-con-vecinos-Curimon-San-Rafael-1.jpg?w=530&amp;ssl=1 530w, https:\/\/i0.wp.com\/eltrabajo.cl\/portal\/wp-content\/uploads\/2016\/09\/reunion-con-vecinos-Curimon-San-Rafael-1.jpg?resize=200%2C132&amp;ssl=1 200w, https:\/\/i0.wp.com\/eltrabajo.cl\/portal\/wp-content\/uploads\/2016\/09\/reunion-con-vecinos-Curimon-San-Rafael-1.jpg?resize=300%2C198&amp;ssl=1 300w, https:\/\/i0.wp.com\/eltrabajo.cl\/portal\/wp-content\/uploads\/2016\/09\/reunion-con-vecinos-Curimon-San-Rafael-1.jpg?resize=228%2C150&amp;ssl=1 228w, https:\/\/i0.wp.com\/eltrabajo.cl\/portal\/wp-content\/uploads\/2016\/09\/reunion-con-vecinos-Curimon-San-Rafael-1.jpg?resize=400%2C263&amp;ssl=1 400w\" sizes=\"auto, (max-width: 530px) 100vw, 530px\" \/><\/a><figcaption id=\"caption-attachment-73635\" class=\"wp-caption-text\">El alcalde de la ciudad de San Felipe, Patricio Freire quien se reuni\u00f3 con dirigentes vecinales y pobladores de Curim\u00f3n y San Rafael, para darles a conocer el inicio de las obras de alcantarillado de estos dos sectores rurales de la comuna, iniciando a fines del presente mes.<\/figcaption><\/figure>\n","protected":false},"excerpt":{"rendered":"<p>Con una inversi\u00f3n de mil 260 millones de pesos:\u00a0Trabajos se iniciar\u00e1n a fines de mes, a objeto de no generar impacto en el contexto del intenso movimiento que se registra durante la&#8230;<\/p>\n","protected":false},"author":1,"featured_media":73635,"comment_status":"open","ping_status":"open","sticky":false,"template":"","format":"standard","meta":{"advanced_seo_description":"","jetpack_seo_html_title":"","jetpack_seo_noindex":false,"_jetpack_memberships_contains_paid_content":false,"footnotes":""},"categories":[1],"tags":[],"class_list":["post-73634","post","type-post","status-publish","format-standard","has-post-thumbnail","hentry","category-cronica"],"jetpack_featured_media_url":"https:\/\/i0.wp.com\/eltrabajo.cl\/portal\/wp-content\/uploads\/2016\/09\/reunion-con-vecinos-Curimon-San-Rafael-1.jpg?fit=530%2C349&ssl=1","jetpack_sharing_enabled":true,"jetpack_likes_enabled":true,"jetpack-related-posts":[],"_links":{"self":[{"href":"https:\/\/eltrabajo.cl\/portal\/wp-json\/wp\/v2\/posts\/73634","targetHints":{"allow":["GET"]}}],"collection":[{"href":"https:\/\/eltrabajo.cl\/portal\/wp-json\/wp\/v2\/posts"}],"about":[{"href":"https:\/\/eltrabajo.cl\/portal\/wp-json\/wp\/v2\/types\/post"}],"author":[{"embeddable":true,"href":"https:\/\/eltrabajo.cl\/portal\/wp-json\/wp\/v2\/users\/1"}],"replies":[{"embeddable":true,"href":"https:\/\/eltrabajo.cl\/portal\/wp-json\/wp\/v2\/comments?post=73634"}],"version-history":[{"count":0,"href":"https:\/\/eltrabajo.cl\/portal\/wp-json\/wp\/v2\/posts\/73634\/revisions"}],"wp:featuredmedia":[{"embeddable":true,"href":"https:\/\/eltrabajo.cl\/portal\/wp-json\/wp\/v2\/media\/73635"}],"wp:attachment":[{"href":"https:\/\/eltrabajo.cl\/portal\/wp-json\/wp\/v2\/media?parent=73634"}],"wp:term":[{"taxonomy":"category","embeddable":true,"href":"https:\/\/eltrabajo.cl\/portal\/wp-json\/wp\/v2\/categories?post=73634"},{"taxonomy":"post_tag","embeddable":true,"href":"https:\/\/eltrabajo.cl\/portal\/wp-json\/wp\/v2\/tags?post=73634"}],"curies":[{"name":"wp","href":"https:\/\/api.w.org\/{rel}","templated":true}]}}