{"id":73650,"date":"2016-09-09T09:04:48","date_gmt":"2016-09-09T12:04:48","guid":{"rendered":"http:\/\/www.eltrabajo.cl\/portal\/?p=73650"},"modified":"2016-09-09T09:04:48","modified_gmt":"2016-09-09T12:04:48","slug":"conversatorio-periodistico-para-abrir-semana-de-aniversario-escolar","status":"publish","type":"post","link":"https:\/\/eltrabajo.cl\/portal\/conversatorio-periodistico-para-abrir-semana-de-aniversario-escolar\/","title":{"rendered":"Conversatorio period\u00edstico para abrir semana de aniversario escolar"},"content":{"rendered":"<ul>\n<li><strong>Escuela Carmela Carvajal de Prat cumple hoy sus 79 a\u00f1os:<\/strong><\/li>\n<\/ul>\n<p>Con un interesante conversatorio de periodismo y comunicaci\u00f3n ofrecido por el director de Diario El Trabajo, Marco Antonio Juri, iniciaron las celebraciones del 79\u00ba aniversario de la Escuela Carmela Carvajal de Prat, en Curim\u00f3n, en el que estudiantes de 5\u00ba a 8\u00ba b\u00e1sico compartieron con el comunicador sanfelipe\u00f1o m\u00e1s de una hora de amena charla, preguntas de los ni\u00f1os y hasta una buena colaci\u00f3n.<br \/>\nSe trat\u00f3 de una c\u00e1lida jornada en donde los ni\u00f1os escucharon de boca del periodista, c\u00f3mo fueron los inicios de Diario El Trabajo; cu\u00e1les son las bases del periodismo; c\u00f3mo son las reglas y el comportamiento del periodismo en el mundo digital, y tambi\u00e9n don Marco explic\u00f3 a los estudiantes sobre algunas coberturas importantes que \u00e9l debi\u00f3 realizar como reportero, cuando apenas era un muchacho.<\/p>\n<p><strong>\u00abDEBEN SEGUIR\u00a0SU CORAZ\u00d3N\u00bb<\/strong><br \/>\nEl licenciado en Ciencias de la Comunicaci\u00f3n, destac\u00f3 que \u00abesta es una experiencia muy gratificante para m\u00ed, me siento muy honrado el haber abierto estas jornadas o conversatorios en el marco de este aniversario, las que de seguro van a ser enriquecedoras para todos ellos. Lo que m\u00e1s destaco cuando hablo con j\u00f3venes, es precisamente eso, que sepan elegir una profesi\u00f3n de la que tengan vocaci\u00f3n, el consejo que yo les doy es que sigan siempre su coraz\u00f3n\u00bb.<br \/>\nLa directora de esta escuela, Ana Mar\u00eda Donoso, agradeci\u00f3 tambi\u00e9n la visita de Juri Ceballos, \u00abestoy muy agradecida con este acercamiento por parte de don Marco Juri, su amplio conocimiento en el tema period\u00edstico es y siempre ser\u00e1 bienvenido en nuestra escuela\u00bb.<br \/>\nHoy viernes en horas de la ma\u00f1ana se realizar\u00e1n en esa casa estudiantil las galas de aniversario, y a las 18:00 horas la Gala Folcl\u00f3rica de la escuela.<br \/>\n<strong>Roberto Gonz\u00e1lez Short<\/strong><\/p>\n<figure id=\"attachment_73651\" aria-describedby=\"caption-attachment-73651\" style=\"width: 530px\" class=\"wp-caption alignleft\"><a href=\"http:\/\/www.eltrabajo.cl\/portal\/conversatorio-periodistico-para-abrir-semana-de-aniversario-escolar\/amistad1-2\/\" rel=\"attachment wp-att-73651\"><img data-recalc-dims=\"1\" loading=\"lazy\" decoding=\"async\" class=\"size-full wp-image-73651\" src=\"https:\/\/i0.wp.com\/www.eltrabajo.cl\/portal\/wp-content\/uploads\/2016\/09\/Amistad1.jpg?resize=530%2C349\" alt=\"CAFECITO CALIENTE.- Pero m\u00e1s all\u00e1 de un simple conversatorio, Marco Antonio Juri busc\u00f3 tambi\u00e9n dejar una muy buena impresi\u00f3n a los ni\u00f1os.\" width=\"530\" height=\"349\" srcset=\"https:\/\/i0.wp.com\/eltrabajo.cl\/portal\/wp-content\/uploads\/2016\/09\/Amistad1.jpg?w=530&amp;ssl=1 530w, https:\/\/i0.wp.com\/eltrabajo.cl\/portal\/wp-content\/uploads\/2016\/09\/Amistad1.jpg?resize=200%2C132&amp;ssl=1 200w, https:\/\/i0.wp.com\/eltrabajo.cl\/portal\/wp-content\/uploads\/2016\/09\/Amistad1.jpg?resize=300%2C198&amp;ssl=1 300w, https:\/\/i0.wp.com\/eltrabajo.cl\/portal\/wp-content\/uploads\/2016\/09\/Amistad1.jpg?resize=228%2C150&amp;ssl=1 228w, https:\/\/i0.wp.com\/eltrabajo.cl\/portal\/wp-content\/uploads\/2016\/09\/Amistad1.jpg?resize=400%2C263&amp;ssl=1 400w\" sizes=\"auto, (max-width: 530px) 100vw, 530px\" \/><\/a><figcaption id=\"caption-attachment-73651\" class=\"wp-caption-text\">CAFECITO CALIENTE.- Pero m\u00e1s all\u00e1 de un simple conversatorio, Marco Antonio Juri busc\u00f3 tambi\u00e9n dejar una muy buena impresi\u00f3n a los ni\u00f1os.<\/figcaption><\/figure>\n<figure id=\"attachment_73652\" aria-describedby=\"caption-attachment-73652\" style=\"width: 300px\" class=\"wp-caption alignleft\"><a href=\"http:\/\/www.eltrabajo.cl\/portal\/conversatorio-periodistico-para-abrir-semana-de-aniversario-escolar\/ana-donoso\/\" rel=\"attachment wp-att-73652\"><img data-recalc-dims=\"1\" loading=\"lazy\" decoding=\"async\" class=\"size-medium wp-image-73652\" src=\"https:\/\/i0.wp.com\/www.eltrabajo.cl\/portal\/wp-content\/uploads\/2016\/09\/Ana-Donoso-300x197.jpg?resize=300%2C197\" alt=\"Directora de la Escuela Carmela Carvajal de Prat, Ana Mar\u00eda Donoso.\" width=\"300\" height=\"197\" srcset=\"https:\/\/i0.wp.com\/eltrabajo.cl\/portal\/wp-content\/uploads\/2016\/09\/Ana-Donoso.jpg?resize=300%2C197&amp;ssl=1 300w, https:\/\/i0.wp.com\/eltrabajo.cl\/portal\/wp-content\/uploads\/2016\/09\/Ana-Donoso.jpg?resize=200%2C131&amp;ssl=1 200w, https:\/\/i0.wp.com\/eltrabajo.cl\/portal\/wp-content\/uploads\/2016\/09\/Ana-Donoso.jpg?resize=228%2C150&amp;ssl=1 228w, https:\/\/i0.wp.com\/eltrabajo.cl\/portal\/wp-content\/uploads\/2016\/09\/Ana-Donoso.jpg?resize=400%2C263&amp;ssl=1 400w, https:\/\/i0.wp.com\/eltrabajo.cl\/portal\/wp-content\/uploads\/2016\/09\/Ana-Donoso.jpg?w=530&amp;ssl=1 530w\" sizes=\"auto, (max-width: 300px) 100vw, 300px\" \/><\/a><figcaption id=\"caption-attachment-73652\" class=\"wp-caption-text\">Directora de la Escuela Carmela Carvajal de Prat, Ana Mar\u00eda Donoso.<\/figcaption><\/figure>\n<figure id=\"attachment_73653\" aria-describedby=\"caption-attachment-73653\" style=\"width: 530px\" class=\"wp-caption alignleft\"><a href=\"http:\/\/www.eltrabajo.cl\/portal\/conversatorio-periodistico-para-abrir-semana-de-aniversario-escolar\/portada-conversatorio-marco-juri\/\" rel=\"attachment wp-att-73653\"><img data-recalc-dims=\"1\" loading=\"lazy\" decoding=\"async\" class=\"size-full wp-image-73653\" src=\"https:\/\/i0.wp.com\/www.eltrabajo.cl\/portal\/wp-content\/uploads\/2016\/09\/portada-conversatorio-marco-juri.jpg?resize=530%2C349\" alt=\"TODOS JUNTOS.- Al t\u00e9rmino de la charla, la fotograf\u00eda grupal con los alumnos que participaron del conversatorio, la Directora Ana Mar\u00eda Donoso y nuestro Director Marco Juri.\" width=\"530\" height=\"349\" srcset=\"https:\/\/i0.wp.com\/eltrabajo.cl\/portal\/wp-content\/uploads\/2016\/09\/portada-conversatorio-marco-juri.jpg?w=530&amp;ssl=1 530w, https:\/\/i0.wp.com\/eltrabajo.cl\/portal\/wp-content\/uploads\/2016\/09\/portada-conversatorio-marco-juri.jpg?resize=200%2C132&amp;ssl=1 200w, https:\/\/i0.wp.com\/eltrabajo.cl\/portal\/wp-content\/uploads\/2016\/09\/portada-conversatorio-marco-juri.jpg?resize=300%2C198&amp;ssl=1 300w, https:\/\/i0.wp.com\/eltrabajo.cl\/portal\/wp-content\/uploads\/2016\/09\/portada-conversatorio-marco-juri.jpg?resize=228%2C150&amp;ssl=1 228w, https:\/\/i0.wp.com\/eltrabajo.cl\/portal\/wp-content\/uploads\/2016\/09\/portada-conversatorio-marco-juri.jpg?resize=400%2C263&amp;ssl=1 400w\" sizes=\"auto, (max-width: 530px) 100vw, 530px\" \/><\/a><figcaption id=\"caption-attachment-73653\" class=\"wp-caption-text\">TODOS JUNTOS.- Al t\u00e9rmino de la charla, la fotograf\u00eda grupal con los alumnos que participaron del conversatorio, la Directora Ana Mar\u00eda Donoso y nuestro Director Marco Juri.<\/figcaption><\/figure>\n<figure id=\"attachment_73654\" aria-describedby=\"caption-attachment-73654\" style=\"width: 530px\" class=\"wp-caption alignleft\"><a href=\"http:\/\/www.eltrabajo.cl\/portal\/conversatorio-periodistico-para-abrir-semana-de-aniversario-escolar\/preguntas1\/\" rel=\"attachment wp-att-73654\"><img data-recalc-dims=\"1\" loading=\"lazy\" decoding=\"async\" class=\"size-full wp-image-73654\" src=\"https:\/\/i0.wp.com\/www.eltrabajo.cl\/portal\/wp-content\/uploads\/2016\/09\/Preguntas1.jpg?resize=530%2C350\" alt=\"MUCHAS PREGUNTAS.- Los chicos uno a uno realizaron preguntas al director de Diario El Trabajo sobre periodismo.\" width=\"530\" height=\"350\" srcset=\"https:\/\/i0.wp.com\/eltrabajo.cl\/portal\/wp-content\/uploads\/2016\/09\/Preguntas1.jpg?w=530&amp;ssl=1 530w, https:\/\/i0.wp.com\/eltrabajo.cl\/portal\/wp-content\/uploads\/2016\/09\/Preguntas1.jpg?resize=200%2C132&amp;ssl=1 200w, https:\/\/i0.wp.com\/eltrabajo.cl\/portal\/wp-content\/uploads\/2016\/09\/Preguntas1.jpg?resize=300%2C198&amp;ssl=1 300w, https:\/\/i0.wp.com\/eltrabajo.cl\/portal\/wp-content\/uploads\/2016\/09\/Preguntas1.jpg?resize=227%2C150&amp;ssl=1 227w, https:\/\/i0.wp.com\/eltrabajo.cl\/portal\/wp-content\/uploads\/2016\/09\/Preguntas1.jpg?resize=400%2C264&amp;ssl=1 400w\" sizes=\"auto, (max-width: 530px) 100vw, 530px\" \/><\/a><figcaption id=\"caption-attachment-73654\" class=\"wp-caption-text\">MUCHAS PREGUNTAS.- Los chicos uno a uno realizaron preguntas al director de Diario El Trabajo sobre periodismo.<\/figcaption><\/figure>\n","protected":false},"excerpt":{"rendered":"<p>Escuela Carmela Carvajal de Prat cumple hoy sus 79 a\u00f1os: Con un interesante conversatorio de periodismo y comunicaci\u00f3n ofrecido por el director de Diario El Trabajo, Marco Antonio Juri, iniciaron las celebraciones&#8230;<\/p>\n","protected":false},"author":1,"featured_media":73653,"comment_status":"open","ping_status":"open","sticky":false,"template":"","format":"standard","meta":{"advanced_seo_description":"","jetpack_seo_html_title":"","jetpack_seo_noindex":false,"_jetpack_memberships_contains_paid_content":false,"footnotes":""},"categories":[15],"tags":[],"class_list":["post-73650","post","type-post","status-publish","format-standard","has-post-thumbnail","hentry","category-comunidad"],"jetpack_featured_media_url":"https:\/\/i0.wp.com\/eltrabajo.cl\/portal\/wp-content\/uploads\/2016\/09\/portada-conversatorio-marco-juri.jpg?fit=530%2C349&ssl=1","jetpack_sharing_enabled":true,"jetpack_likes_enabled":true,"jetpack-related-posts":[],"_links":{"self":[{"href":"https:\/\/eltrabajo.cl\/portal\/wp-json\/wp\/v2\/posts\/73650","targetHints":{"allow":["GET"]}}],"collection":[{"href":"https:\/\/eltrabajo.cl\/portal\/wp-json\/wp\/v2\/posts"}],"about":[{"href":"https:\/\/eltrabajo.cl\/portal\/wp-json\/wp\/v2\/types\/post"}],"author":[{"embeddable":true,"href":"https:\/\/eltrabajo.cl\/portal\/wp-json\/wp\/v2\/users\/1"}],"replies":[{"embeddable":true,"href":"https:\/\/eltrabajo.cl\/portal\/wp-json\/wp\/v2\/comments?post=73650"}],"version-history":[{"count":0,"href":"https:\/\/eltrabajo.cl\/portal\/wp-json\/wp\/v2\/posts\/73650\/revisions"}],"wp:featuredmedia":[{"embeddable":true,"href":"https:\/\/eltrabajo.cl\/portal\/wp-json\/wp\/v2\/media\/73653"}],"wp:attachment":[{"href":"https:\/\/eltrabajo.cl\/portal\/wp-json\/wp\/v2\/media?parent=73650"}],"wp:term":[{"taxonomy":"category","embeddable":true,"href":"https:\/\/eltrabajo.cl\/portal\/wp-json\/wp\/v2\/categories?post=73650"},{"taxonomy":"post_tag","embeddable":true,"href":"https:\/\/eltrabajo.cl\/portal\/wp-json\/wp\/v2\/tags?post=73650"}],"curies":[{"name":"wp","href":"https:\/\/api.w.org\/{rel}","templated":true}]}}