{"id":73657,"date":"2016-09-09T09:06:52","date_gmt":"2016-09-09T12:06:52","guid":{"rendered":"http:\/\/www.eltrabajo.cl\/portal\/?p=73657"},"modified":"2016-09-09T09:06:52","modified_gmt":"2016-09-09T12:06:52","slug":"implementan-camaras-de-vigilancia-para-vecinos-de-barrio-las-acacias","status":"publish","type":"post","link":"https:\/\/eltrabajo.cl\/portal\/implementan-camaras-de-vigilancia-para-vecinos-de-barrio-las-acacias\/","title":{"rendered":"Implementan c\u00e1maras de vigilancia para vecinos de Barrio Las Acacias"},"content":{"rendered":"<ul>\n<li><strong>Alcalde Freire se mostr\u00f3 optimista en que la iniciativa gestionada con el respaldo de la Municipalidad, pueda replicarse en otros puntos de la comuna.<\/strong><\/li>\n<\/ul>\n<p>Un verdadero ejemplo de organizaci\u00f3n y de trabajo conjunto para hacer frente a la delincuencia, es el que est\u00e1n dando los vecinos de la calle Abd\u00f3n Cifuentes del Barrio Las Acacias, quienes con el apoyo de la Municipalidad de San Felipe lograron implementar en su sector, un moderno sistema de c\u00e1maras de vigilancia cuyo monitoreo pueden hacer a trav\u00e9s de sus tel\u00e9fonos celulares.<br \/>\nLiderados por Gerardo Albornoz, dirigente de la Junta de Vecinos de Las Acacias, los pobladores de esta arteria lograron organizarse y obtener su personalidad jur\u00eddica, lo que les permiti\u00f3 generar una iniciativa que considera la instalaci\u00f3n de c\u00e1maras de televigilancia, la que cont\u00f3 con el respaldo del alcalde Patricio Freire y del Concejo Municipal.<br \/>\n\u201cLos vecinos nos apoyamos unos a otros. Tenemos los n\u00fameros telef\u00f3nicos de cada uno para comunicarnos en caso de cualquier situaci\u00f3n an\u00f3mala que se registre. Y hay tres vecinos, Juan Molina, Alexis D\u00edaz y Francisco Gonz\u00e1lez, que est\u00e1n monitoreando permanentemente las c\u00e1maras, mientras que cada vecino tiene la aplicaci\u00f3n en sus tel\u00e9fonos para ver en vivo y en directo que est\u00e1 ocurriendo en nuestro sector. Tuvimos un gran apoyo del Alcalde Freire, que crey\u00f3 en nuestro proyecto y nos apoy\u00f3 desde un primer minuto\u201d, se\u00f1al\u00f3 Albornoz.<br \/>\nEl dirigente manifest\u00f3 que desde la puesta en marcha de este sistema, en junio pasado, han advertido positivos resultados, ya que no se han producido hechos delincuenciales, al tiempo que la organizaci\u00f3n de los pobladores, sumado al compromiso de cada uno, ha redundado en mayor sensaci\u00f3n de seguridad.<br \/>\nEn este sentido, el alcalde Patricio Freire felicit\u00f3 a los vecinos del sector por este trabajo colaborativo, que a su juicio, debe ser replicado en otros puntos de la comuna, recalcando que como m\u00e1xima autoridad comunal, est\u00e1 dispuesto a respaldar.<br \/>\n\u201cLas Acacias ha registrado una transformaci\u00f3n sorprendente, el Programa Quiero mi Barrio les permiti\u00f3 realizar mejoramientos important\u00edsimos que favorecieron la calidad de vida de los vecinos, en tanto que hemos continuado en una l\u00ednea de trabajo conjunto con un parque cuyas primeras etapas ya est\u00e1n ejecutadas, con nuevas luminarias, juegos infantiles y una enorme organizaci\u00f3n, que arroja sus frutos a trav\u00e9s de iniciativas como \u00e9sta\u201d, se\u00f1al\u00f3 la autoridad.<br \/>\nPor \u00faltimo, el jefe comunal extendi\u00f3 la invitaci\u00f3n a la comunidad para que siga organiz\u00e1ndose y generando iniciativas como la desarrollada exitosamente por los vecinos de Las Acacias.<\/p>\n<figure id=\"attachment_73658\" aria-describedby=\"caption-attachment-73658\" style=\"width: 530px\" class=\"wp-caption alignleft\"><a href=\"http:\/\/www.eltrabajo.cl\/portal\/implementan-camaras-de-vigilancia-para-vecinos-de-barrio-las-acacias\/camaras-de-vigilancia-1\/\" rel=\"attachment wp-att-73658\"><img data-recalc-dims=\"1\" loading=\"lazy\" decoding=\"async\" class=\"size-full wp-image-73658\" src=\"https:\/\/i0.wp.com\/www.eltrabajo.cl\/portal\/wp-content\/uploads\/2016\/09\/camaras-de-vigilancia-1.jpg?resize=530%2C349\" alt=\"Vecinos de la calle Abd\u00f3n Cifuentes del Barrio Las Acacias, quienes con el apoyo de la Municipalidad de San Felipe lograron implementar en su sector, un moderno sistema de c\u00e1maras de vigilancia cuyo monitoreo pueden hacer a trav\u00e9s de sus tel\u00e9fonos celulares.\" width=\"530\" height=\"349\" srcset=\"https:\/\/i0.wp.com\/eltrabajo.cl\/portal\/wp-content\/uploads\/2016\/09\/camaras-de-vigilancia-1.jpg?w=530&amp;ssl=1 530w, https:\/\/i0.wp.com\/eltrabajo.cl\/portal\/wp-content\/uploads\/2016\/09\/camaras-de-vigilancia-1.jpg?resize=200%2C132&amp;ssl=1 200w, https:\/\/i0.wp.com\/eltrabajo.cl\/portal\/wp-content\/uploads\/2016\/09\/camaras-de-vigilancia-1.jpg?resize=300%2C198&amp;ssl=1 300w, https:\/\/i0.wp.com\/eltrabajo.cl\/portal\/wp-content\/uploads\/2016\/09\/camaras-de-vigilancia-1.jpg?resize=228%2C150&amp;ssl=1 228w, https:\/\/i0.wp.com\/eltrabajo.cl\/portal\/wp-content\/uploads\/2016\/09\/camaras-de-vigilancia-1.jpg?resize=400%2C263&amp;ssl=1 400w\" sizes=\"auto, (max-width: 530px) 100vw, 530px\" \/><\/a><figcaption id=\"caption-attachment-73658\" class=\"wp-caption-text\">Vecinos de la calle Abd\u00f3n Cifuentes del Barrio Las Acacias, quienes con el apoyo de la Municipalidad de San Felipe lograron implementar en su sector, un moderno sistema de c\u00e1maras de vigilancia cuyo monitoreo pueden hacer a trav\u00e9s de sus tel\u00e9fonos celulares.<\/figcaption><\/figure>\n","protected":false},"excerpt":{"rendered":"<p>Alcalde Freire se mostr\u00f3 optimista en que la iniciativa gestionada con el respaldo de la Municipalidad, pueda replicarse en otros puntos de la comuna. Un verdadero ejemplo de organizaci\u00f3n y de trabajo&#8230;<\/p>\n","protected":false},"author":1,"featured_media":73658,"comment_status":"open","ping_status":"open","sticky":false,"template":"","format":"standard","meta":{"advanced_seo_description":"","jetpack_seo_html_title":"","jetpack_seo_noindex":false,"_jetpack_memberships_contains_paid_content":false,"footnotes":""},"categories":[1],"tags":[],"class_list":["post-73657","post","type-post","status-publish","format-standard","has-post-thumbnail","hentry","category-cronica"],"jetpack_featured_media_url":"https:\/\/i0.wp.com\/eltrabajo.cl\/portal\/wp-content\/uploads\/2016\/09\/camaras-de-vigilancia-1.jpg?fit=530%2C349&ssl=1","jetpack_sharing_enabled":true,"jetpack_likes_enabled":true,"jetpack-related-posts":[],"_links":{"self":[{"href":"https:\/\/eltrabajo.cl\/portal\/wp-json\/wp\/v2\/posts\/73657","targetHints":{"allow":["GET"]}}],"collection":[{"href":"https:\/\/eltrabajo.cl\/portal\/wp-json\/wp\/v2\/posts"}],"about":[{"href":"https:\/\/eltrabajo.cl\/portal\/wp-json\/wp\/v2\/types\/post"}],"author":[{"embeddable":true,"href":"https:\/\/eltrabajo.cl\/portal\/wp-json\/wp\/v2\/users\/1"}],"replies":[{"embeddable":true,"href":"https:\/\/eltrabajo.cl\/portal\/wp-json\/wp\/v2\/comments?post=73657"}],"version-history":[{"count":0,"href":"https:\/\/eltrabajo.cl\/portal\/wp-json\/wp\/v2\/posts\/73657\/revisions"}],"wp:featuredmedia":[{"embeddable":true,"href":"https:\/\/eltrabajo.cl\/portal\/wp-json\/wp\/v2\/media\/73658"}],"wp:attachment":[{"href":"https:\/\/eltrabajo.cl\/portal\/wp-json\/wp\/v2\/media?parent=73657"}],"wp:term":[{"taxonomy":"category","embeddable":true,"href":"https:\/\/eltrabajo.cl\/portal\/wp-json\/wp\/v2\/categories?post=73657"},{"taxonomy":"post_tag","embeddable":true,"href":"https:\/\/eltrabajo.cl\/portal\/wp-json\/wp\/v2\/tags?post=73657"}],"curies":[{"name":"wp","href":"https:\/\/api.w.org\/{rel}","templated":true}]}}