{"id":73666,"date":"2016-09-09T09:11:10","date_gmt":"2016-09-09T12:11:10","guid":{"rendered":"http:\/\/www.eltrabajo.cl\/portal\/?p=73666"},"modified":"2016-09-09T09:11:10","modified_gmt":"2016-09-09T12:11:10","slug":"hoy-parte-la-tercera-fiesta-de-la-chilenidad-en-plena-plaza-de-armas","status":"publish","type":"post","link":"https:\/\/eltrabajo.cl\/portal\/hoy-parte-la-tercera-fiesta-de-la-chilenidad-en-plena-plaza-de-armas\/","title":{"rendered":"Hoy parte la tercera Fiesta de la Chilenidad en plena Plaza de Armas"},"content":{"rendered":"<ul>\n<li><strong>Sol y Lluvia cierra hoy primera noche y ma\u00f1ana lo har\u00e1 Illapu:<\/strong><\/li>\n<\/ul>\n<p>Ya est\u00e1 todo listo y dispuesto para la tercera versi\u00f3n de la Fiesta de la Chilenidad que este a\u00f1o se desarrollar\u00e1 en la Plaza de Armas de San Felipe, contando con la participaci\u00f3n de diferentes agrupaciones musicales locales y nacionales, entre las que destacan Sol y Lluvia que cerrar\u00e1 esta primera jornada.<br \/>\nLa fiesta que anteriormente se realiz\u00f3 en el sector de Almendral, se traslad\u00f3 al centro c\u00edvico de San Felipe debido entre otras causas al caos que provocaba la interrupci\u00f3n del tr\u00e1nsito, como asimismo por la calidad de los artistas que estar\u00e1n presentes en esta ocasi\u00f3n. As\u00ed al menos lo destac\u00f3 Ricardo Ruiz, encargado del Departamento de Cultura de la Municipalidad de San Felipe, quien asegur\u00f3 que \u00abproducto de la parrilla art\u00edstica que tenemos en esta oportunidad, sabemos que Almendral es un sector muy peque\u00f1o para recibir a la gran cantidad de gente que va a querer ver a estos grupos de destacada trayectoria a nivel nacional e internacional, es por esto que se tom\u00f3 la decisi\u00f3n de trasladar la fiesta de la chilenidad hacia un lugar m\u00e1s democr\u00e1tico, con mejores accesos para todos los vecinos por igual\u00bb.<br \/>\nLa jornada de hoy viernes comenzar\u00e1 a las 19 horas con la presentaci\u00f3n del grupo local int\u00e9rprete de m\u00fasica andina, Chungar\u00e1. Le seguir\u00e1 El Rolo, destacado humorista nacional, con su \u00abchispa sure\u00f1a\u00bb y, finalmente, la participaci\u00f3n de Sol y Lluvia, para cerrar la primera noche de festejos.<br \/>\nMa\u00f1ana s\u00e1bado, la jornada pretende comenzar muy temprano con la realizaci\u00f3n de diversos juegos t\u00edpicos, mientras que en el show art\u00edstico propiamente tal, estar\u00e1n present\u00e1ndose Carmela y Lucho, dupla de humor local, Tormenta y Panderos y la Nueva Gran Sonora, para dejar el cierre a cargo de Illapu.<br \/>\nAl margen de la parrilla art\u00edstica, en el principal centro c\u00edvico de la comuna, se instalar\u00e1 una feria con un centenar de puestos con productos t\u00edpicos del consumo de los chilenos en esta fecha, y que \u2013seg\u00fan Ruiz- pretende dar cumplimiento a uno de los objetivos que tiene esta fiesta.<br \/>\n\u00abVan a estar las Vi\u00f1as ofreciendo sus productos, habr\u00e1n comidas t\u00edpicas y la idea es que quienes vengan puedan abastecerse de todo lo necesario: el pipe\u00f1o, la chicha, el charqui y todo lo que quieran para poder celebrar el 18 de Septiembre\u00bb, destac\u00f3.<br \/>\nPor su parte el alcalde de San Felipe, Patricio Freire destac\u00f3 la participaci\u00f3n de grandes, por lo que invit\u00f3 a todos los vecinos a disfrutar de esta fiesta chilena.<br \/>\nLa realizaci\u00f3n de la III Versi\u00f3n de la fiesta de la chilenidad, implicar\u00e1 el corte de tr\u00e1nsito en calle Salinas entre Prat y Merced, corte que se hizo efectivo anoche y que se extender\u00e1 hasta la madrugada del domingo 11. Se espera que a partir de este a\u00f1o, esta celebraci\u00f3n comience a rotar por diferentes espacios de la comuna, dando mayor facilidad de acceso a los vecinos y vecinas de distintos sectores.<\/p>\n<figure id=\"attachment_73667\" aria-describedby=\"caption-attachment-73667\" style=\"width: 530px\" class=\"wp-caption alignleft\"><a href=\"http:\/\/www.eltrabajo.cl\/portal\/hoy-parte-la-tercera-fiesta-de-la-chilenidad-en-plena-plaza-de-armas\/ensacados\/\" rel=\"attachment wp-att-73667\"><img data-recalc-dims=\"1\" loading=\"lazy\" decoding=\"async\" class=\"size-full wp-image-73667\" src=\"https:\/\/i0.wp.com\/www.eltrabajo.cl\/portal\/wp-content\/uploads\/2016\/09\/ensacados.jpg?resize=530%2C349\" alt=\"Una aut\u00e9ntica fiesta de chilenidad es la que se ha instaurado en los \u00faltimos tres a\u00f1os. (Foto fiesta 2014).\" width=\"530\" height=\"349\" srcset=\"https:\/\/i0.wp.com\/eltrabajo.cl\/portal\/wp-content\/uploads\/2016\/09\/ensacados.jpg?w=530&amp;ssl=1 530w, https:\/\/i0.wp.com\/eltrabajo.cl\/portal\/wp-content\/uploads\/2016\/09\/ensacados.jpg?resize=200%2C132&amp;ssl=1 200w, https:\/\/i0.wp.com\/eltrabajo.cl\/portal\/wp-content\/uploads\/2016\/09\/ensacados.jpg?resize=300%2C198&amp;ssl=1 300w, https:\/\/i0.wp.com\/eltrabajo.cl\/portal\/wp-content\/uploads\/2016\/09\/ensacados.jpg?resize=228%2C150&amp;ssl=1 228w, https:\/\/i0.wp.com\/eltrabajo.cl\/portal\/wp-content\/uploads\/2016\/09\/ensacados.jpg?resize=400%2C263&amp;ssl=1 400w\" sizes=\"auto, (max-width: 530px) 100vw, 530px\" \/><\/a><figcaption id=\"caption-attachment-73667\" class=\"wp-caption-text\">Una aut\u00e9ntica fiesta de chilenidad es la que se ha instaurado en los \u00faltimos tres a\u00f1os. (Foto fiesta 2014).<\/figcaption><\/figure>\n","protected":false},"excerpt":{"rendered":"<p>Sol y Lluvia cierra hoy primera noche y ma\u00f1ana lo har\u00e1 Illapu: Ya est\u00e1 todo listo y dispuesto para la tercera versi\u00f3n de la Fiesta de la Chilenidad que este a\u00f1o se&#8230;<\/p>\n","protected":false},"author":1,"featured_media":73667,"comment_status":"open","ping_status":"open","sticky":false,"template":"","format":"standard","meta":{"advanced_seo_description":"","jetpack_seo_html_title":"","jetpack_seo_noindex":false,"_jetpack_memberships_contains_paid_content":false,"footnotes":""},"categories":[1],"tags":[],"class_list":["post-73666","post","type-post","status-publish","format-standard","has-post-thumbnail","hentry","category-cronica"],"jetpack_featured_media_url":"https:\/\/i0.wp.com\/eltrabajo.cl\/portal\/wp-content\/uploads\/2016\/09\/ensacados.jpg?fit=530%2C349&ssl=1","jetpack_sharing_enabled":true,"jetpack_likes_enabled":true,"jetpack-related-posts":[],"_links":{"self":[{"href":"https:\/\/eltrabajo.cl\/portal\/wp-json\/wp\/v2\/posts\/73666","targetHints":{"allow":["GET"]}}],"collection":[{"href":"https:\/\/eltrabajo.cl\/portal\/wp-json\/wp\/v2\/posts"}],"about":[{"href":"https:\/\/eltrabajo.cl\/portal\/wp-json\/wp\/v2\/types\/post"}],"author":[{"embeddable":true,"href":"https:\/\/eltrabajo.cl\/portal\/wp-json\/wp\/v2\/users\/1"}],"replies":[{"embeddable":true,"href":"https:\/\/eltrabajo.cl\/portal\/wp-json\/wp\/v2\/comments?post=73666"}],"version-history":[{"count":0,"href":"https:\/\/eltrabajo.cl\/portal\/wp-json\/wp\/v2\/posts\/73666\/revisions"}],"wp:featuredmedia":[{"embeddable":true,"href":"https:\/\/eltrabajo.cl\/portal\/wp-json\/wp\/v2\/media\/73667"}],"wp:attachment":[{"href":"https:\/\/eltrabajo.cl\/portal\/wp-json\/wp\/v2\/media?parent=73666"}],"wp:term":[{"taxonomy":"category","embeddable":true,"href":"https:\/\/eltrabajo.cl\/portal\/wp-json\/wp\/v2\/categories?post=73666"},{"taxonomy":"post_tag","embeddable":true,"href":"https:\/\/eltrabajo.cl\/portal\/wp-json\/wp\/v2\/tags?post=73666"}],"curies":[{"name":"wp","href":"https:\/\/api.w.org\/{rel}","templated":true}]}}