{"id":73674,"date":"2016-09-12T09:04:47","date_gmt":"2016-09-12T12:04:47","guid":{"rendered":"http:\/\/www.eltrabajo.cl\/portal\/?p=73674"},"modified":"2016-09-12T09:04:47","modified_gmt":"2016-09-12T12:04:47","slug":"exitosa-charla-sobre-la-ley-emilia-se-realizo-en-la-universidad-de-aconcagua","status":"publish","type":"post","link":"https:\/\/eltrabajo.cl\/portal\/exitosa-charla-sobre-la-ley-emilia-se-realizo-en-la-universidad-de-aconcagua\/","title":{"rendered":"Exitosa charla sobre la Ley Emilia se realiz\u00f3 en la Universidad de Aconcagua"},"content":{"rendered":"<ul>\n<li><strong>La actividad reuni\u00f3 a m\u00e1s de cien personas en la casa de estudios y cont\u00f3 con la asistencia del padre de Emilia, Benjam\u00edn Silva y de destacados panelistas, que protagonizaron un interesante debate respecto a los alcances, proyecciones y mejoras que deben existir en el cuerpo legal.<\/strong><\/li>\n<\/ul>\n<p>En el marco del trabajo conjunto entre la Gobernaci\u00f3n Provincial de San Felipe y de la Universidad de Aconcagua, la entidad estudiantil recibi\u00f3 la charla Ley Emilia N\u00ba20.770, en la b\u00fasqueda de una nueva cultura vial, propuestas y proyecciones, la que cont\u00f3 con una gran cantidad de asistentes, entre ellos, Ana Mar\u00eda Espinoza, esposa de Javier Mu\u00f1oz.<br \/>\nEl panel, compuesto por Benjam\u00edn Silva y los abogados Marco Lillo De La Cruz y Jos\u00e9 Luis Correa, m\u00e1s la participaci\u00f3n como moderador del director de la Carrera de Derecho de la UAC, Claudio G\u00f3mez, protagoniz\u00f3 un interesante debate sobre la estructura de la ley, las sanciones y las mejoras que deber\u00edan realizarse, siendo el punto que m\u00e1s atenci\u00f3n atrajo el referente a las diferencias existentes entre el trato a las v\u00edctimas y a quienes protagonizan accidentes de tr\u00e1nsito por conducir en estado de ebriedad. En este ac\u00e1pite, las dudas sobre el equilibrio o desequilibrio que presenta el sistema al momento de sancionar, hicieron que los asistentes realizaran una gran cantidad de preguntas a los panelistas.<br \/>\n\u00abM\u00e1s all\u00e1 de las discusiones y argumentos, que son todos leg\u00edtimos y v\u00e1lidos aunque pensemos diferente con parte del panel, les doy las gracias a las personas de San Felipe por haber asistido y a la Universidad de Aconcagua, que es la primera que nos abre las puertas para participar en un foro de discusi\u00f3n sobre la ley. Mucho se ha hablado de la ley Emilia, pero nunca nos hab\u00edan invitado a debatir y eso lo agradecemos profundamente\u00bb, sostuvo Benjam\u00edn Silva, quien es adem\u00e1s el vicepresidente ejecutivo de la Fundaci\u00f3n Emilia.<br \/>\nPor su parte, el director de la Sede San Felipe de la UAC, Javier Cerda, destac\u00f3 la asistencia del p\u00fablico y enfatiz\u00f3 en que las puertas de la sede San Felipe est\u00e1n abiertas para organizar cualquier instancia de debate. \u00abEste es un trabajo en el que la Carrera de Derecho ha realizado constantes y significativas gestiones para ser protagonistas del debate en temas de importancia local, regional y nacional. Como Universidad nos sentimos orgullosos de recibir este panel, de contar con la asistencia de Ana Mar\u00eda Espinoza, de Benjam\u00edn Silva y de seguir abriendo puertas para diferentes instancias, las que esperamos que se repitan, ya que es parte de nuestro rol como universidad\u00bb, sentenci\u00f3 Cerda.<br \/>\nFinalmente, el director de la Carrera de Derecho de la UAC, Claudio G\u00f3mez, agradeci\u00f3 a cada uno de los panelistas y asistentes por la activa participaci\u00f3n y por el apoyo entregado a la instancia. \u00abNuestro objetivo es crear discusi\u00f3n, debate y pensamiento cr\u00edtico. Una de las maneras de mejorar es conversar, generar nuevas ideas y aprender de las diferentes experiencias. Hoy tuvimos un gran panel, como los que hemos tenido anteriormente en otras instancias y ya estamos pensando en los siguientes eventos de aqu\u00ed a fin de a\u00f1o, los que esperamos que cuenten con esta misma convocatoria\u00bb, concluy\u00f3 G\u00f3mez.<\/p>\n<figure id=\"attachment_73675\" aria-describedby=\"caption-attachment-73675\" style=\"width: 530px\" class=\"wp-caption alignleft\"><a href=\"http:\/\/www.eltrabajo.cl\/portal\/exitosa-charla-sobre-la-ley-emilia-se-realizo-en-la-universidad-de-aconcagua\/fotofinal\/\" rel=\"attachment wp-att-73675\"><img data-recalc-dims=\"1\" loading=\"lazy\" decoding=\"async\" class=\"size-full wp-image-73675\" src=\"https:\/\/i0.wp.com\/www.eltrabajo.cl\/portal\/wp-content\/uploads\/2016\/09\/fotofinal.jpg?resize=530%2C350\" alt=\"La actividad reuni\u00f3 a m\u00e1s de cien personas en la casa de estudios y cont\u00f3 con la asistencia del padre de Emilia, Benjam\u00edn Silva y de destacados panelistas, que protagonizaron un interesante debate respecto a los alcances, proyecciones y mejoras que deben existir en el cuerpo legal.\" width=\"530\" height=\"350\" srcset=\"https:\/\/i0.wp.com\/eltrabajo.cl\/portal\/wp-content\/uploads\/2016\/09\/fotofinal.jpg?w=530&amp;ssl=1 530w, https:\/\/i0.wp.com\/eltrabajo.cl\/portal\/wp-content\/uploads\/2016\/09\/fotofinal.jpg?resize=200%2C132&amp;ssl=1 200w, https:\/\/i0.wp.com\/eltrabajo.cl\/portal\/wp-content\/uploads\/2016\/09\/fotofinal.jpg?resize=300%2C198&amp;ssl=1 300w, https:\/\/i0.wp.com\/eltrabajo.cl\/portal\/wp-content\/uploads\/2016\/09\/fotofinal.jpg?resize=227%2C150&amp;ssl=1 227w, https:\/\/i0.wp.com\/eltrabajo.cl\/portal\/wp-content\/uploads\/2016\/09\/fotofinal.jpg?resize=400%2C264&amp;ssl=1 400w\" sizes=\"auto, (max-width: 530px) 100vw, 530px\" \/><\/a><figcaption id=\"caption-attachment-73675\" class=\"wp-caption-text\">La actividad reuni\u00f3 a m\u00e1s de cien personas en la casa de estudios y cont\u00f3 con la asistencia del padre de Emilia, Benjam\u00edn Silva y de destacados panelistas, que protagonizaron un interesante debate respecto a los alcances, proyecciones y mejoras que deben existir en el cuerpo legal.<\/figcaption><\/figure>\n","protected":false},"excerpt":{"rendered":"<p>La actividad reuni\u00f3 a m\u00e1s de cien personas en la casa de estudios y cont\u00f3 con la asistencia del padre de Emilia, Benjam\u00edn Silva y de destacados panelistas, que protagonizaron un interesante&#8230;<\/p>\n","protected":false},"author":1,"featured_media":73675,"comment_status":"open","ping_status":"open","sticky":false,"template":"","format":"standard","meta":{"advanced_seo_description":"","jetpack_seo_html_title":"","jetpack_seo_noindex":false,"_jetpack_memberships_contains_paid_content":false,"footnotes":""},"categories":[1],"tags":[],"class_list":["post-73674","post","type-post","status-publish","format-standard","has-post-thumbnail","hentry","category-cronica"],"jetpack_featured_media_url":"https:\/\/i0.wp.com\/eltrabajo.cl\/portal\/wp-content\/uploads\/2016\/09\/fotofinal.jpg?fit=530%2C350&ssl=1","jetpack_sharing_enabled":true,"jetpack_likes_enabled":true,"jetpack-related-posts":[],"_links":{"self":[{"href":"https:\/\/eltrabajo.cl\/portal\/wp-json\/wp\/v2\/posts\/73674","targetHints":{"allow":["GET"]}}],"collection":[{"href":"https:\/\/eltrabajo.cl\/portal\/wp-json\/wp\/v2\/posts"}],"about":[{"href":"https:\/\/eltrabajo.cl\/portal\/wp-json\/wp\/v2\/types\/post"}],"author":[{"embeddable":true,"href":"https:\/\/eltrabajo.cl\/portal\/wp-json\/wp\/v2\/users\/1"}],"replies":[{"embeddable":true,"href":"https:\/\/eltrabajo.cl\/portal\/wp-json\/wp\/v2\/comments?post=73674"}],"version-history":[{"count":0,"href":"https:\/\/eltrabajo.cl\/portal\/wp-json\/wp\/v2\/posts\/73674\/revisions"}],"wp:featuredmedia":[{"embeddable":true,"href":"https:\/\/eltrabajo.cl\/portal\/wp-json\/wp\/v2\/media\/73675"}],"wp:attachment":[{"href":"https:\/\/eltrabajo.cl\/portal\/wp-json\/wp\/v2\/media?parent=73674"}],"wp:term":[{"taxonomy":"category","embeddable":true,"href":"https:\/\/eltrabajo.cl\/portal\/wp-json\/wp\/v2\/categories?post=73674"},{"taxonomy":"post_tag","embeddable":true,"href":"https:\/\/eltrabajo.cl\/portal\/wp-json\/wp\/v2\/tags?post=73674"}],"curies":[{"name":"wp","href":"https:\/\/api.w.org\/{rel}","templated":true}]}}