{"id":73682,"date":"2016-09-12T09:14:09","date_gmt":"2016-09-12T12:14:09","guid":{"rendered":"http:\/\/www.eltrabajo.cl\/portal\/?p=73682"},"modified":"2016-09-12T09:14:09","modified_gmt":"2016-09-12T12:14:09","slug":"miles-de-empanadas-y-chicha-para-la-gente-entregan-en-santa-maria","status":"publish","type":"post","link":"https:\/\/eltrabajo.cl\/portal\/miles-de-empanadas-y-chicha-para-la-gente-entregan-en-santa-maria\/","title":{"rendered":"Miles de empanadas y chicha para la gente entregan en Santa Mar\u00eda"},"content":{"rendered":"<p><strong>SANTA MARIA.-<\/strong>\u00a0La comuna de Santa Mar\u00eda se visti\u00f3 de tricolor este domingo cuando en la plaza de Armas se realiz\u00f3 uno de los eventos m\u00e1s tradicionales y concurridos del mes de septiembre, que cont\u00f3 con gran asistencia de vecinos y vecinas, dando el vamos a la celebraci\u00f3n de Fiestas Patrias.<br \/>\nEn la actividad, se efectuaron juegos t\u00edpicos; como el trompo, palo encebado, tirar la cuerda, el volant\u00edn m\u00e1s hermoso, la empanada m\u00e1s grande, entre muchos otros, con premios en dinero en efectivo, adem\u00e1s se entregaron miles de empanadas y chicha para toda la gente reunida en el frontis de la municipalidad. Celebraci\u00f3n en grande para dar inicio a los festejos del mes de la Patria, donde toda la comunidad disfrut\u00f3 junto al alcalde Claudio Zurita, al Concejo Municipal, Radio Orolonco y funcionarios de la municipalidad, sin duda una fiesta familiar que fue todo un \u00e9xito.<br \/>\nEl alcalde Claudio Zurita se mostr\u00f3 feliz con el resultado de la actividad, se\u00f1alando que el objetivo de la fiesta se cumpli\u00f3 con creces \u201cen v\u00edsperas de fiestas patrias hacemos una fiesta para todos los vecinos y vecinas que llegan no solo de Santa Mar\u00eda, sino que tambi\u00e9n de otros puntos del Valle del Aconcagua, lo que me deja muy feliz. Que la gente disfrute, para nosotros ya es algo tradicional, vienen, participan, comparten y lo m\u00e1s importante es que en todas estas competencias entregamos premios en dinero en efectivo, para terminar degustando una rica empanadas y chicha de nuestra comuna\u201d.<br \/>\nFinalmente el edil, agradeci\u00f3 a todos los que hicieron posible que esta actividad sea un \u00e9xito y manifest\u00f3 sus deseos de que Santa Mar\u00eda y el Valle del Aconcagua disfruten con mucha alegr\u00eda pero tambi\u00e9n con responsabilidad, de unas felices Fiestas Patrias.<\/p>\n<figure id=\"attachment_73683\" aria-describedby=\"caption-attachment-73683\" style=\"width: 530px\" class=\"wp-caption alignleft\"><a href=\"http:\/\/www.eltrabajo.cl\/portal\/miles-de-empanadas-y-chicha-para-la-gente-entregan-en-santa-maria\/empana\/\" rel=\"attachment wp-att-73683\"><img data-recalc-dims=\"1\" loading=\"lazy\" decoding=\"async\" class=\"size-full wp-image-73683\" src=\"https:\/\/i0.wp.com\/www.eltrabajo.cl\/portal\/wp-content\/uploads\/2016\/09\/EMPANA.jpg?resize=530%2C350\" alt=\"En la actividad se efectuaron juegos t\u00edpicos; como el trompo, palo encebado, tirar la cuerda, el volant\u00edn m\u00e1s hermoso, la empanada m\u00e1s grande.\" width=\"530\" height=\"350\" srcset=\"https:\/\/i0.wp.com\/eltrabajo.cl\/portal\/wp-content\/uploads\/2016\/09\/EMPANA.jpg?w=530&amp;ssl=1 530w, https:\/\/i0.wp.com\/eltrabajo.cl\/portal\/wp-content\/uploads\/2016\/09\/EMPANA.jpg?resize=200%2C132&amp;ssl=1 200w, https:\/\/i0.wp.com\/eltrabajo.cl\/portal\/wp-content\/uploads\/2016\/09\/EMPANA.jpg?resize=300%2C198&amp;ssl=1 300w, https:\/\/i0.wp.com\/eltrabajo.cl\/portal\/wp-content\/uploads\/2016\/09\/EMPANA.jpg?resize=227%2C150&amp;ssl=1 227w, https:\/\/i0.wp.com\/eltrabajo.cl\/portal\/wp-content\/uploads\/2016\/09\/EMPANA.jpg?resize=400%2C264&amp;ssl=1 400w\" sizes=\"auto, (max-width: 530px) 100vw, 530px\" \/><\/a><figcaption id=\"caption-attachment-73683\" class=\"wp-caption-text\">En la actividad se efectuaron juegos t\u00edpicos; como el trompo, palo encebado, tirar la cuerda, el volant\u00edn m\u00e1s hermoso, la empanada m\u00e1s grande.<\/figcaption><\/figure>\n","protected":false},"excerpt":{"rendered":"<p>SANTA MARIA.-\u00a0La comuna de Santa Mar\u00eda se visti\u00f3 de tricolor este domingo cuando en la plaza de Armas se realiz\u00f3 uno de los eventos m\u00e1s tradicionales y concurridos del mes de septiembre,&#8230;<\/p>\n","protected":false},"author":1,"featured_media":73683,"comment_status":"open","ping_status":"open","sticky":false,"template":"","format":"standard","meta":{"advanced_seo_description":"","jetpack_seo_html_title":"","jetpack_seo_noindex":false,"_jetpack_memberships_contains_paid_content":false,"footnotes":""},"categories":[1],"tags":[],"class_list":["post-73682","post","type-post","status-publish","format-standard","has-post-thumbnail","hentry","category-cronica"],"jetpack_featured_media_url":"https:\/\/i0.wp.com\/eltrabajo.cl\/portal\/wp-content\/uploads\/2016\/09\/EMPANA.jpg?fit=530%2C350&ssl=1","jetpack_sharing_enabled":true,"jetpack_likes_enabled":true,"jetpack-related-posts":[],"_links":{"self":[{"href":"https:\/\/eltrabajo.cl\/portal\/wp-json\/wp\/v2\/posts\/73682","targetHints":{"allow":["GET"]}}],"collection":[{"href":"https:\/\/eltrabajo.cl\/portal\/wp-json\/wp\/v2\/posts"}],"about":[{"href":"https:\/\/eltrabajo.cl\/portal\/wp-json\/wp\/v2\/types\/post"}],"author":[{"embeddable":true,"href":"https:\/\/eltrabajo.cl\/portal\/wp-json\/wp\/v2\/users\/1"}],"replies":[{"embeddable":true,"href":"https:\/\/eltrabajo.cl\/portal\/wp-json\/wp\/v2\/comments?post=73682"}],"version-history":[{"count":0,"href":"https:\/\/eltrabajo.cl\/portal\/wp-json\/wp\/v2\/posts\/73682\/revisions"}],"wp:featuredmedia":[{"embeddable":true,"href":"https:\/\/eltrabajo.cl\/portal\/wp-json\/wp\/v2\/media\/73683"}],"wp:attachment":[{"href":"https:\/\/eltrabajo.cl\/portal\/wp-json\/wp\/v2\/media?parent=73682"}],"wp:term":[{"taxonomy":"category","embeddable":true,"href":"https:\/\/eltrabajo.cl\/portal\/wp-json\/wp\/v2\/categories?post=73682"},{"taxonomy":"post_tag","embeddable":true,"href":"https:\/\/eltrabajo.cl\/portal\/wp-json\/wp\/v2\/tags?post=73682"}],"curies":[{"name":"wp","href":"https:\/\/api.w.org\/{rel}","templated":true}]}}