{"id":73686,"date":"2016-09-12T09:18:03","date_gmt":"2016-09-12T12:18:03","guid":{"rendered":"http:\/\/www.eltrabajo.cl\/portal\/?p=73686"},"modified":"2016-09-12T09:18:03","modified_gmt":"2016-09-12T12:18:03","slug":"exitosa-tercera-version-de-la-fiesta-de-la-chilenidad-congrego-a-miles-de-personas","status":"publish","type":"post","link":"https:\/\/eltrabajo.cl\/portal\/exitosa-tercera-version-de-la-fiesta-de-la-chilenidad-congrego-a-miles-de-personas\/","title":{"rendered":"Exitosa tercera versi\u00f3n de la Fiesta de la Chilenidad congreg\u00f3 a miles de personas"},"content":{"rendered":"<p>Un triunfo result\u00f3 la tercera versi\u00f3n de la Fiesta de la Chilenidad 2016, que congreg\u00f3 a m\u00e1s de seis mil personasen su noche final, quienes llegaron a disfrutar de la m\u00fasica de grupos locales y de Sol y Lluvia e Illapu que se presentaron en la plaza de armas de la comuna.<br \/>\nTal como en a\u00f1os en anteriores, vecinos de todo el Valle de Aconcagua llegaron a disfrutar de esta fiesta, que nuevamente cont\u00f3 con la presencia de las vi\u00f1as de esta zona y de artesanos, que ubicados en la plaza de armas, pudieron mostrar sus trabajos.<br \/>\nDesde el viernes por la tarde y durante todo el s\u00e1bado, fueron miles los asistentes que recorrieron la feria y pudieron disfrutar de los productos t\u00edpicos de Aconcagua, entre los que destacaron la chicha, el charqui y los m\u00e1s exquisitos vinos.<br \/>\nEn tanto en el show destac\u00f3 la presencia de agrupaciones locales, y especialmente la m\u00fasica de Sol y Lluvia y del grupo Illapu, cuya presentaci\u00f3n reuni\u00f3 a m\u00e1s de seis mil asistentes, que corearon cada una de sus conocidas canciones.<br \/>\n\u201cMuy contento del \u00e9xito que hemos tenido en esta tercera versi\u00f3n de la Fiesta de la Chilenidad, en nuestra plaza de armas de San Felipe. Felices de haber tenido una Misa a la Chilena el d\u00eda s\u00e1bado, adem\u00e1s de grandes grupos y tambi\u00e9n una gran cantidad de artesanos del Valle de Aconcagua mostrando sus productos elaborados en el valle. Y tambi\u00e9n felicitar la convocatoria que ha tenido esta fiesta, hoy un broche de oro con el grupo Illapu\u201d, se\u00f1al\u00f3 el alcalde Patricio Freire.<br \/>\nTal como se\u00f1al\u00f3 el jefe comunal, a mediod\u00eda del s\u00e1bado y presidida por el Padre Omar Orellana se realiz\u00f3 la Misa a la Chilena en la Catedral de San Felipe, actividad en que participaron el alcalde Patricio Freire y los concejales Rodolfo Silva, Basilio Muena y Dante Rodr\u00edguez, adem\u00e1s del grupo Tierra Querida y decenas de vecinos de la comuna.<\/p>\n<figure id=\"attachment_73687\" aria-describedby=\"caption-attachment-73687\" style=\"width: 530px\" class=\"wp-caption alignleft\"><a href=\"http:\/\/www.eltrabajo.cl\/portal\/exitosa-tercera-version-de-la-fiesta-de-la-chilenidad-congrego-a-miles-de-personas\/chilenidad-3\/\" rel=\"attachment wp-att-73687\"><img data-recalc-dims=\"1\" loading=\"lazy\" decoding=\"async\" class=\"size-full wp-image-73687\" src=\"https:\/\/i0.wp.com\/www.eltrabajo.cl\/portal\/wp-content\/uploads\/2016\/09\/chilenidad-3.jpg?resize=530%2C349\" alt=\"Desde el viernes por la tarde y durante todo el s\u00e1bado, fueron miles los asistentes que recorrieron la feria y pudieron disfrutar del show, donde destac\u00f3 la presencia de agrupaciones locales, y especialmente la m\u00fasica de Sol y Lluvia y del grupo Illapu.\" width=\"530\" height=\"349\" srcset=\"https:\/\/i0.wp.com\/eltrabajo.cl\/portal\/wp-content\/uploads\/2016\/09\/chilenidad-3.jpg?w=530&amp;ssl=1 530w, https:\/\/i0.wp.com\/eltrabajo.cl\/portal\/wp-content\/uploads\/2016\/09\/chilenidad-3.jpg?resize=200%2C132&amp;ssl=1 200w, https:\/\/i0.wp.com\/eltrabajo.cl\/portal\/wp-content\/uploads\/2016\/09\/chilenidad-3.jpg?resize=300%2C198&amp;ssl=1 300w, https:\/\/i0.wp.com\/eltrabajo.cl\/portal\/wp-content\/uploads\/2016\/09\/chilenidad-3.jpg?resize=228%2C150&amp;ssl=1 228w, https:\/\/i0.wp.com\/eltrabajo.cl\/portal\/wp-content\/uploads\/2016\/09\/chilenidad-3.jpg?resize=400%2C263&amp;ssl=1 400w\" sizes=\"auto, (max-width: 530px) 100vw, 530px\" \/><\/a><figcaption id=\"caption-attachment-73687\" class=\"wp-caption-text\">Desde el viernes por la tarde y durante todo el s\u00e1bado, fueron miles los asistentes que recorrieron la feria y pudieron disfrutar del show, donde destac\u00f3 la presencia de agrupaciones locales, y especialmente la m\u00fasica de Sol y Lluvia y del grupo Illapu.<\/figcaption><\/figure>\n","protected":false},"excerpt":{"rendered":"<p>Un triunfo result\u00f3 la tercera versi\u00f3n de la Fiesta de la Chilenidad 2016, que congreg\u00f3 a m\u00e1s de seis mil personasen su noche final, quienes llegaron a disfrutar de la m\u00fasica de&#8230;<\/p>\n","protected":false},"author":1,"featured_media":73687,"comment_status":"open","ping_status":"open","sticky":false,"template":"","format":"standard","meta":{"advanced_seo_description":"","jetpack_seo_html_title":"","jetpack_seo_noindex":false,"_jetpack_memberships_contains_paid_content":false,"footnotes":""},"categories":[1],"tags":[],"class_list":["post-73686","post","type-post","status-publish","format-standard","has-post-thumbnail","hentry","category-cronica"],"jetpack_featured_media_url":"https:\/\/i0.wp.com\/eltrabajo.cl\/portal\/wp-content\/uploads\/2016\/09\/chilenidad-3.jpg?fit=530%2C349&ssl=1","jetpack_sharing_enabled":true,"jetpack_likes_enabled":true,"jetpack-related-posts":[],"_links":{"self":[{"href":"https:\/\/eltrabajo.cl\/portal\/wp-json\/wp\/v2\/posts\/73686","targetHints":{"allow":["GET"]}}],"collection":[{"href":"https:\/\/eltrabajo.cl\/portal\/wp-json\/wp\/v2\/posts"}],"about":[{"href":"https:\/\/eltrabajo.cl\/portal\/wp-json\/wp\/v2\/types\/post"}],"author":[{"embeddable":true,"href":"https:\/\/eltrabajo.cl\/portal\/wp-json\/wp\/v2\/users\/1"}],"replies":[{"embeddable":true,"href":"https:\/\/eltrabajo.cl\/portal\/wp-json\/wp\/v2\/comments?post=73686"}],"version-history":[{"count":0,"href":"https:\/\/eltrabajo.cl\/portal\/wp-json\/wp\/v2\/posts\/73686\/revisions"}],"wp:featuredmedia":[{"embeddable":true,"href":"https:\/\/eltrabajo.cl\/portal\/wp-json\/wp\/v2\/media\/73687"}],"wp:attachment":[{"href":"https:\/\/eltrabajo.cl\/portal\/wp-json\/wp\/v2\/media?parent=73686"}],"wp:term":[{"taxonomy":"category","embeddable":true,"href":"https:\/\/eltrabajo.cl\/portal\/wp-json\/wp\/v2\/categories?post=73686"},{"taxonomy":"post_tag","embeddable":true,"href":"https:\/\/eltrabajo.cl\/portal\/wp-json\/wp\/v2\/tags?post=73686"}],"curies":[{"name":"wp","href":"https:\/\/api.w.org\/{rel}","templated":true}]}}