{"id":73690,"date":"2016-09-12T09:20:25","date_gmt":"2016-09-12T12:20:25","guid":{"rendered":"http:\/\/www.eltrabajo.cl\/portal\/?p=73690"},"modified":"2016-09-12T09:20:25","modified_gmt":"2016-09-12T12:20:25","slug":"catemino-de-ocho-anos-gana-sudamericano-de-artes-marciales","status":"publish","type":"post","link":"https:\/\/eltrabajo.cl\/portal\/catemino-de-ocho-anos-gana-sudamericano-de-artes-marciales\/","title":{"rendered":"Catemino de ocho a\u00f1os gana sudamericano de Artes Marciales"},"content":{"rendered":"<ul>\n<li><strong>Clemente Villalobos con Oro en Uruguay:<\/strong><\/li>\n<\/ul>\n<p>M\u00e1s que espectacular fue la participaci\u00f3n de los once karatekas del Club Deportivo Catemu, que viajaron a la ciudad de Maldonado, Uruguay, pues no solamente dejaron el nombre de Aconcagua muy en alto, sino que tambi\u00e9n regresaron con una medalla de oro; cuatro de plata y cuatro de bronce.<\/p>\n<p><strong>EL MEDALLAJE<\/strong><br \/>\n\u00abFue la Copa Escuela Shotokan Maldonado, en Punta del Este, una gran aventura para todos, fue el peque\u00f1o Clemente Villalobos, de ocho a\u00f1os, quien sorprendi\u00f3 a todos cuando gan\u00f3 la medalla de oro por Chile en su categor\u00eda, una gran promesa deportiva que a su corta edad est\u00e1 triunfando en este Suramericano de Artes Marciales\u00bb, destac\u00f3 el Sensei Daniel Arias a Diario El Trabajo.<br \/>\nPero no s\u00f3lo este peque\u00f1o campe\u00f3n obtuvo medallas, tambi\u00e9n hubo Plata para Alicia Jim\u00e9nez, Camila Salazar, Ricardo Meza y Aquem\u00ed Prima, todos en la U10. Tambi\u00e9n regresaron con Bronce Sebasti\u00e1n Torres, Luna P\u00e9rez, Esteban Henr\u00edquez, Daniel Arias y Daniel Arias Jr. y Amel\u00ed Contreras.<br \/>\n\u00abEsta experiencia nos impulsa a entrenar m\u00e1s para el Regional de Valpara\u00edso que ser\u00e1 el 12 de noviembre, estoy agradecido con los padres y apoderados de estos deportistas, sin ellos no se habr\u00eda logrado esta traves\u00eda internacional\u00bb, dijo Arias finalmente.<br \/>\n<strong>Roberto Gonz\u00e1lez Short<\/strong><\/p>\n<figure id=\"attachment_73691\" aria-describedby=\"caption-attachment-73691\" style=\"width: 530px\" class=\"wp-caption alignleft\"><a href=\"http:\/\/www.eltrabajo.cl\/portal\/catemino-de-ocho-anos-gana-sudamericano-de-artes-marciales\/campeon33-1\/\" rel=\"attachment wp-att-73691\"><img data-recalc-dims=\"1\" loading=\"lazy\" decoding=\"async\" class=\"size-full wp-image-73691\" src=\"https:\/\/i0.wp.com\/www.eltrabajo.cl\/portal\/wp-content\/uploads\/2016\/09\/Campeon33-1.jpg?resize=530%2C348\" alt=\"EL CAMPE\u00d3N ES DE CATEMU.- Aqu\u00ed tenemos a nuestro campe\u00f3n suramericano con su medalla de oro, Clemente Villalobos de tan solo ocho a\u00f1os.\" width=\"530\" height=\"348\" srcset=\"https:\/\/i0.wp.com\/eltrabajo.cl\/portal\/wp-content\/uploads\/2016\/09\/Campeon33-1.jpg?w=530&amp;ssl=1 530w, https:\/\/i0.wp.com\/eltrabajo.cl\/portal\/wp-content\/uploads\/2016\/09\/Campeon33-1.jpg?resize=200%2C131&amp;ssl=1 200w, https:\/\/i0.wp.com\/eltrabajo.cl\/portal\/wp-content\/uploads\/2016\/09\/Campeon33-1.jpg?resize=300%2C197&amp;ssl=1 300w, https:\/\/i0.wp.com\/eltrabajo.cl\/portal\/wp-content\/uploads\/2016\/09\/Campeon33-1.jpg?resize=228%2C150&amp;ssl=1 228w, https:\/\/i0.wp.com\/eltrabajo.cl\/portal\/wp-content\/uploads\/2016\/09\/Campeon33-1.jpg?resize=400%2C263&amp;ssl=1 400w\" sizes=\"auto, (max-width: 530px) 100vw, 530px\" \/><\/a><figcaption id=\"caption-attachment-73691\" class=\"wp-caption-text\">EL CAMPE\u00d3N ES DE CATEMU.- Aqu\u00ed tenemos a nuestro campe\u00f3n suramericano con su medalla de oro, Clemente Villalobos de tan solo ocho a\u00f1os.<\/figcaption><\/figure>\n<figure id=\"attachment_73692\" aria-describedby=\"caption-attachment-73692\" style=\"width: 530px\" class=\"wp-caption alignleft\"><a href=\"http:\/\/www.eltrabajo.cl\/portal\/catemino-de-ocho-anos-gana-sudamericano-de-artes-marciales\/karate1-3\/\" rel=\"attachment wp-att-73692\"><img data-recalc-dims=\"1\" loading=\"lazy\" decoding=\"async\" class=\"size-full wp-image-73692\" src=\"https:\/\/i0.wp.com\/www.eltrabajo.cl\/portal\/wp-content\/uploads\/2016\/09\/Karate1.jpg?resize=530%2C350\" alt=\"TRIUNFAN EN URUGUAY.- Aqu\u00ed tenemos a nuestros campeones aconcag\u00fcinos, posando para Diario El Trabajo en Uruguay.\" width=\"530\" height=\"350\" srcset=\"https:\/\/i0.wp.com\/eltrabajo.cl\/portal\/wp-content\/uploads\/2016\/09\/Karate1.jpg?w=530&amp;ssl=1 530w, https:\/\/i0.wp.com\/eltrabajo.cl\/portal\/wp-content\/uploads\/2016\/09\/Karate1.jpg?resize=200%2C132&amp;ssl=1 200w, https:\/\/i0.wp.com\/eltrabajo.cl\/portal\/wp-content\/uploads\/2016\/09\/Karate1.jpg?resize=300%2C198&amp;ssl=1 300w, https:\/\/i0.wp.com\/eltrabajo.cl\/portal\/wp-content\/uploads\/2016\/09\/Karate1.jpg?resize=227%2C150&amp;ssl=1 227w, https:\/\/i0.wp.com\/eltrabajo.cl\/portal\/wp-content\/uploads\/2016\/09\/Karate1.jpg?resize=400%2C264&amp;ssl=1 400w\" sizes=\"auto, (max-width: 530px) 100vw, 530px\" \/><\/a><figcaption id=\"caption-attachment-73692\" class=\"wp-caption-text\">TRIUNFAN EN URUGUAY.- Aqu\u00ed tenemos a nuestros campeones aconcag\u00fcinos, posando para Diario El Trabajo en Uruguay.<\/figcaption><\/figure>\n","protected":false},"excerpt":{"rendered":"<p>Clemente Villalobos con Oro en Uruguay: M\u00e1s que espectacular fue la participaci\u00f3n de los once karatekas del Club Deportivo Catemu, que viajaron a la ciudad de Maldonado, Uruguay, pues no solamente dejaron&#8230;<\/p>\n","protected":false},"author":1,"featured_media":73691,"comment_status":"open","ping_status":"open","sticky":false,"template":"","format":"standard","meta":{"advanced_seo_description":"","jetpack_seo_html_title":"","jetpack_seo_noindex":false,"_jetpack_memberships_contains_paid_content":false,"footnotes":""},"categories":[15],"tags":[],"class_list":["post-73690","post","type-post","status-publish","format-standard","has-post-thumbnail","hentry","category-comunidad"],"jetpack_featured_media_url":"https:\/\/i0.wp.com\/eltrabajo.cl\/portal\/wp-content\/uploads\/2016\/09\/Campeon33-1.jpg?fit=530%2C348&ssl=1","jetpack_sharing_enabled":true,"jetpack_likes_enabled":true,"jetpack-related-posts":[],"_links":{"self":[{"href":"https:\/\/eltrabajo.cl\/portal\/wp-json\/wp\/v2\/posts\/73690","targetHints":{"allow":["GET"]}}],"collection":[{"href":"https:\/\/eltrabajo.cl\/portal\/wp-json\/wp\/v2\/posts"}],"about":[{"href":"https:\/\/eltrabajo.cl\/portal\/wp-json\/wp\/v2\/types\/post"}],"author":[{"embeddable":true,"href":"https:\/\/eltrabajo.cl\/portal\/wp-json\/wp\/v2\/users\/1"}],"replies":[{"embeddable":true,"href":"https:\/\/eltrabajo.cl\/portal\/wp-json\/wp\/v2\/comments?post=73690"}],"version-history":[{"count":0,"href":"https:\/\/eltrabajo.cl\/portal\/wp-json\/wp\/v2\/posts\/73690\/revisions"}],"wp:featuredmedia":[{"embeddable":true,"href":"https:\/\/eltrabajo.cl\/portal\/wp-json\/wp\/v2\/media\/73691"}],"wp:attachment":[{"href":"https:\/\/eltrabajo.cl\/portal\/wp-json\/wp\/v2\/media?parent=73690"}],"wp:term":[{"taxonomy":"category","embeddable":true,"href":"https:\/\/eltrabajo.cl\/portal\/wp-json\/wp\/v2\/categories?post=73690"},{"taxonomy":"post_tag","embeddable":true,"href":"https:\/\/eltrabajo.cl\/portal\/wp-json\/wp\/v2\/tags?post=73690"}],"curies":[{"name":"wp","href":"https:\/\/api.w.org\/{rel}","templated":true}]}}