{"id":73713,"date":"2016-09-13T09:25:11","date_gmt":"2016-09-13T12:25:11","guid":{"rendered":"http:\/\/www.eltrabajo.cl\/portal\/?p=73713"},"modified":"2016-09-13T09:25:12","modified_gmt":"2016-09-13T12:25:12","slug":"fte-aconcagua-firma-importante-protocolo-de-trabajo-con-el-servicio-de-salud","status":"publish","type":"post","link":"https:\/\/eltrabajo.cl\/portal\/fte-aconcagua-firma-importante-protocolo-de-trabajo-con-el-servicio-de-salud\/","title":{"rendered":"FTE Aconcagua firma importante protocolo de trabajo con el Servicio de Salud"},"content":{"rendered":"<ul>\n<li><strong><span style=\"color: #ff0000;\">Alianza estrat\u00e9gica busca cumplir con diversas aspiraciones profesionales del gremio:<\/span>\u00a0A partir de este acuerdo se permitir\u00e1 la participaci\u00f3n de la asociaci\u00f3n en todos los comit\u00e9s y comisiones a nivel central y en los establecimientos dependientes del SSA, en temas relacionados con el estamento t\u00e9cnico.<\/strong><\/li>\n<\/ul>\n<p>Marcando un verdadero hito en el desarrollo y bienestar integral de sus funcionarios, la Federaci\u00f3n de Asociaciones de T\u00e9cnicos en Enfermer\u00eda y Param\u00e9dicos, FTE Aconcagua, firm\u00f3 con el Servicio de Salud Aconcagua, SSA, un convenio que delinea un plan de trabajo bipartito en materias relacionadas con diversas aspiraciones profesionales del gremio.<br \/>\nJorge Aranda, presidente de la FTE, destac\u00f3 la importancia que tiene la firma de este convenio para el gremio que representa, argumentando que \u201cfirmar un acuerdo con la autoridad siempre va a ser importante, toda vez que se da en un marco de respeto y en un marco de trabajo mutuo. Para nosotros es importante porque hay temas muy relevantes para el estamento, que se van a ver reflejados en el \u00e1mbito nacional\u201d, proyect\u00f3 Aranda.<br \/>\nEn cuanto a qu\u00e9 tipo de avances lograr\u00e1 la FTE con este avenimiento, el personero detall\u00f3 que \u201cen el bienestar de nuestros t\u00e9cnicos en Enfermer\u00eda, en el \u00e1mbito social y personal, como por ejemplo el rol del Tens (T\u00e9cnico Enfermer\u00eda Nivel Superior), un tema muy importante porque con eso vamos a poder establecer brechas de recursos humanos que hoy se ven reflejadas en el d\u00eda a d\u00eda\u201d, describi\u00f3 Aranda.<br \/>\nLa directora del Servicio de Salud Aconcagua, SSA, Dra. Vilma Olave, afirm\u00f3 que, a trav\u00e9s de la implementaci\u00f3n de esta mesa de trabajo, e comienza a concretar un anhelo personal proyectado desde asumi\u00f3 la direcci\u00f3n SSA: \u201cplasmar en un documento, un plan de trabajo concreto, una alianza estrat\u00e9gica con las asociaciones gremiales, en este caso con la FTE.<br \/>\nEsto nos permite avanzar en lo que es calidad de vida de trabajadores y trabajadoras de la salud, pero en especial, lo que contiene este plan de trabajo, es la realizaci\u00f3n de una serie de estudios que van a permitir mejorar las condiciones personales, pero fundamentalmente laborales, de los T\u00e9cnicos en Enfermer\u00eda del SSA, y estudios que tambi\u00e9n van a poder presentarse para que sean un hito en los avances y relaciones a nivel nacional\u201d, advirti\u00f3 Olave.<br \/>\nEl documento firmado, contiene un plan de trabajo donde se contempla la participaci\u00f3n de la asociaci\u00f3n en todos los comit\u00e9s y comisiones a nivel central y en los establecimientos dependientes del SSA, en temas relacionados con el estamento t\u00e9cnico; la creaci\u00f3n de una mesa de trabajo bipartita para dise\u00f1ar y realizar un estudio sobre el nivel ocupacional del Tens en toda la red del SSA; la conformaci\u00f3n de una mesa t\u00e9cnica para realizar un estudio de factibilidad administrativa, t\u00e9cnica y financiera, y reconocer a las y los Tens de los Cesfam pertenecientes al SSA, y que este sirva de insumo para ser presentado al Minsal a trav\u00e9s de la Confederaci\u00f3n; trabajar en el dise\u00f1o e implementaci\u00f3n de un programa institucional de pasant\u00edas internas; reactivar la comisi\u00f3n de trabajo pesado; y dise\u00f1ar un programa de capacitaci\u00f3n continua para dirigentes gremiales del Servicio de Salud Aconcagua.<\/p>\n<figure id=\"attachment_73714\" aria-describedby=\"caption-attachment-73714\" style=\"width: 530px\" class=\"wp-caption alignleft\"><a href=\"http:\/\/www.eltrabajo.cl\/portal\/fte-aconcagua-firma-importante-protocolo-de-trabajo-con-el-servicio-de-salud\/tens\/\" rel=\"attachment wp-att-73714\"><img data-recalc-dims=\"1\" loading=\"lazy\" decoding=\"async\" class=\"size-full wp-image-73714\" src=\"https:\/\/i0.wp.com\/www.eltrabajo.cl\/portal\/wp-content\/uploads\/2016\/09\/TENS.jpg?resize=530%2C349\" alt=\"Con la presencia del equipo directivo del SSA y de todos los dirigentes que integran la, FTE Aconcagua, se firm\u00f3 un documento que contiene un plan de trabajo donde se contempla la participaci\u00f3n de la asociaci\u00f3n en todos los comit\u00e9s y comisiones a nivel central y en los establecimientos dependientes del SSA.\" width=\"530\" height=\"349\" srcset=\"https:\/\/i0.wp.com\/eltrabajo.cl\/portal\/wp-content\/uploads\/2016\/09\/TENS.jpg?w=530&amp;ssl=1 530w, https:\/\/i0.wp.com\/eltrabajo.cl\/portal\/wp-content\/uploads\/2016\/09\/TENS.jpg?resize=200%2C132&amp;ssl=1 200w, https:\/\/i0.wp.com\/eltrabajo.cl\/portal\/wp-content\/uploads\/2016\/09\/TENS.jpg?resize=300%2C198&amp;ssl=1 300w, https:\/\/i0.wp.com\/eltrabajo.cl\/portal\/wp-content\/uploads\/2016\/09\/TENS.jpg?resize=228%2C150&amp;ssl=1 228w, https:\/\/i0.wp.com\/eltrabajo.cl\/portal\/wp-content\/uploads\/2016\/09\/TENS.jpg?resize=400%2C263&amp;ssl=1 400w\" sizes=\"auto, (max-width: 530px) 100vw, 530px\" \/><\/a><figcaption id=\"caption-attachment-73714\" class=\"wp-caption-text\">Con la presencia del equipo directivo del SSA y de todos los dirigentes que integran la, FTE Aconcagua, se firm\u00f3 un documento que contiene un plan de trabajo donde se contempla la participaci\u00f3n de la asociaci\u00f3n en todos los comit\u00e9s y comisiones a nivel central y en los establecimientos dependientes del SSA.<\/figcaption><\/figure>\n","protected":false},"excerpt":{"rendered":"<p>Alianza estrat\u00e9gica busca cumplir con diversas aspiraciones profesionales del gremio:\u00a0A partir de este acuerdo se permitir\u00e1 la participaci\u00f3n de la asociaci\u00f3n en todos los comit\u00e9s y comisiones a nivel central y en&#8230;<\/p>\n","protected":false},"author":1,"featured_media":73714,"comment_status":"open","ping_status":"open","sticky":false,"template":"","format":"standard","meta":{"advanced_seo_description":"","jetpack_seo_html_title":"","jetpack_seo_noindex":false,"_jetpack_memberships_contains_paid_content":false,"footnotes":""},"categories":[1],"tags":[],"class_list":["post-73713","post","type-post","status-publish","format-standard","has-post-thumbnail","hentry","category-cronica"],"jetpack_featured_media_url":"https:\/\/i0.wp.com\/eltrabajo.cl\/portal\/wp-content\/uploads\/2016\/09\/TENS.jpg?fit=530%2C349&ssl=1","jetpack_sharing_enabled":true,"jetpack_likes_enabled":true,"jetpack-related-posts":[],"_links":{"self":[{"href":"https:\/\/eltrabajo.cl\/portal\/wp-json\/wp\/v2\/posts\/73713","targetHints":{"allow":["GET"]}}],"collection":[{"href":"https:\/\/eltrabajo.cl\/portal\/wp-json\/wp\/v2\/posts"}],"about":[{"href":"https:\/\/eltrabajo.cl\/portal\/wp-json\/wp\/v2\/types\/post"}],"author":[{"embeddable":true,"href":"https:\/\/eltrabajo.cl\/portal\/wp-json\/wp\/v2\/users\/1"}],"replies":[{"embeddable":true,"href":"https:\/\/eltrabajo.cl\/portal\/wp-json\/wp\/v2\/comments?post=73713"}],"version-history":[{"count":0,"href":"https:\/\/eltrabajo.cl\/portal\/wp-json\/wp\/v2\/posts\/73713\/revisions"}],"wp:featuredmedia":[{"embeddable":true,"href":"https:\/\/eltrabajo.cl\/portal\/wp-json\/wp\/v2\/media\/73714"}],"wp:attachment":[{"href":"https:\/\/eltrabajo.cl\/portal\/wp-json\/wp\/v2\/media?parent=73713"}],"wp:term":[{"taxonomy":"category","embeddable":true,"href":"https:\/\/eltrabajo.cl\/portal\/wp-json\/wp\/v2\/categories?post=73713"},{"taxonomy":"post_tag","embeddable":true,"href":"https:\/\/eltrabajo.cl\/portal\/wp-json\/wp\/v2\/tags?post=73713"}],"curies":[{"name":"wp","href":"https:\/\/api.w.org\/{rel}","templated":true}]}}