{"id":73717,"date":"2016-09-13T09:27:31","date_gmt":"2016-09-13T12:27:31","guid":{"rendered":"http:\/\/www.eltrabajo.cl\/portal\/?p=73717"},"modified":"2016-09-13T09:27:31","modified_gmt":"2016-09-13T12:27:31","slug":"seminario-para-el-alma-impartio-antropologa-patricia-may-en-san-felipe","status":"publish","type":"post","link":"https:\/\/eltrabajo.cl\/portal\/seminario-para-el-alma-impartio-antropologa-patricia-may-en-san-felipe\/","title":{"rendered":"Seminario para el alma imparti\u00f3 antrop\u00f3loga Patricia May en San Felipe"},"content":{"rendered":"<ul>\n<li><strong>Jornada organizada por la Escuela Jos\u00e9 de San Mart\u00edn:<\/strong><\/li>\n<\/ul>\n<p>Algo casi imposible de creer, es que unas 200 personas pudieran estar juntas, sentadas lado a lado en las butacas del Teatro Roberto Barraza sin hacer un solo ruido, sin toser ni atender sus celulares, as\u00ed ocurri\u00f3 y hoy en Diario El Trabajo te explicamos porqu\u00e9.<br \/>\nSe trat\u00f3 del Semanario Recuperaci\u00f3n de humanidad, alma y consciencia de los espacios educativos\u2019, impartido por la antrop\u00f3loga, poeta, escritora y docente, Patricia May, quien al lado de su esposo Sergio Saguez, hizo del lugar un santuario a la meditaci\u00f3n, autosanaci\u00f3n emocional y homenaje a la vida sin ruido mental, guiando a los presentes a una relajante experiencia positiva.<\/p>\n<p><strong>CL\u00cdNICA DEL ALMA<\/strong><br \/>\n\u00abCon este seminario quisimos hacer un aporte al Ser Humano, obviamente con \u00e9nfasis a los educadores y asistentes de educaci\u00f3n, espero que los presentes se hallan beneficiado con esta experiencia\u00bb, dijo a Diario El Trabajo la fundadora de la Escuela del Alma en Colima, Santiago, Patricia May.<br \/>\nEste seminario fue gestionado por la direcci\u00f3n de la Escuela Jos\u00e9 de San Mart\u00edn y estuvo dirigido para interaccionar con las tramas arquet\u00edpicas culturales que enceguecen a los educadores y que da\u00f1an el sentido de la educaci\u00f3n y la salud de directivos. Docentes y asistentes de la educaci\u00f3n, as\u00ed como al adulto en general.<br \/>\nEntre los temas tratados en este seminario, estaban el estilo de vida actual y la desintegraci\u00f3n en la que vivimos; el estado de la mente-emoci\u00f3n; equilibrio interiorizaci\u00f3n-exteriorizaci\u00f3n y el repriorizar.<br \/>\nParticiparon tambi\u00e9n, el guitarrista Julio Quijanes y la actriz psicodram\u00e1tica, Carolina Castillo.<br \/>\n<strong>Roberto Gonz\u00e1lez Short<\/strong><\/p>\n<figure id=\"attachment_73718\" aria-describedby=\"caption-attachment-73718\" style=\"width: 530px\" class=\"wp-caption alignleft\"><a href=\"http:\/\/www.eltrabajo.cl\/portal\/seminario-para-el-alma-impartio-antropologa-patricia-may-en-san-felipe\/exponentes1\/\" rel=\"attachment wp-att-73718\"><img data-recalc-dims=\"1\" loading=\"lazy\" decoding=\"async\" class=\"size-full wp-image-73718\" src=\"https:\/\/i0.wp.com\/www.eltrabajo.cl\/portal\/wp-content\/uploads\/2016\/09\/Exponentes1.jpg?resize=530%2C349\" alt=\"ESCUELA DEL ALMA.- Ellos son el matrimonio compuesto por Patricia May y Sergio Saguez.\" width=\"530\" height=\"349\" srcset=\"https:\/\/i0.wp.com\/eltrabajo.cl\/portal\/wp-content\/uploads\/2016\/09\/Exponentes1.jpg?w=530&amp;ssl=1 530w, https:\/\/i0.wp.com\/eltrabajo.cl\/portal\/wp-content\/uploads\/2016\/09\/Exponentes1.jpg?resize=200%2C132&amp;ssl=1 200w, https:\/\/i0.wp.com\/eltrabajo.cl\/portal\/wp-content\/uploads\/2016\/09\/Exponentes1.jpg?resize=300%2C198&amp;ssl=1 300w, https:\/\/i0.wp.com\/eltrabajo.cl\/portal\/wp-content\/uploads\/2016\/09\/Exponentes1.jpg?resize=228%2C150&amp;ssl=1 228w, https:\/\/i0.wp.com\/eltrabajo.cl\/portal\/wp-content\/uploads\/2016\/09\/Exponentes1.jpg?resize=400%2C263&amp;ssl=1 400w\" sizes=\"auto, (max-width: 530px) 100vw, 530px\" \/><\/a><figcaption id=\"caption-attachment-73718\" class=\"wp-caption-text\">ESCUELA DEL ALMA.- Ellos son el matrimonio compuesto por Patricia May y Sergio Saguez.<\/figcaption><\/figure>\n<figure id=\"attachment_73719\" aria-describedby=\"caption-attachment-73719\" style=\"width: 530px\" class=\"wp-caption alignleft\"><a href=\"http:\/\/www.eltrabajo.cl\/portal\/seminario-para-el-alma-impartio-antropologa-patricia-may-en-san-felipe\/publico28\/\" rel=\"attachment wp-att-73719\"><img data-recalc-dims=\"1\" loading=\"lazy\" decoding=\"async\" class=\"size-full wp-image-73719\" src=\"https:\/\/i0.wp.com\/www.eltrabajo.cl\/portal\/wp-content\/uploads\/2016\/09\/Publico28.jpg?resize=530%2C350\" alt=\"TODOS ATENTOS.- El teatro del Liceo Roberto Humeres estaba a lleno total, sin embargo, el silencio fue absoluto durante algunos minutos.\" width=\"530\" height=\"350\" srcset=\"https:\/\/i0.wp.com\/eltrabajo.cl\/portal\/wp-content\/uploads\/2016\/09\/Publico28.jpg?w=530&amp;ssl=1 530w, https:\/\/i0.wp.com\/eltrabajo.cl\/portal\/wp-content\/uploads\/2016\/09\/Publico28.jpg?resize=200%2C132&amp;ssl=1 200w, https:\/\/i0.wp.com\/eltrabajo.cl\/portal\/wp-content\/uploads\/2016\/09\/Publico28.jpg?resize=300%2C198&amp;ssl=1 300w, https:\/\/i0.wp.com\/eltrabajo.cl\/portal\/wp-content\/uploads\/2016\/09\/Publico28.jpg?resize=227%2C150&amp;ssl=1 227w, https:\/\/i0.wp.com\/eltrabajo.cl\/portal\/wp-content\/uploads\/2016\/09\/Publico28.jpg?resize=400%2C264&amp;ssl=1 400w\" sizes=\"auto, (max-width: 530px) 100vw, 530px\" \/><\/a><figcaption id=\"caption-attachment-73719\" class=\"wp-caption-text\">TODOS ATENTOS.- El teatro del Liceo Roberto Humeres estaba a lleno total, sin embargo, el silencio fue absoluto durante algunos minutos.<\/figcaption><\/figure>\n","protected":false},"excerpt":{"rendered":"<p>Jornada organizada por la Escuela Jos\u00e9 de San Mart\u00edn: Algo casi imposible de creer, es que unas 200 personas pudieran estar juntas, sentadas lado a lado en las butacas del Teatro Roberto&#8230;<\/p>\n","protected":false},"author":1,"featured_media":73719,"comment_status":"open","ping_status":"open","sticky":false,"template":"","format":"standard","meta":{"advanced_seo_description":"","jetpack_seo_html_title":"","jetpack_seo_noindex":false,"_jetpack_memberships_contains_paid_content":false,"footnotes":""},"categories":[15],"tags":[],"class_list":["post-73717","post","type-post","status-publish","format-standard","has-post-thumbnail","hentry","category-comunidad"],"jetpack_featured_media_url":"https:\/\/i0.wp.com\/eltrabajo.cl\/portal\/wp-content\/uploads\/2016\/09\/Publico28.jpg?fit=530%2C350&ssl=1","jetpack_sharing_enabled":true,"jetpack_likes_enabled":true,"jetpack-related-posts":[],"_links":{"self":[{"href":"https:\/\/eltrabajo.cl\/portal\/wp-json\/wp\/v2\/posts\/73717","targetHints":{"allow":["GET"]}}],"collection":[{"href":"https:\/\/eltrabajo.cl\/portal\/wp-json\/wp\/v2\/posts"}],"about":[{"href":"https:\/\/eltrabajo.cl\/portal\/wp-json\/wp\/v2\/types\/post"}],"author":[{"embeddable":true,"href":"https:\/\/eltrabajo.cl\/portal\/wp-json\/wp\/v2\/users\/1"}],"replies":[{"embeddable":true,"href":"https:\/\/eltrabajo.cl\/portal\/wp-json\/wp\/v2\/comments?post=73717"}],"version-history":[{"count":0,"href":"https:\/\/eltrabajo.cl\/portal\/wp-json\/wp\/v2\/posts\/73717\/revisions"}],"wp:featuredmedia":[{"embeddable":true,"href":"https:\/\/eltrabajo.cl\/portal\/wp-json\/wp\/v2\/media\/73719"}],"wp:attachment":[{"href":"https:\/\/eltrabajo.cl\/portal\/wp-json\/wp\/v2\/media?parent=73717"}],"wp:term":[{"taxonomy":"category","embeddable":true,"href":"https:\/\/eltrabajo.cl\/portal\/wp-json\/wp\/v2\/categories?post=73717"},{"taxonomy":"post_tag","embeddable":true,"href":"https:\/\/eltrabajo.cl\/portal\/wp-json\/wp\/v2\/tags?post=73717"}],"curies":[{"name":"wp","href":"https:\/\/api.w.org\/{rel}","templated":true}]}}