{"id":73722,"date":"2016-09-13T09:30:44","date_gmt":"2016-09-13T12:30:44","guid":{"rendered":"http:\/\/www.eltrabajo.cl\/portal\/?p=73722"},"modified":"2016-09-13T09:31:10","modified_gmt":"2016-09-13T12:31:10","slug":"exposicion-el-universo-como-maquina-del-tiempo-inauguran-hoy-en-calle-larga","status":"publish","type":"post","link":"https:\/\/eltrabajo.cl\/portal\/exposicion-el-universo-como-maquina-del-tiempo-inauguran-hoy-en-calle-larga\/","title":{"rendered":"Exposici\u00f3n \u2018El Universo como M\u00e1quina del Tiempo\u2019 inauguran hoy en Calle Larga"},"content":{"rendered":"<p>Este martes 13 de Septiembre a las 11.00 hrs en el Museo y Centro Cultural Presidente Pedro Aguirre Cerda de Calle Larga, se realizar\u00e1 la ceremonia de inauguraci\u00f3n de la muestra \u2018El Universo como m\u00e1quina del tiempo\u2019.<br \/>\nEsta exposici\u00f3n es un esfuerzo conjunto entre el Instituto de F\u00edsica y Astronom\u00eda de la U. de Valpara\u00edso, el Instituto Milenio de Astronom\u00eda (MAS) y el Centro de Extensi\u00f3n y Comunicaci\u00f3n de la U. de Valpara\u00edso.<br \/>\nEst\u00e1 compuesta de 22 l\u00e1minas con ochenta fotograf\u00edas, en 11 paneles iluminados por dentro con representaciones art\u00edsticas de la v\u00eda l\u00e1ctea, objetos estelares y extragal\u00e1cticos, e im\u00e1genes ic\u00f3nicas de nuestro planeta. De una manera muy pedag\u00f3gica \u2014y visualmente atractiva\u2014 introduce a los j\u00f3venes en esta fascinante \u00e1rea del saber.<br \/>\nLa exposici\u00f3n muestra hitos relevantes y algunos eventos poco conocidos para la comunidad escolar, pero que han marcado la historia de la humanidad, incluso mucho antes de que se originara la vida en nuestro planeta.<br \/>\nLa l\u00ednea de tiempo que recorre la exposici\u00f3n, incluye adem\u00e1s de \u2018la gran explosi\u00f3n\u2019 (o Big Bang), ocurrida hace 13 mil 800 millones de a\u00f1os, la extinci\u00f3n de los dinosaurios (hace 65 millones de a\u00f1os) y tambi\u00e9n el \u00faltimo Pangea, el supercontinente que existi\u00f3 hace 250 millones de a\u00f1os, y que luego comenz\u00f3 a fracturarse y separarse hasta alcanzar la situaci\u00f3n actual de los continentes en un proceso que para algunos cient\u00edficos a\u00fan contin\u00faa.<br \/>\nCon la exhibici\u00f3n de esta muestra, el Municipio de Calle Larga contin\u00faa con la labor de acercar a la comunidad escolar y al p\u00fablico general de la comuna y la provincia exposiciones de primer nivel en lo referente al arte, la cultural y la ciencia.<\/p>\n<figure id=\"attachment_73723\" aria-describedby=\"caption-attachment-73723\" style=\"width: 530px\" class=\"wp-caption alignleft\"><a href=\"http:\/\/www.eltrabajo.cl\/portal\/exposicion-el-universo-como-maquina-del-tiempo-inauguran-hoy-en-calle-larga\/expo-maquina-del-tiempo\/\" rel=\"attachment wp-att-73723\"><img data-recalc-dims=\"1\" loading=\"lazy\" decoding=\"async\" class=\"size-full wp-image-73723\" src=\"https:\/\/i0.wp.com\/www.eltrabajo.cl\/portal\/wp-content\/uploads\/2016\/09\/expo-maquina-del-tiempo.jpg?resize=530%2C350\" alt=\"Esta exposici\u00f3n es un esfuerzo conjunto entre el Instituto de F\u00edsica y Astronom\u00eda de la U. de Valpara\u00edso, el Instituto Milenio de Astronom\u00eda (MAS) y el Centro de Extensi\u00f3n y Comunicaci\u00f3n de la U. de Valpara\u00edso. \" width=\"530\" height=\"350\" srcset=\"https:\/\/i0.wp.com\/eltrabajo.cl\/portal\/wp-content\/uploads\/2016\/09\/expo-maquina-del-tiempo.jpg?w=530&amp;ssl=1 530w, https:\/\/i0.wp.com\/eltrabajo.cl\/portal\/wp-content\/uploads\/2016\/09\/expo-maquina-del-tiempo.jpg?resize=200%2C132&amp;ssl=1 200w, https:\/\/i0.wp.com\/eltrabajo.cl\/portal\/wp-content\/uploads\/2016\/09\/expo-maquina-del-tiempo.jpg?resize=300%2C198&amp;ssl=1 300w, https:\/\/i0.wp.com\/eltrabajo.cl\/portal\/wp-content\/uploads\/2016\/09\/expo-maquina-del-tiempo.jpg?resize=227%2C150&amp;ssl=1 227w, https:\/\/i0.wp.com\/eltrabajo.cl\/portal\/wp-content\/uploads\/2016\/09\/expo-maquina-del-tiempo.jpg?resize=400%2C264&amp;ssl=1 400w\" sizes=\"auto, (max-width: 530px) 100vw, 530px\" \/><\/a><figcaption id=\"caption-attachment-73723\" class=\"wp-caption-text\">Esta exposici\u00f3n es un esfuerzo conjunto entre el Instituto de F\u00edsica y Astronom\u00eda de la U. de Valpara\u00edso, el Instituto Milenio de Astronom\u00eda (MAS) y el Centro de Extensi\u00f3n y Comunicaci\u00f3n de la U. de Valpara\u00edso.<\/figcaption><\/figure>\n","protected":false},"excerpt":{"rendered":"<p>Este martes 13 de Septiembre a las 11.00 hrs en el Museo y Centro Cultural Presidente Pedro Aguirre Cerda de Calle Larga, se realizar\u00e1 la ceremonia de inauguraci\u00f3n de la muestra \u2018El&#8230;<\/p>\n","protected":false},"author":1,"featured_media":73723,"comment_status":"open","ping_status":"open","sticky":false,"template":"","format":"standard","meta":{"advanced_seo_description":"","jetpack_seo_html_title":"","jetpack_seo_noindex":false,"_jetpack_memberships_contains_paid_content":false,"footnotes":""},"categories":[1],"tags":[],"class_list":["post-73722","post","type-post","status-publish","format-standard","has-post-thumbnail","hentry","category-cronica"],"jetpack_featured_media_url":"https:\/\/i0.wp.com\/eltrabajo.cl\/portal\/wp-content\/uploads\/2016\/09\/expo-maquina-del-tiempo.jpg?fit=530%2C350&ssl=1","jetpack_sharing_enabled":true,"jetpack_likes_enabled":true,"jetpack-related-posts":[],"_links":{"self":[{"href":"https:\/\/eltrabajo.cl\/portal\/wp-json\/wp\/v2\/posts\/73722","targetHints":{"allow":["GET"]}}],"collection":[{"href":"https:\/\/eltrabajo.cl\/portal\/wp-json\/wp\/v2\/posts"}],"about":[{"href":"https:\/\/eltrabajo.cl\/portal\/wp-json\/wp\/v2\/types\/post"}],"author":[{"embeddable":true,"href":"https:\/\/eltrabajo.cl\/portal\/wp-json\/wp\/v2\/users\/1"}],"replies":[{"embeddable":true,"href":"https:\/\/eltrabajo.cl\/portal\/wp-json\/wp\/v2\/comments?post=73722"}],"version-history":[{"count":0,"href":"https:\/\/eltrabajo.cl\/portal\/wp-json\/wp\/v2\/posts\/73722\/revisions"}],"wp:featuredmedia":[{"embeddable":true,"href":"https:\/\/eltrabajo.cl\/portal\/wp-json\/wp\/v2\/media\/73723"}],"wp:attachment":[{"href":"https:\/\/eltrabajo.cl\/portal\/wp-json\/wp\/v2\/media?parent=73722"}],"wp:term":[{"taxonomy":"category","embeddable":true,"href":"https:\/\/eltrabajo.cl\/portal\/wp-json\/wp\/v2\/categories?post=73722"},{"taxonomy":"post_tag","embeddable":true,"href":"https:\/\/eltrabajo.cl\/portal\/wp-json\/wp\/v2\/tags?post=73722"}],"curies":[{"name":"wp","href":"https:\/\/api.w.org\/{rel}","templated":true}]}}