{"id":73727,"date":"2016-09-13T09:33:24","date_gmt":"2016-09-13T12:33:24","guid":{"rendered":"http:\/\/www.eltrabajo.cl\/portal\/?p=73727"},"modified":"2016-09-13T09:33:24","modified_gmt":"2016-09-13T12:33:24","slug":"con-velaton-en-la-terraza-la-izquierda-conmemoro-el-golpe-de-estado","status":"publish","type":"post","link":"https:\/\/eltrabajo.cl\/portal\/con-velaton-en-la-terraza-la-izquierda-conmemoro-el-golpe-de-estado\/","title":{"rendered":"Con velat\u00f3n en la terraza la Izquierda conmemor\u00f3 el Golpe de Estado"},"content":{"rendered":"<p>Este domingo 11 de septiembre, ante un medio centenar de personas, se llev\u00f3 a efecto la conmemoraci\u00f3n de los 43 a\u00f1os del Golpe de Estado, actividad convocada por el Comunal San Felipe del Partido Comunista de Chile, desarrollada en la terraza de la Plaza de Armas de nuestra ciudad.<br \/>\nCabe se\u00f1alar, que en la ocasi\u00f3n los asistentes realizaron una velat\u00f3n en se\u00f1al de duelo por todos los ca\u00eddos en manos de los aparatos represivos, donde iniciado el acto, se dio lista de los nombres de todas las v\u00edctimas de la provincia de San Felipe y Petorca, asesinados por efectivos del Regimiento Yungay.<br \/>\nLos nombres de Rigoberto Ach\u00fa, Absal\u00f3n Wegner, Faruc Aguad, Artemio Moya, entre otros fueron convocados como el fiel recuerdo de la violencia institucionalizada que culmin\u00f3 con sus cr\u00edmenes pol\u00edticos a las puertas del golpe militar.<br \/>\nEn dicho acto, hicieron uso de la palabra el expreso pol\u00edtico Augusto Bulnes, quien manifest\u00f3 haber sido detenido en dos ocasiones, la primera el 12 de septiembre de 1973 donde estuvo prisionero en el exestadio Chile y posteriormente en el Estadio Nacional y a continuaci\u00f3n en San Felipe a partir del 24 de agosto de 1984, que le signific\u00f3 estar privado de libertad durantes seis a\u00f1os.<br \/>\nPosteriormente tambi\u00e9n habl\u00f3 a nombre de la Juventud del Partido Socialista Rub\u00e9n Henr\u00edquez, quien llam\u00f3 a la unidad para terminar con la estructura socio pol\u00edtica, impuesta por la dictadura de Pinochet, haci\u00e9ndose eco del llamado de la sociedad chilena.<br \/>\nFinalmente, cerr\u00f3 dicho acto conmemorativo el concejal PC, Ricardo Covarrubias, quien llam\u00f3 a estar alerta por la se\u00f1al que implicaba para la sociedad chilena, la liberaci\u00f3n de quienes participaron en las violaciones a los derechos humanos en Chile, tomando como ejemplo la liberaci\u00f3n de Guillermo Gonz\u00e1lez Betancourt, principal acusado de degollar a los profesionales Parada, Guerrero y Nattino como tambi\u00e9n de Miguel Krasnoff Marchenko.<\/p>\n<figure id=\"attachment_73728\" aria-describedby=\"caption-attachment-73728\" style=\"width: 530px\" class=\"wp-caption alignleft\"><a href=\"http:\/\/www.eltrabajo.cl\/portal\/con-velaton-en-la-terraza-la-izquierda-conmemoro-el-golpe-de-estado\/memorial\/\" rel=\"attachment wp-att-73728\"><img data-recalc-dims=\"1\" loading=\"lazy\" decoding=\"async\" class=\"size-full wp-image-73728\" src=\"https:\/\/i0.wp.com\/www.eltrabajo.cl\/portal\/wp-content\/uploads\/2016\/09\/MEMORIAL.jpg?resize=530%2C350\" alt=\"En la actividad, los asistentes realizaron una velat\u00f3n en se\u00f1al de duelo por todos los ca\u00eddos en manos de los aparatos represivos, donde iniciado el acto, se dio lista de los nombres de todas las v\u00edctimas de la provincia de San Felipe y Petorca, asesinados por efectivos del Regimiento Yungay.\" width=\"530\" height=\"350\" srcset=\"https:\/\/i0.wp.com\/eltrabajo.cl\/portal\/wp-content\/uploads\/2016\/09\/MEMORIAL.jpg?w=530&amp;ssl=1 530w, https:\/\/i0.wp.com\/eltrabajo.cl\/portal\/wp-content\/uploads\/2016\/09\/MEMORIAL.jpg?resize=200%2C132&amp;ssl=1 200w, https:\/\/i0.wp.com\/eltrabajo.cl\/portal\/wp-content\/uploads\/2016\/09\/MEMORIAL.jpg?resize=300%2C198&amp;ssl=1 300w, https:\/\/i0.wp.com\/eltrabajo.cl\/portal\/wp-content\/uploads\/2016\/09\/MEMORIAL.jpg?resize=227%2C150&amp;ssl=1 227w, https:\/\/i0.wp.com\/eltrabajo.cl\/portal\/wp-content\/uploads\/2016\/09\/MEMORIAL.jpg?resize=400%2C264&amp;ssl=1 400w\" sizes=\"auto, (max-width: 530px) 100vw, 530px\" \/><\/a><figcaption id=\"caption-attachment-73728\" class=\"wp-caption-text\">En la actividad, los asistentes realizaron una velat\u00f3n en se\u00f1al de duelo por todos los ca\u00eddos en manos de los aparatos represivos, donde iniciado el acto, se dio lista de los nombres de todas las v\u00edctimas de la provincia de San Felipe y Petorca, asesinados por efectivos del Regimiento Yungay.<\/figcaption><\/figure>\n","protected":false},"excerpt":{"rendered":"<p>Este domingo 11 de septiembre, ante un medio centenar de personas, se llev\u00f3 a efecto la conmemoraci\u00f3n de los 43 a\u00f1os del Golpe de Estado, actividad convocada por el Comunal San Felipe&#8230;<\/p>\n","protected":false},"author":1,"featured_media":73728,"comment_status":"open","ping_status":"open","sticky":false,"template":"","format":"standard","meta":{"advanced_seo_description":"","jetpack_seo_html_title":"","jetpack_seo_noindex":false,"_jetpack_memberships_contains_paid_content":false,"footnotes":""},"categories":[1],"tags":[],"class_list":["post-73727","post","type-post","status-publish","format-standard","has-post-thumbnail","hentry","category-cronica"],"jetpack_featured_media_url":"https:\/\/i0.wp.com\/eltrabajo.cl\/portal\/wp-content\/uploads\/2016\/09\/MEMORIAL.jpg?fit=530%2C350&ssl=1","jetpack_sharing_enabled":true,"jetpack_likes_enabled":true,"jetpack-related-posts":[],"_links":{"self":[{"href":"https:\/\/eltrabajo.cl\/portal\/wp-json\/wp\/v2\/posts\/73727","targetHints":{"allow":["GET"]}}],"collection":[{"href":"https:\/\/eltrabajo.cl\/portal\/wp-json\/wp\/v2\/posts"}],"about":[{"href":"https:\/\/eltrabajo.cl\/portal\/wp-json\/wp\/v2\/types\/post"}],"author":[{"embeddable":true,"href":"https:\/\/eltrabajo.cl\/portal\/wp-json\/wp\/v2\/users\/1"}],"replies":[{"embeddable":true,"href":"https:\/\/eltrabajo.cl\/portal\/wp-json\/wp\/v2\/comments?post=73727"}],"version-history":[{"count":0,"href":"https:\/\/eltrabajo.cl\/portal\/wp-json\/wp\/v2\/posts\/73727\/revisions"}],"wp:featuredmedia":[{"embeddable":true,"href":"https:\/\/eltrabajo.cl\/portal\/wp-json\/wp\/v2\/media\/73728"}],"wp:attachment":[{"href":"https:\/\/eltrabajo.cl\/portal\/wp-json\/wp\/v2\/media?parent=73727"}],"wp:term":[{"taxonomy":"category","embeddable":true,"href":"https:\/\/eltrabajo.cl\/portal\/wp-json\/wp\/v2\/categories?post=73727"},{"taxonomy":"post_tag","embeddable":true,"href":"https:\/\/eltrabajo.cl\/portal\/wp-json\/wp\/v2\/tags?post=73727"}],"curies":[{"name":"wp","href":"https:\/\/api.w.org\/{rel}","templated":true}]}}