{"id":73732,"date":"2016-09-13T09:35:20","date_gmt":"2016-09-13T12:35:20","guid":{"rendered":"http:\/\/www.eltrabajo.cl\/portal\/?p=73732"},"modified":"2016-09-13T09:35:20","modified_gmt":"2016-09-13T12:35:20","slug":"carabineros-rescato-a-condor-herido-atrapado-entre-los-arbustos-y-un-cerco","status":"publish","type":"post","link":"https:\/\/eltrabajo.cl\/portal\/carabineros-rescato-a-condor-herido-atrapado-entre-los-arbustos-y-un-cerco\/","title":{"rendered":"Carabineros rescat\u00f3 a c\u00f3ndor herido atrapado entre los arbustos y un cerco"},"content":{"rendered":"<p><strong>PUTAENDO.-<\/strong> Carabineros de la Tenencia de Putaendo encabezaron un operativo de rescate para auxiliar a un C\u00f3ndor que se encontraba atrapado en un cerco.<br \/>\nEl hecho se produjo a las 17 horas del pasado domingo, cuando a trav\u00e9s de un llamado al fono 133, personal de servicio concurri\u00f3 a la parcela 137, en el sector Casablanca, \u00a0verificando la presencia de un\u00a0c\u00f3ndor\u00a0macho de 1 metro aproximado de altura, que se encontraba atrapado entre los arbustos y un cerco, y que adem\u00e1s ten\u00eda su ala derecha herida, lo que le imped\u00eda volar.<br \/>\nAnte esta situaci\u00f3n, Carabineros procedi\u00f3 a su rescate con los cuidados del caso y posteriormente fue traslado a la Tenencia Putaendo. All\u00ed se constituy\u00f3 personal del Servicio Agr\u00edcola y Ganadero (SAG) para asistir y retirar la especie protegida.<br \/>\nEl c\u00f3ndor fue llevado al Centro Veterinario de la Universidad Santo Tom\u00e1s en Vi\u00f1a del Mar, para su diagn\u00f3stico y posterior derivaci\u00f3n al Centro de Rehabilitaci\u00f3n para fauna\u00a0\u2018\u00d1amku\u2019.<\/p>\n<figure id=\"attachment_73733\" aria-describedby=\"caption-attachment-73733\" style=\"width: 530px\" class=\"wp-caption alignleft\"><a href=\"http:\/\/www.eltrabajo.cl\/portal\/carabineros-rescato-a-condor-herido-atrapado-entre-los-arbustos-y-un-cerco\/porta-hallan-condor\/\" rel=\"attachment wp-att-73733\"><img data-recalc-dims=\"1\" loading=\"lazy\" decoding=\"async\" class=\"size-full wp-image-73733\" src=\"https:\/\/i0.wp.com\/www.eltrabajo.cl\/portal\/wp-content\/uploads\/2016\/09\/porta-hallan-condor.jpg?resize=530%2C350\" alt=\"Personal de Carabineros auxiliando a c\u00f3ndor  macho de 1 metro de estatura, que se encontraba atrapado en un cerco y  adem\u00e1s, herido en su ala derecha.\" width=\"530\" height=\"350\" srcset=\"https:\/\/i0.wp.com\/eltrabajo.cl\/portal\/wp-content\/uploads\/2016\/09\/porta-hallan-condor.jpg?w=530&amp;ssl=1 530w, https:\/\/i0.wp.com\/eltrabajo.cl\/portal\/wp-content\/uploads\/2016\/09\/porta-hallan-condor.jpg?resize=200%2C132&amp;ssl=1 200w, https:\/\/i0.wp.com\/eltrabajo.cl\/portal\/wp-content\/uploads\/2016\/09\/porta-hallan-condor.jpg?resize=300%2C198&amp;ssl=1 300w, https:\/\/i0.wp.com\/eltrabajo.cl\/portal\/wp-content\/uploads\/2016\/09\/porta-hallan-condor.jpg?resize=227%2C150&amp;ssl=1 227w, https:\/\/i0.wp.com\/eltrabajo.cl\/portal\/wp-content\/uploads\/2016\/09\/porta-hallan-condor.jpg?resize=400%2C264&amp;ssl=1 400w\" sizes=\"auto, (max-width: 530px) 100vw, 530px\" \/><\/a><figcaption id=\"caption-attachment-73733\" class=\"wp-caption-text\">Personal de Carabineros auxiliando a c\u00f3ndor macho de 1 metro de estatura, que se encontraba atrapado en un cerco y adem\u00e1s, herido en su ala derecha.<\/figcaption><\/figure>\n","protected":false},"excerpt":{"rendered":"<p>PUTAENDO.- Carabineros de la Tenencia de Putaendo encabezaron un operativo de rescate para auxiliar a un C\u00f3ndor que se encontraba atrapado en un cerco. El hecho se produjo a las 17 horas&#8230;<\/p>\n","protected":false},"author":1,"featured_media":73733,"comment_status":"open","ping_status":"open","sticky":false,"template":"","format":"standard","meta":{"advanced_seo_description":"","jetpack_seo_html_title":"","jetpack_seo_noindex":false,"_jetpack_memberships_contains_paid_content":false,"footnotes":""},"categories":[1],"tags":[],"class_list":["post-73732","post","type-post","status-publish","format-standard","has-post-thumbnail","hentry","category-cronica"],"jetpack_featured_media_url":"https:\/\/i0.wp.com\/eltrabajo.cl\/portal\/wp-content\/uploads\/2016\/09\/porta-hallan-condor.jpg?fit=530%2C350&ssl=1","jetpack_sharing_enabled":true,"jetpack_likes_enabled":true,"jetpack-related-posts":[],"_links":{"self":[{"href":"https:\/\/eltrabajo.cl\/portal\/wp-json\/wp\/v2\/posts\/73732","targetHints":{"allow":["GET"]}}],"collection":[{"href":"https:\/\/eltrabajo.cl\/portal\/wp-json\/wp\/v2\/posts"}],"about":[{"href":"https:\/\/eltrabajo.cl\/portal\/wp-json\/wp\/v2\/types\/post"}],"author":[{"embeddable":true,"href":"https:\/\/eltrabajo.cl\/portal\/wp-json\/wp\/v2\/users\/1"}],"replies":[{"embeddable":true,"href":"https:\/\/eltrabajo.cl\/portal\/wp-json\/wp\/v2\/comments?post=73732"}],"version-history":[{"count":0,"href":"https:\/\/eltrabajo.cl\/portal\/wp-json\/wp\/v2\/posts\/73732\/revisions"}],"wp:featuredmedia":[{"embeddable":true,"href":"https:\/\/eltrabajo.cl\/portal\/wp-json\/wp\/v2\/media\/73733"}],"wp:attachment":[{"href":"https:\/\/eltrabajo.cl\/portal\/wp-json\/wp\/v2\/media?parent=73732"}],"wp:term":[{"taxonomy":"category","embeddable":true,"href":"https:\/\/eltrabajo.cl\/portal\/wp-json\/wp\/v2\/categories?post=73732"},{"taxonomy":"post_tag","embeddable":true,"href":"https:\/\/eltrabajo.cl\/portal\/wp-json\/wp\/v2\/tags?post=73732"}],"curies":[{"name":"wp","href":"https:\/\/api.w.org\/{rel}","templated":true}]}}