{"id":73736,"date":"2016-09-13T09:37:18","date_gmt":"2016-09-13T12:37:18","guid":{"rendered":"http:\/\/www.eltrabajo.cl\/portal\/?p=73736"},"modified":"2016-09-13T09:37:18","modified_gmt":"2016-09-13T12:37:18","slug":"llaman-a-licitacion-construccion-ciclovias-en-ohiggins-yungay-y-chacabuco","status":"publish","type":"post","link":"https:\/\/eltrabajo.cl\/portal\/llaman-a-licitacion-construccion-ciclovias-en-ohiggins-yungay-y-chacabuco\/","title":{"rendered":"Llaman a licitaci\u00f3n construcci\u00f3n ciclov\u00edas en O\u2019Higgins, Yungay y Chacabuco"},"content":{"rendered":"<p>En reuni\u00f3n enmarcada en mesa de trabajo con el alcalde Freire, director regional Carlos Contador destac\u00f3 adem\u00e1s que proyecto Circunvalaci\u00f3n de San Felipe se encuentre en su \u00faltima fase.<br \/>\nCuatro llamados a licitaci\u00f3n para la ejecuci\u00f3n de obras de construcci\u00f3n de ciclov\u00edas en la comuna de San Felipe, public\u00f3 la semana pasada el Servicio de Vivienda y Urbanismo, que espera iniciar a fines de a\u00f1o los trabajos de manera paralela en los bandejones centrales de las alamedas Chacabuco, Yungay y Bernardo O\u2019Higgins.<br \/>\nLa informaci\u00f3n la dio a conocer el director regional de Serviu Carlos Contador, tras una reuni\u00f3n con el alcalde Patricio Freire, el director de la Secpla Claudio Paredes y el director de obras municipales Claudio D\u00edaz, en el marco de una mesa t\u00e9cnica dispuesta para avanzar en temas de desarrollo comunal.<br \/>\nRespecto del proyecto ciclov\u00edas en las alamedas, se\u00f1al\u00f3 que se dividi\u00f3 en cuatro licitaciones, correspondiente el primero a O\u2019Higgins oriente; el segundo a O\u2019Higgins poniente, el tercero Yungay y el cuarto a Chacabuco.<br \/>\n\u201cLa apertura de estas licitaciones est\u00e1n proyectadas para el 13 de octubre, ya que esperamos agilizar el proceso de contrataci\u00f3n, por lo que una vez efectuada la licitaci\u00f3n, tenemos que efectuar la revisi\u00f3n t\u00e9cnica y enviar para toma de raz\u00f3n de la Contralor\u00eda. De ah\u00ed que las obras debiesen iniciar en diciembre\u201d, se\u00f1al\u00f3 el director regional.<br \/>\nEn este sentido, el alcalde Patricio Freire se mostr\u00f3 satisfecho por los resultados de esta reuni\u00f3n, pues qued\u00f3 en claro que dentro de los pr\u00f3ximos meses San Felipe contar\u00e1 con una parte importante de las ciclov\u00edas comprometidas por la presidenta Michelle Bachelet.<br \/>\n\u201cTal como lo dijo el director, estamos trabajando en el proceso licitatorio para octubre y por lo tanto, la siguiente etapa de construcci\u00f3n partir\u00e1 este a\u00f1o y eso significa que tendremos tramos terminados en lo sucesivo, lo que nos pone muy contentos\u201d, se\u00f1al\u00f3 el alcalde.<\/p>\n<p><strong>PROYECTO CIRCUNVALACI\u00d3N<\/strong><br \/>\nConsultado Carlos Contador por el Proyecto Circunvalaci\u00f3n, manifest\u00f3 que a ra\u00edz de algunas situaciones que han entrampado el avance de esta iniciativa, se acord\u00f3 una nueva reuni\u00f3n enmarcada en esta mesa de trabajo, para resolver los temas que est\u00e1n pendientes.<br \/>\n\u201cEse proyecto por distintas razones se ha entrampado y con el alcalde tomamos el acuerdo de darle la m\u00e1xima celeridad posible, de manera que nos reuniremos en una mesa t\u00e9cnica para destrabar estos nudos cr\u00edticos de esta iniciativa, pues sabemos que es de enorme relevancia para la comuna\u201d, explic\u00f3 el director regional de Serviu.<br \/>\nRespecto de lo anterior, el alcalde Freire destac\u00f3 la voluntad del Gobierno y la excelente disposici\u00f3n del nuevo director regional de Serviu, para sacar adelante un proyecto de alto impacto y relevancia para la comuna.<br \/>\n\u201cEstamos en la \u00faltima fase para sacar adelante este proyecto, que considera temas tan relevantes como la salida de Hermanos Carrera hacia el sector norte de la comuna, Villas San Camilo y Bernardo Cruz, as\u00ed como la intervenci\u00f3n de Michimalongo, que es muy solicitado por la comunidad, por eso agradecemos la disposici\u00f3n del director regional para destrabar estos temas que son de larga data\u201d, manifest\u00f3 el jefe comunal.<br \/>\nLos concejales Dante Rodr\u00edguez y Basilio Muena, que estuvieron presentes en la cita, destacaron la posibilidad de avanzar con dos proyectos emblem\u00e1ticos para San Felipe, valorando el hecho que a trav\u00e9s de ellos se le seguir\u00e1 cambiando la cara a la comuna.<\/p>\n<figure id=\"attachment_73737\" aria-describedby=\"caption-attachment-73737\" style=\"width: 530px\" class=\"wp-caption alignleft\"><a href=\"http:\/\/www.eltrabajo.cl\/portal\/llaman-a-licitacion-construccion-ciclovias-en-ohiggins-yungay-y-chacabuco\/reunion-tecnica-ciclovias\/\" rel=\"attachment wp-att-73737\"><img data-recalc-dims=\"1\" loading=\"lazy\" decoding=\"async\" class=\"size-full wp-image-73737\" src=\"https:\/\/i0.wp.com\/www.eltrabajo.cl\/portal\/wp-content\/uploads\/2016\/09\/reunion-tecnica-ciclovias.jpg?resize=530%2C348\" alt=\"En reuni\u00f3n enmarcada en mesa de trabajo con el alcalde Freire, director regional Carlos Contador destac\u00f3 adem\u00e1s que proyecto Circunvalaci\u00f3n de San Felipe se encuentre en su \u00faltima fase.\" width=\"530\" height=\"348\" srcset=\"https:\/\/i0.wp.com\/eltrabajo.cl\/portal\/wp-content\/uploads\/2016\/09\/reunion-tecnica-ciclovias.jpg?w=530&amp;ssl=1 530w, https:\/\/i0.wp.com\/eltrabajo.cl\/portal\/wp-content\/uploads\/2016\/09\/reunion-tecnica-ciclovias.jpg?resize=200%2C131&amp;ssl=1 200w, https:\/\/i0.wp.com\/eltrabajo.cl\/portal\/wp-content\/uploads\/2016\/09\/reunion-tecnica-ciclovias.jpg?resize=300%2C197&amp;ssl=1 300w, https:\/\/i0.wp.com\/eltrabajo.cl\/portal\/wp-content\/uploads\/2016\/09\/reunion-tecnica-ciclovias.jpg?resize=228%2C150&amp;ssl=1 228w, https:\/\/i0.wp.com\/eltrabajo.cl\/portal\/wp-content\/uploads\/2016\/09\/reunion-tecnica-ciclovias.jpg?resize=400%2C263&amp;ssl=1 400w\" sizes=\"auto, (max-width: 530px) 100vw, 530px\" \/><\/a><figcaption id=\"caption-attachment-73737\" class=\"wp-caption-text\">En reuni\u00f3n enmarcada en mesa de trabajo con el alcalde Freire, director regional Carlos Contador destac\u00f3 adem\u00e1s que proyecto Circunvalaci\u00f3n de San Felipe se encuentre en su \u00faltima fase.<\/figcaption><\/figure>\n","protected":false},"excerpt":{"rendered":"<p>En reuni\u00f3n enmarcada en mesa de trabajo con el alcalde Freire, director regional Carlos Contador destac\u00f3 adem\u00e1s que proyecto Circunvalaci\u00f3n de San Felipe se encuentre en su \u00faltima fase. Cuatro llamados a&#8230;<\/p>\n","protected":false},"author":1,"featured_media":73737,"comment_status":"open","ping_status":"open","sticky":false,"template":"","format":"standard","meta":{"advanced_seo_description":"","jetpack_seo_html_title":"","jetpack_seo_noindex":false,"_jetpack_memberships_contains_paid_content":false,"footnotes":""},"categories":[1],"tags":[],"class_list":["post-73736","post","type-post","status-publish","format-standard","has-post-thumbnail","hentry","category-cronica"],"jetpack_featured_media_url":"https:\/\/i0.wp.com\/eltrabajo.cl\/portal\/wp-content\/uploads\/2016\/09\/reunion-tecnica-ciclovias.jpg?fit=530%2C348&ssl=1","jetpack_sharing_enabled":true,"jetpack_likes_enabled":true,"jetpack-related-posts":[],"_links":{"self":[{"href":"https:\/\/eltrabajo.cl\/portal\/wp-json\/wp\/v2\/posts\/73736","targetHints":{"allow":["GET"]}}],"collection":[{"href":"https:\/\/eltrabajo.cl\/portal\/wp-json\/wp\/v2\/posts"}],"about":[{"href":"https:\/\/eltrabajo.cl\/portal\/wp-json\/wp\/v2\/types\/post"}],"author":[{"embeddable":true,"href":"https:\/\/eltrabajo.cl\/portal\/wp-json\/wp\/v2\/users\/1"}],"replies":[{"embeddable":true,"href":"https:\/\/eltrabajo.cl\/portal\/wp-json\/wp\/v2\/comments?post=73736"}],"version-history":[{"count":0,"href":"https:\/\/eltrabajo.cl\/portal\/wp-json\/wp\/v2\/posts\/73736\/revisions"}],"wp:featuredmedia":[{"embeddable":true,"href":"https:\/\/eltrabajo.cl\/portal\/wp-json\/wp\/v2\/media\/73737"}],"wp:attachment":[{"href":"https:\/\/eltrabajo.cl\/portal\/wp-json\/wp\/v2\/media?parent=73736"}],"wp:term":[{"taxonomy":"category","embeddable":true,"href":"https:\/\/eltrabajo.cl\/portal\/wp-json\/wp\/v2\/categories?post=73736"},{"taxonomy":"post_tag","embeddable":true,"href":"https:\/\/eltrabajo.cl\/portal\/wp-json\/wp\/v2\/tags?post=73736"}],"curies":[{"name":"wp","href":"https:\/\/api.w.org\/{rel}","templated":true}]}}