{"id":73752,"date":"2016-09-14T08:49:34","date_gmt":"2016-09-14T11:49:34","guid":{"rendered":"http:\/\/www.eltrabajo.cl\/portal\/?p=73752"},"modified":"2016-09-14T08:49:34","modified_gmt":"2016-09-14T11:49:34","slug":"construccion-de-jardin-infantil-de-las-acacias-presenta-un-78-de-avance","status":"publish","type":"post","link":"https:\/\/eltrabajo.cl\/portal\/construccion-de-jardin-infantil-de-las-acacias-presenta-un-78-de-avance\/","title":{"rendered":"Construcci\u00f3n de Jard\u00edn Infantil de Las Acacias presenta un 78% de avance"},"content":{"rendered":"<ul>\n<li><strong><span style=\"color: #ff0000;\">Debiera estar terminado a fines de a\u00f1o:<\/span>\u00a0Junto con los otros 3 proyectos de Junji en la Provincia de San Felipe, se generar\u00e1n alrededor de 400 nuevos cupos para los ni\u00f1os de la zona.<\/strong><\/li>\n<\/ul>\n<p>La Directora Regional de la Junta Nacional de Jardines Infantiles, Junji Valpara\u00edso, Carolina Morales, junto al gobernador de la provincia de San Felipe, Eduardo Le\u00f3n y el alcalde sanfelipe\u00f1o Patricio Freire, visitaron la obra del nuevo jard\u00edn infantil que est\u00e1 en pleno proceso de construcci\u00f3n en la intersecci\u00f3n de avenida Enc\u00f3n con Santa Teresa -Villa Las Acacias- el cual, presenta un 78% de avance.<br \/>\nEl proyecto -se suma a otros 3 establecimientos que Junji est\u00e1 edificando en las comunas de Santa Mar\u00eda, Catemu y Putaendo, con una inversi\u00f3n total de 4 mil millones de pesos- tiene un costo aproximado de 900 millones de pesos y debiera estar\u00eda a disposici\u00f3n de la comunidad a partir del pr\u00f3ximo a\u00f1o.<br \/>\nAs\u00ed lo dio a conocer la directora Regional de Junji, quien se mostr\u00f3 feliz de seguir aument\u00e1ndola oferta parvularia en la zona, detallando que \u00abel proyecto de Enc\u00f3n es uno de los cuatro que se est\u00e1n desarrollando en la Provincia de San Felipe, los cuales en conjunto entregar\u00e1n 400 nuevos cupos para las familias de la Provincia, por lo tanto, aprovechamos de hacer un llamado a los padres y madres para que puedan inscribir a sus hijos e hijas en estos nuevos jardines, que pronto comenzar\u00e1n a operar\u00bb, afirm\u00f3 Morales.<br \/>\nSeg\u00fan Morales, en este tipo de obras, las municipalidades juegan un rol fundamental, pues a trav\u00e9s de ellas se pueden conseguir los espacios para la materializaci\u00f3n de los proyectos.<br \/>\n\u00abAgradecer a los alcaldes de estas comunas, pues finalmente nos abrieron una puerta para poder construir estos jardines infantiles, a trav\u00e9s de esta alianza estrat\u00e9gica con los municipios, quienes aportan con los terrenos para llevar a cabo la construcci\u00f3n de estos establecimientos\u00bb, valor\u00f3 la profesional<br \/>\nRespecto de la importancia que tiene este jard\u00edn infantil para Villa las Acacias y las poblaciones adyacentes, el alcalde Patricio Freire destac\u00f3 que \u00abeste es un sector al que le estamos cambiando la cara completamente, viene la pavimentaci\u00f3n de una calle importante en este lugar, junto con el Parque Estero, es decir, todo un proyecto que se complementa y va en beneficio de este sector tan importante de nuestra comuna\u00bb, apunt\u00f3 el edil.<br \/>\nFinalmente, el gobernador de la Provincia de San Felipe, Eduardo Le\u00f3n, afirm\u00f3 que la materializaci\u00f3n de esta obra, viene a ratificar los compromisos asumidos por la presidenta Bachelet en materia de equidad.<br \/>\n\u00abUn ni\u00f1o o ni\u00f1a que asiste a Jard\u00edn Infantil tiene mucho m\u00e1s y mejores oportunidades. Los recintos que hoy se construyen son de mucho mejor est\u00e1ndar, m\u00e1s grandes. Invitamos a las mam\u00e1s, a los pap\u00e1s a conocer estos establecimientos, estar\u00e1n abiertos desde el pr\u00f3ximo a\u00f1o, as\u00ed que pueden considerar la incorporaci\u00f3n de sus hijos\u00bb, enfatiz\u00f3 la m\u00e1xima autoridad provincial.<\/p>\n<figure id=\"attachment_73753\" aria-describedby=\"caption-attachment-73753\" style=\"width: 530px\" class=\"wp-caption alignleft\"><a href=\"http:\/\/www.eltrabajo.cl\/portal\/construccion-de-jardin-infantil-de-las-acacias-presenta-un-78-de-avance\/foto-1-todos\/\" rel=\"attachment wp-att-73753\"><img data-recalc-dims=\"1\" loading=\"lazy\" decoding=\"async\" class=\"size-full wp-image-73753\" src=\"https:\/\/i0.wp.com\/www.eltrabajo.cl\/portal\/wp-content\/uploads\/2016\/09\/Foto-1-TODOS.jpg?resize=530%2C350\" alt=\"Carolina Morales, directora regional de la Junta Nacional de Jardines Infantiles, Junji Valpara\u00edso, junto al gobernador de la Provincia de San Felipe, Eduardo Le\u00f3n Lazcano y el alcalde Patricio Freire.\" width=\"530\" height=\"350\" srcset=\"https:\/\/i0.wp.com\/eltrabajo.cl\/portal\/wp-content\/uploads\/2016\/09\/Foto-1-TODOS.jpg?w=530&amp;ssl=1 530w, https:\/\/i0.wp.com\/eltrabajo.cl\/portal\/wp-content\/uploads\/2016\/09\/Foto-1-TODOS.jpg?resize=200%2C132&amp;ssl=1 200w, https:\/\/i0.wp.com\/eltrabajo.cl\/portal\/wp-content\/uploads\/2016\/09\/Foto-1-TODOS.jpg?resize=300%2C198&amp;ssl=1 300w, https:\/\/i0.wp.com\/eltrabajo.cl\/portal\/wp-content\/uploads\/2016\/09\/Foto-1-TODOS.jpg?resize=227%2C150&amp;ssl=1 227w, https:\/\/i0.wp.com\/eltrabajo.cl\/portal\/wp-content\/uploads\/2016\/09\/Foto-1-TODOS.jpg?resize=400%2C264&amp;ssl=1 400w\" sizes=\"auto, (max-width: 530px) 100vw, 530px\" \/><\/a><figcaption id=\"caption-attachment-73753\" class=\"wp-caption-text\">Carolina Morales, directora regional de la Junta Nacional de Jardines Infantiles, Junji Valpara\u00edso, junto al gobernador de la Provincia de San Felipe, Eduardo Le\u00f3n Lazcano y el alcalde Patricio Freire.<\/figcaption><\/figure>\n<figure id=\"attachment_73754\" aria-describedby=\"caption-attachment-73754\" style=\"width: 530px\" class=\"wp-caption alignleft\"><a href=\"http:\/\/www.eltrabajo.cl\/portal\/construccion-de-jardin-infantil-de-las-acacias-presenta-un-78-de-avance\/foto-2-nuevo-jardin-infantil-de-villa-las-acacias\/\" rel=\"attachment wp-att-73754\"><img data-recalc-dims=\"1\" loading=\"lazy\" decoding=\"async\" class=\"size-full wp-image-73754\" src=\"https:\/\/i0.wp.com\/www.eltrabajo.cl\/portal\/wp-content\/uploads\/2016\/09\/Foto-2-Nuevo-Jard%C3%ADn-Infantil-de-Villa-Las-Acacias.jpg?resize=530%2C350\" alt=\"Nuevo Jard\u00edn Infantil de Villa Las Acacias, presenta el 78% del total de su obra.\" width=\"530\" height=\"350\" srcset=\"https:\/\/i0.wp.com\/eltrabajo.cl\/portal\/wp-content\/uploads\/2016\/09\/Foto-2-Nuevo-Jard%C3%ADn-Infantil-de-Villa-Las-Acacias.jpg?w=530&amp;ssl=1 530w, https:\/\/i0.wp.com\/eltrabajo.cl\/portal\/wp-content\/uploads\/2016\/09\/Foto-2-Nuevo-Jard%C3%ADn-Infantil-de-Villa-Las-Acacias.jpg?resize=200%2C132&amp;ssl=1 200w, https:\/\/i0.wp.com\/eltrabajo.cl\/portal\/wp-content\/uploads\/2016\/09\/Foto-2-Nuevo-Jard%C3%ADn-Infantil-de-Villa-Las-Acacias.jpg?resize=300%2C198&amp;ssl=1 300w, https:\/\/i0.wp.com\/eltrabajo.cl\/portal\/wp-content\/uploads\/2016\/09\/Foto-2-Nuevo-Jard%C3%ADn-Infantil-de-Villa-Las-Acacias.jpg?resize=227%2C150&amp;ssl=1 227w, https:\/\/i0.wp.com\/eltrabajo.cl\/portal\/wp-content\/uploads\/2016\/09\/Foto-2-Nuevo-Jard%C3%ADn-Infantil-de-Villa-Las-Acacias.jpg?resize=400%2C264&amp;ssl=1 400w\" sizes=\"auto, (max-width: 530px) 100vw, 530px\" \/><\/a><figcaption id=\"caption-attachment-73754\" class=\"wp-caption-text\">Nuevo Jard\u00edn Infantil de Villa Las Acacias, presenta el 78% del total de su obra.<\/figcaption><\/figure>\n","protected":false},"excerpt":{"rendered":"<p>Debiera estar terminado a fines de a\u00f1o:\u00a0Junto con los otros 3 proyectos de Junji en la Provincia de San Felipe, se generar\u00e1n alrededor de 400 nuevos cupos para los ni\u00f1os de la&#8230;<\/p>\n","protected":false},"author":1,"featured_media":73754,"comment_status":"open","ping_status":"open","sticky":false,"template":"","format":"standard","meta":{"advanced_seo_description":"","jetpack_seo_html_title":"","jetpack_seo_noindex":false,"_jetpack_memberships_contains_paid_content":false,"footnotes":""},"categories":[1],"tags":[],"class_list":["post-73752","post","type-post","status-publish","format-standard","has-post-thumbnail","hentry","category-cronica"],"jetpack_featured_media_url":"https:\/\/i0.wp.com\/eltrabajo.cl\/portal\/wp-content\/uploads\/2016\/09\/Foto-2-Nuevo-Jard%C3%ADn-Infantil-de-Villa-Las-Acacias.jpg?fit=530%2C350&ssl=1","jetpack_sharing_enabled":true,"jetpack_likes_enabled":true,"jetpack-related-posts":[],"_links":{"self":[{"href":"https:\/\/eltrabajo.cl\/portal\/wp-json\/wp\/v2\/posts\/73752","targetHints":{"allow":["GET"]}}],"collection":[{"href":"https:\/\/eltrabajo.cl\/portal\/wp-json\/wp\/v2\/posts"}],"about":[{"href":"https:\/\/eltrabajo.cl\/portal\/wp-json\/wp\/v2\/types\/post"}],"author":[{"embeddable":true,"href":"https:\/\/eltrabajo.cl\/portal\/wp-json\/wp\/v2\/users\/1"}],"replies":[{"embeddable":true,"href":"https:\/\/eltrabajo.cl\/portal\/wp-json\/wp\/v2\/comments?post=73752"}],"version-history":[{"count":0,"href":"https:\/\/eltrabajo.cl\/portal\/wp-json\/wp\/v2\/posts\/73752\/revisions"}],"wp:featuredmedia":[{"embeddable":true,"href":"https:\/\/eltrabajo.cl\/portal\/wp-json\/wp\/v2\/media\/73754"}],"wp:attachment":[{"href":"https:\/\/eltrabajo.cl\/portal\/wp-json\/wp\/v2\/media?parent=73752"}],"wp:term":[{"taxonomy":"category","embeddable":true,"href":"https:\/\/eltrabajo.cl\/portal\/wp-json\/wp\/v2\/categories?post=73752"},{"taxonomy":"post_tag","embeddable":true,"href":"https:\/\/eltrabajo.cl\/portal\/wp-json\/wp\/v2\/tags?post=73752"}],"curies":[{"name":"wp","href":"https:\/\/api.w.org\/{rel}","templated":true}]}}