{"id":73757,"date":"2016-09-14T09:03:11","date_gmt":"2016-09-14T12:03:11","guid":{"rendered":"http:\/\/www.eltrabajo.cl\/portal\/?p=73757"},"modified":"2016-09-14T09:03:11","modified_gmt":"2016-09-14T12:03:11","slug":"seleccion-chilena-cestera-u15-compartio-con-no-videntes-del-taller-gol-ball","status":"publish","type":"post","link":"https:\/\/eltrabajo.cl\/portal\/seleccion-chilena-cestera-u15-compartio-con-no-videntes-del-taller-gol-ball\/","title":{"rendered":"Selecci\u00f3n Chilena cestera U15 comparti\u00f3 con no videntes del taller Gol-Ball"},"content":{"rendered":"<ul>\n<li><strong><span style=\"color: #ff0000;\">Emotiva instancia de inclusi\u00f3n en el Gimnasio Samuel Tapia Guerrero:<\/span>\u00a0Jugadores y cuerpo t\u00e9cnico del combinado nacional, adem\u00e1s del alcalde de San Felipe Patricio Freire y el concejal Dante Rodr\u00edguez, experimentaron la disciplina con los ojos vendados.<\/strong><\/li>\n<\/ul>\n<p>En una emotiva y linda experiencia de integraci\u00f3n, los integrantes de la Selecci\u00f3n Chilena de B\u00e1squetbol sub 15 -que se encuentran en San Felipe preparando su participaci\u00f3n en el campeonato sudamericano de Paraguay- , se reunieron en el Gimnasio Samuel Tapia Guerrero (Exsala de uso M\u00faltiple), con los participantes no videntes del taller de Gol-Ball, que se desarrolla los martes y vienes en ese mismo recinto de la comuna.<br \/>\nEl Gol-Ball es una disciplina en que dos equipos (pueden ser mixtos entre personas con y sin discapacidad visual) se paran frente a frente en cada extremo de la cancha (precisamente en la demarcaci\u00f3n de la l\u00ednea del v\u00f3ley). Los jugadores sin problemas visuales, deben usar una careta que cubra \u00edntegramente sus ojos y a partir de ese momento, s\u00f3lo utilizando el tacto y la audici\u00f3n, se comienzan a lanzar el bal\u00f3n a ras de piso. El juez indica con un pitazo la orden de lanzamiento para un equipo, mientras que el sonido de dos pitazos, indica que el bal\u00f3n traspuso la l\u00ednea de anotaci\u00f3n, anotando un punto (gol) para el equipo lanzador.<br \/>\nEn la oportunidad, tanto el cuerpo t\u00e9cnico, como los jugadores del seleccionado chileno, se vendaron los ojos y experimentaron la sensaci\u00f3n de practicar esta disciplina, lo que para el Preparador f\u00edsico del combinado nacional, Alejandro Urrutia, result\u00f3 ser una instancia muy provechosa.<br \/>\n\u201cFue una sorpresa s\u00faper grande, muy positiva, sobre todo porque los chicos mostraron inter\u00e9s de experimentar algo nuevo, una cosa que alguno quiz\u00e1s hab\u00eda escuchado, pero vivirla en terreno es totalmente distinta, otra cosa es con guitarra y en este proceso de preparaci\u00f3n para jugar el sudamericano en Paraguay, agradecemos a todos los estamentos que nos permitieron hacer esta concentraci\u00f3n en San Felipe, con las comodidades que se merece una selecci\u00f3n chilena\u201d, sentenci\u00f3 el PF.<\/p>\n<figure id=\"attachment_73759\" aria-describedby=\"caption-attachment-73759\" style=\"width: 300px\" class=\"wp-caption alignleft\"><a href=\"http:\/\/www.eltrabajo.cl\/portal\/seleccion-chilena-cestera-u15-compartio-con-no-videntes-del-taller-gol-ball\/manuel-galdames\/\" rel=\"attachment wp-att-73759\"><img data-recalc-dims=\"1\" loading=\"lazy\" decoding=\"async\" class=\"size-medium wp-image-73759\" src=\"https:\/\/i0.wp.com\/www.eltrabajo.cl\/portal\/wp-content\/uploads\/2016\/09\/Manuel-Galdames-300x197.jpg?resize=300%2C197\" alt=\"Manuel Galdames, integrante no vidente del taller de Gol-Ball en San Felipe.\" width=\"300\" height=\"197\" srcset=\"https:\/\/i0.wp.com\/eltrabajo.cl\/portal\/wp-content\/uploads\/2016\/09\/Manuel-Galdames.jpg?resize=300%2C197&amp;ssl=1 300w, https:\/\/i0.wp.com\/eltrabajo.cl\/portal\/wp-content\/uploads\/2016\/09\/Manuel-Galdames.jpg?resize=200%2C131&amp;ssl=1 200w, https:\/\/i0.wp.com\/eltrabajo.cl\/portal\/wp-content\/uploads\/2016\/09\/Manuel-Galdames.jpg?resize=228%2C150&amp;ssl=1 228w, https:\/\/i0.wp.com\/eltrabajo.cl\/portal\/wp-content\/uploads\/2016\/09\/Manuel-Galdames.jpg?resize=400%2C263&amp;ssl=1 400w, https:\/\/i0.wp.com\/eltrabajo.cl\/portal\/wp-content\/uploads\/2016\/09\/Manuel-Galdames.jpg?w=530&amp;ssl=1 530w\" sizes=\"auto, (max-width: 300px) 100vw, 300px\" \/><\/a><figcaption id=\"caption-attachment-73759\" class=\"wp-caption-text\">Manuel Galdames, integrante no vidente del taller de Gol-Ball en San Felipe.<\/figcaption><\/figure>\n<p>El encargado del Departamento de Deportes de la Municipalidad de San Felipe Danilo Pe\u00f1a, agradeci\u00f3 la disposici\u00f3n mostrada por el cuerpo t\u00e9cnico de la selecci\u00f3n de b\u00e1squetbol sub 15 de Chile, afirmando que \u201cagradezco que estos chicos hayan podido experimentar la inclusi\u00f3n en el juego (\u2026) la realidad dice que los que no tienen la capacidad no son ellos (no videntes), nosotros somos los que no somos capaces de realizar cosas sin ver, ellos hacen de todo\u201d, enfatiz\u00f3 Pe\u00f1a.<br \/>\nEn la instancia, participaron tambi\u00e9n el alcalde de San Felipe, Patricio Freire y el concejal Dante Rodr\u00edguez, hecho que para Manuel Galdames -integrante del equipo de no videntes del taller de Gol-Ball- es gratificante y los deja esperanzados en que las autoridades \u201cno se queden s\u00f3lo en las palabras y en las buenas intenciones\u201d, invit\u00e1ndolos a estar \u201cdonde las papas queman\u201d.<\/p>\n<figure id=\"attachment_73760\" aria-describedby=\"caption-attachment-73760\" style=\"width: 530px\" class=\"wp-caption alignleft\"><a href=\"http:\/\/www.eltrabajo.cl\/portal\/seleccion-chilena-cestera-u15-compartio-con-no-videntes-del-taller-gol-ball\/seleccion-chilena-u15-basquet\/\" rel=\"attachment wp-att-73760\"><img data-recalc-dims=\"1\" loading=\"lazy\" decoding=\"async\" class=\"size-full wp-image-73760\" src=\"https:\/\/i0.wp.com\/www.eltrabajo.cl\/portal\/wp-content\/uploads\/2016\/09\/seleccion-chilena-u15-basquet.jpg?resize=530%2C350\" alt=\"Selecci\u00f3n Chilena de B\u00e1squetbol sub 15 comparti\u00f3 con participantes no videntes del taller municipal del Gol-Ball.\" width=\"530\" height=\"350\" srcset=\"https:\/\/i0.wp.com\/eltrabajo.cl\/portal\/wp-content\/uploads\/2016\/09\/seleccion-chilena-u15-basquet.jpg?w=530&amp;ssl=1 530w, https:\/\/i0.wp.com\/eltrabajo.cl\/portal\/wp-content\/uploads\/2016\/09\/seleccion-chilena-u15-basquet.jpg?resize=200%2C132&amp;ssl=1 200w, https:\/\/i0.wp.com\/eltrabajo.cl\/portal\/wp-content\/uploads\/2016\/09\/seleccion-chilena-u15-basquet.jpg?resize=300%2C198&amp;ssl=1 300w, https:\/\/i0.wp.com\/eltrabajo.cl\/portal\/wp-content\/uploads\/2016\/09\/seleccion-chilena-u15-basquet.jpg?resize=227%2C150&amp;ssl=1 227w, https:\/\/i0.wp.com\/eltrabajo.cl\/portal\/wp-content\/uploads\/2016\/09\/seleccion-chilena-u15-basquet.jpg?resize=400%2C264&amp;ssl=1 400w\" sizes=\"auto, (max-width: 530px) 100vw, 530px\" \/><\/a><figcaption id=\"caption-attachment-73760\" class=\"wp-caption-text\">Selecci\u00f3n Chilena de B\u00e1squetbol sub 15 comparti\u00f3 con participantes no videntes del taller municipal del Gol-Ball.<\/figcaption><\/figure>\n","protected":false},"excerpt":{"rendered":"<p>Emotiva instancia de inclusi\u00f3n en el Gimnasio Samuel Tapia Guerrero:\u00a0Jugadores y cuerpo t\u00e9cnico del combinado nacional, adem\u00e1s del alcalde de San Felipe Patricio Freire y el concejal Dante Rodr\u00edguez, experimentaron la disciplina&#8230;<\/p>\n","protected":false},"author":1,"featured_media":73760,"comment_status":"open","ping_status":"open","sticky":false,"template":"","format":"standard","meta":{"advanced_seo_description":"","jetpack_seo_html_title":"","jetpack_seo_noindex":false,"_jetpack_memberships_contains_paid_content":false,"footnotes":""},"categories":[1],"tags":[],"class_list":["post-73757","post","type-post","status-publish","format-standard","has-post-thumbnail","hentry","category-cronica"],"jetpack_featured_media_url":"https:\/\/i0.wp.com\/eltrabajo.cl\/portal\/wp-content\/uploads\/2016\/09\/seleccion-chilena-u15-basquet.jpg?fit=530%2C350&ssl=1","jetpack_sharing_enabled":true,"jetpack_likes_enabled":true,"jetpack-related-posts":[],"_links":{"self":[{"href":"https:\/\/eltrabajo.cl\/portal\/wp-json\/wp\/v2\/posts\/73757","targetHints":{"allow":["GET"]}}],"collection":[{"href":"https:\/\/eltrabajo.cl\/portal\/wp-json\/wp\/v2\/posts"}],"about":[{"href":"https:\/\/eltrabajo.cl\/portal\/wp-json\/wp\/v2\/types\/post"}],"author":[{"embeddable":true,"href":"https:\/\/eltrabajo.cl\/portal\/wp-json\/wp\/v2\/users\/1"}],"replies":[{"embeddable":true,"href":"https:\/\/eltrabajo.cl\/portal\/wp-json\/wp\/v2\/comments?post=73757"}],"version-history":[{"count":0,"href":"https:\/\/eltrabajo.cl\/portal\/wp-json\/wp\/v2\/posts\/73757\/revisions"}],"wp:featuredmedia":[{"embeddable":true,"href":"https:\/\/eltrabajo.cl\/portal\/wp-json\/wp\/v2\/media\/73760"}],"wp:attachment":[{"href":"https:\/\/eltrabajo.cl\/portal\/wp-json\/wp\/v2\/media?parent=73757"}],"wp:term":[{"taxonomy":"category","embeddable":true,"href":"https:\/\/eltrabajo.cl\/portal\/wp-json\/wp\/v2\/categories?post=73757"},{"taxonomy":"post_tag","embeddable":true,"href":"https:\/\/eltrabajo.cl\/portal\/wp-json\/wp\/v2\/tags?post=73757"}],"curies":[{"name":"wp","href":"https:\/\/api.w.org\/{rel}","templated":true}]}}