{"id":73763,"date":"2016-09-14T09:04:50","date_gmt":"2016-09-14T12:04:50","guid":{"rendered":"http:\/\/www.eltrabajo.cl\/portal\/?p=73763"},"modified":"2016-09-14T09:04:50","modified_gmt":"2016-09-14T12:04:50","slug":"estudiantes-de-la-agricola-brillan-en-el-8-campeonato-nacional-de-debate","status":"publish","type":"post","link":"https:\/\/eltrabajo.cl\/portal\/estudiantes-de-la-agricola-brillan-en-el-8-campeonato-nacional-de-debate\/","title":{"rendered":"Estudiantes de la Agr\u00edcola brillan en el 8\u00b0 Campeonato Nacional de Debate"},"content":{"rendered":"<p>Recientemente se efectu\u00f3 en la ciudad de La Uni\u00f3n, el 8\u00ba Campeonato Nacional de Debate de la Red SNA Educa, en el cual participaron 20 establecimientos pertenecientes a dicha Instituci\u00f3n. La Escuela Agr\u00edcola de San Felipe realiz\u00f3 una destacada participaci\u00f3n, obteniendo un 4\u00b0 lugar defendiendo la tesis \u2018Libertad de expresi\u00f3n, \u00bfsignifica que podemos decir lo que queramos?\u2019.<br \/>\nEl equipo de debate acompa\u00f1ados por su profesora y el director Carlos Dasso, realizaron el viaje a esa ciudad en avi\u00f3n y luego fueron premiados con un precioso paseo por la ciudad de Valdivia, un viaje en barco hacia Puerto Corral y conocieron el fuerte que se encuentra en Isla Mancera.<\/p>\n<figure id=\"attachment_73764\" aria-describedby=\"caption-attachment-73764\" style=\"width: 530px\" class=\"wp-caption alignleft\"><a href=\"http:\/\/www.eltrabajo.cl\/portal\/estudiantes-de-la-agricola-brillan-en-el-8-campeonato-nacional-de-debate\/debate1-2\/\" rel=\"attachment wp-att-73764\"><img data-recalc-dims=\"1\" loading=\"lazy\" decoding=\"async\" class=\"size-full wp-image-73764\" src=\"https:\/\/i0.wp.com\/www.eltrabajo.cl\/portal\/wp-content\/uploads\/2016\/09\/Debate1.jpg?resize=530%2C349\" alt=\"BACANES.- Participaron los alumnos de 4\u00b0 medio Danyxa Mu\u00f1oz Herrera, Camila Jim\u00e9nez Jim\u00e9nez; de 3\u00b0 medio Valentina Guzm\u00e1n Ibaceta, Diego Herrera Reyes y de 2\u00b0 medio Edith Guzm\u00e1n, dirigidos por la profesora de Lenguaje Marcela Gallegos Garrido. Les acompa\u00f1a el director Carlos Dasso.\" width=\"530\" height=\"349\" srcset=\"https:\/\/i0.wp.com\/eltrabajo.cl\/portal\/wp-content\/uploads\/2016\/09\/Debate1.jpg?w=530&amp;ssl=1 530w, https:\/\/i0.wp.com\/eltrabajo.cl\/portal\/wp-content\/uploads\/2016\/09\/Debate1.jpg?resize=200%2C132&amp;ssl=1 200w, https:\/\/i0.wp.com\/eltrabajo.cl\/portal\/wp-content\/uploads\/2016\/09\/Debate1.jpg?resize=300%2C198&amp;ssl=1 300w, https:\/\/i0.wp.com\/eltrabajo.cl\/portal\/wp-content\/uploads\/2016\/09\/Debate1.jpg?resize=228%2C150&amp;ssl=1 228w, https:\/\/i0.wp.com\/eltrabajo.cl\/portal\/wp-content\/uploads\/2016\/09\/Debate1.jpg?resize=400%2C263&amp;ssl=1 400w\" sizes=\"auto, (max-width: 530px) 100vw, 530px\" \/><\/a><figcaption id=\"caption-attachment-73764\" class=\"wp-caption-text\">BACANES.- Participaron los alumnos de 4\u00b0 medio Danyxa Mu\u00f1oz Herrera, Camila Jim\u00e9nez Jim\u00e9nez; de 3\u00b0 medio Valentina Guzm\u00e1n Ibaceta, Diego Herrera Reyes y de 2\u00b0 medio Edith Guzm\u00e1n, dirigidos por la profesora de Lenguaje Marcela Gallegos Garrido. Les acompa\u00f1a el director Carlos Dasso.<\/figcaption><\/figure>\n","protected":false},"excerpt":{"rendered":"<p>Recientemente se efectu\u00f3 en la ciudad de La Uni\u00f3n, el 8\u00ba Campeonato Nacional de Debate de la Red SNA Educa, en el cual participaron 20 establecimientos pertenecientes a dicha Instituci\u00f3n. La Escuela&#8230;<\/p>\n","protected":false},"author":1,"featured_media":73764,"comment_status":"open","ping_status":"open","sticky":false,"template":"","format":"standard","meta":{"advanced_seo_description":"","jetpack_seo_html_title":"","jetpack_seo_noindex":false,"_jetpack_memberships_contains_paid_content":false,"footnotes":""},"categories":[1],"tags":[],"class_list":["post-73763","post","type-post","status-publish","format-standard","has-post-thumbnail","hentry","category-cronica"],"jetpack_featured_media_url":"https:\/\/i0.wp.com\/eltrabajo.cl\/portal\/wp-content\/uploads\/2016\/09\/Debate1.jpg?fit=530%2C349&ssl=1","jetpack_sharing_enabled":true,"jetpack_likes_enabled":true,"jetpack-related-posts":[],"_links":{"self":[{"href":"https:\/\/eltrabajo.cl\/portal\/wp-json\/wp\/v2\/posts\/73763","targetHints":{"allow":["GET"]}}],"collection":[{"href":"https:\/\/eltrabajo.cl\/portal\/wp-json\/wp\/v2\/posts"}],"about":[{"href":"https:\/\/eltrabajo.cl\/portal\/wp-json\/wp\/v2\/types\/post"}],"author":[{"embeddable":true,"href":"https:\/\/eltrabajo.cl\/portal\/wp-json\/wp\/v2\/users\/1"}],"replies":[{"embeddable":true,"href":"https:\/\/eltrabajo.cl\/portal\/wp-json\/wp\/v2\/comments?post=73763"}],"version-history":[{"count":0,"href":"https:\/\/eltrabajo.cl\/portal\/wp-json\/wp\/v2\/posts\/73763\/revisions"}],"wp:featuredmedia":[{"embeddable":true,"href":"https:\/\/eltrabajo.cl\/portal\/wp-json\/wp\/v2\/media\/73764"}],"wp:attachment":[{"href":"https:\/\/eltrabajo.cl\/portal\/wp-json\/wp\/v2\/media?parent=73763"}],"wp:term":[{"taxonomy":"category","embeddable":true,"href":"https:\/\/eltrabajo.cl\/portal\/wp-json\/wp\/v2\/categories?post=73763"},{"taxonomy":"post_tag","embeddable":true,"href":"https:\/\/eltrabajo.cl\/portal\/wp-json\/wp\/v2\/tags?post=73763"}],"curies":[{"name":"wp","href":"https:\/\/api.w.org\/{rel}","templated":true}]}}