{"id":73771,"date":"2016-09-14T09:16:39","date_gmt":"2016-09-14T12:16:39","guid":{"rendered":"http:\/\/www.eltrabajo.cl\/portal\/?p=73771"},"modified":"2016-09-14T09:16:40","modified_gmt":"2016-09-14T12:16:40","slug":"carabineros-cursa-parte-a-conductor-de-bomberos-por-no-respetar-disco-pare","status":"publish","type":"post","link":"https:\/\/eltrabajo.cl\/portal\/carabineros-cursa-parte-a-conductor-de-bomberos-por-no-respetar-disco-pare\/","title":{"rendered":"Carabineros cursa parte a conductor de Bomberos por \u2018no respetar Disco Pare\u2019"},"content":{"rendered":"<ul>\n<li><strong>Inconcebible caso de infracci\u00f3n retras\u00f3 llegada a emergencia:<\/strong><\/li>\n<\/ul>\n<p>Un incre\u00edble hecho se registr\u00f3 en San Felipe, cuando la cabo segundo de Carabineros Karina Campos, no encontr\u00f3 nada mejor que detener un carro de bomberos que concurr\u00eda a una emergencia y cursarle una infracci\u00f3n por \u2018no respetar un disco para con peligro de accidente\u2019, seg\u00fan reza la descripci\u00f3n de la infracci\u00f3n, no precisando que peligro explicito exist\u00eda.<br \/>\nEn efecto, la ma\u00f1ana del 01 de septiembre a las 7:59 hrs la Central de Alarmas del Cuerpo de Bomberos de San Felipe recibo un llamado de emergencia por accidente vehicular en el sector Villa Carmen y Dolores, por ello el carro de rescate de la 1\u00aa Compa\u00f1\u00eda concurri\u00f3 a socorrer a las victimas utilizando sus sirenas y balizas reglamentarias, en su trayecto y cercano al lugar del llamado la pesada m\u00e1quina, como es habitual, se encontr\u00f3 con un \u2018Disco Pare\u2019, el conductor redujo la velocidad y al percatarse que no ven\u00edan veh\u00edculos procedi\u00f3 a acelerar el motor, lo que molesto a la efectiva policial que pretend\u00eda que el veh\u00edculo de detuviera totalmente, raz\u00f3n por la cual retuvo el carro y curso la infracci\u00f3n, frente a la mirada at\u00f3nita de los voluntarios.<\/p>\n<p><strong>CONDICIONES LEGALES<\/strong><br \/>\nComo se sabe, los veh\u00edculos de emergencia tienen paso preferente cuando hacen uso de sus se\u00f1ales de emergencia seg\u00fan estipula la ley.<br \/>\nLa Ley de Tr\u00e1nsito N\u00b0 18.290 establece que los veh\u00edculos de emergencia son los que pertenecen a: Carabineros de Chile e Investigaciones; Cuerpo de Bomberos; Ambulancias de las instituciones fiscales o de los establecimientos particulares que tengan el respectivo permiso otorgado por la autoridad competente.<br \/>\nDe esta manera, cuando estos veh\u00edculos se acerquen por la v\u00eda con sus se\u00f1alizaciones visuales y sonoras, tienen preferencia de paso. Adem\u00e1s solo podr\u00e1n hacer uso de sus dispositivos sonoros cuando vayan en servicio de car\u00e1cter urgente, no siempre.<br \/>\nLo que se debe hacer en estos casos es lo siguiente: el conductor de un veh\u00edculo que circule en el mismo sentido, deber\u00e1 respetar el derecho preferente de paso del veh\u00edculo de emergencia, conduciendo el suyo hacia el lado de la calzada que tenga desocupado, lo m\u00e1s cerca posible de la solera o del eje de la calzada, deteni\u00e9ndose si fuere necesario hasta que haya pasado el de emergencia.<br \/>\nLos veh\u00edculos que lleguen a un cruce al cual se aproxima un veh\u00edculo de emergencia, deber\u00e1n detenerse y respetarle su derecho preferente de paso.<br \/>\nEn las condiciones referidas, cuando un veh\u00edculo de emergencia se aproxime a un cruce con luz roja del sem\u00e1foro u otra se\u00f1al de detenci\u00f3n, su conductor deber\u00e1 reducir la velocidad hasta detenerse si fuere necesario, y cruzar solamente cuando verifique que los dem\u00e1s conductores de veh\u00edculos le hayan cedido el paso y no existan riesgos de accidente.<br \/>\nEl conductor de un veh\u00edculo de emergencia, deber\u00e1 utilizar sus se\u00f1ales audibles y visibles s\u00f3lo en los casos de llamadas de urgencia o alarma y guiar\u00e1 con todo cuidado y velar\u00e1 por la seguridad de los peatones y veh\u00edculos que est\u00e9n usando la v\u00eda, debiendo respetar todas las prescripciones de esta ley que rigen el tr\u00e1nsito p\u00fablico.<br \/>\nSubrayar que los veh\u00edculos particulares no podr\u00e1n usar las se\u00f1ales luminosas y sonoras propias de los veh\u00edculos de emergencia, ya que incurrir\u00e1 en una infracci\u00f3n grav\u00edsima que ser\u00e1 multada.<\/p>\n<p><strong>BOMBEROS DE SAN FELIPE ANUNCIA RETRAZO EN RESPUESTA A LLAMADOS DE EMERGENCIA<\/strong><br \/>\nFrente a este hecho, el superintendente de Bomberos de San Felipe, Julio Hardoy Baylaucq, no oculto su molestia frente a esta \u201carbitrariedad amparada por la oficialidad de carabineros que no entendieron razones\u201d, sostuvo.<br \/>\n\u201cTodos sabemos que las ambulancias, los carros policiales, y Bomberos deben acudir a la mayor brevedad a los llamadas de emergencia, por ello la ley da paso preferente a esos veh\u00edculos, situaci\u00f3n que ac\u00e1 se desconoce, uno podr\u00e1 pesar que esto fue un descriterio pero lo peor es que esto fue amparado por oficiales superiores partiendo por el coronel que no atendi\u00f3 nuestra apelaci\u00f3n a tan injusta medida\u201d, sostuvo Hardoy.<br \/>\n\u201cFrente a esta err\u00f3nea aplicaci\u00f3n de la ley hoy es posible que un cuartel quede sus maquinista por varios d\u00edas y en el futuro nuestra respuesta se vea retrasada al tener que parar en todos los disco pare y luces rojas con que se encuentre un carro en el camino a un llamada, aunque no venga nadie en sentido contrario, como en el caso que hoy nos convoca\u201d, agreg\u00f3.<\/p>\n<figure id=\"attachment_73772\" aria-describedby=\"caption-attachment-73772\" style=\"width: 530px\" class=\"wp-caption alignleft\"><a href=\"http:\/\/www.eltrabajo.cl\/portal\/carabineros-cursa-parte-a-conductor-de-bomberos-por-no-respetar-disco-pare\/parte-1\/\" rel=\"attachment wp-att-73772\"><img data-recalc-dims=\"1\" loading=\"lazy\" decoding=\"async\" class=\"size-full wp-image-73772\" src=\"https:\/\/i0.wp.com\/www.eltrabajo.cl\/portal\/wp-content\/uploads\/2016\/09\/parte-1.jpg?resize=530%2C350\" alt=\"Una situaci\u00f3n criticable sucedi\u00f3 cuando la cabo segundo de Carabineros Karina Campos, no encontr\u00f3 nada mejor que detener un carro de bomberos que concurr\u00eda a una emergencia y cursarle una infracci\u00f3n por  \u2018no respetar un disco para con peligro de accidente\u2019, seg\u00fan reza la descripci\u00f3n de la infracci\u00f3n, no precisando qu\u00e9 peligro expl\u00edcito exist\u00eda.\" width=\"530\" height=\"350\" srcset=\"https:\/\/i0.wp.com\/eltrabajo.cl\/portal\/wp-content\/uploads\/2016\/09\/parte-1.jpg?w=530&amp;ssl=1 530w, https:\/\/i0.wp.com\/eltrabajo.cl\/portal\/wp-content\/uploads\/2016\/09\/parte-1.jpg?resize=200%2C132&amp;ssl=1 200w, https:\/\/i0.wp.com\/eltrabajo.cl\/portal\/wp-content\/uploads\/2016\/09\/parte-1.jpg?resize=300%2C198&amp;ssl=1 300w, https:\/\/i0.wp.com\/eltrabajo.cl\/portal\/wp-content\/uploads\/2016\/09\/parte-1.jpg?resize=227%2C150&amp;ssl=1 227w, https:\/\/i0.wp.com\/eltrabajo.cl\/portal\/wp-content\/uploads\/2016\/09\/parte-1.jpg?resize=400%2C264&amp;ssl=1 400w\" sizes=\"auto, (max-width: 530px) 100vw, 530px\" \/><\/a><figcaption id=\"caption-attachment-73772\" class=\"wp-caption-text\">Una situaci\u00f3n criticable sucedi\u00f3 cuando la cabo segundo de Carabineros Karina Campos, no encontr\u00f3 nada mejor que detener un carro de bomberos que concurr\u00eda a una emergencia y cursarle una infracci\u00f3n por \u2018no respetar un disco para con peligro de accidente\u2019, seg\u00fan reza la descripci\u00f3n de la infracci\u00f3n, no precisando qu\u00e9 peligro expl\u00edcito exist\u00eda.<\/figcaption><\/figure>\n","protected":false},"excerpt":{"rendered":"<p>Inconcebible caso de infracci\u00f3n retras\u00f3 llegada a emergencia: Un incre\u00edble hecho se registr\u00f3 en San Felipe, cuando la cabo segundo de Carabineros Karina Campos, no encontr\u00f3 nada mejor que detener un carro&#8230;<\/p>\n","protected":false},"author":1,"featured_media":73772,"comment_status":"open","ping_status":"open","sticky":false,"template":"","format":"standard","meta":{"advanced_seo_description":"","jetpack_seo_html_title":"","jetpack_seo_noindex":false,"_jetpack_memberships_contains_paid_content":false,"footnotes":""},"categories":[15],"tags":[],"class_list":["post-73771","post","type-post","status-publish","format-standard","has-post-thumbnail","hentry","category-comunidad"],"jetpack_featured_media_url":"https:\/\/i0.wp.com\/eltrabajo.cl\/portal\/wp-content\/uploads\/2016\/09\/parte-1.jpg?fit=530%2C350&ssl=1","jetpack_sharing_enabled":true,"jetpack_likes_enabled":true,"jetpack-related-posts":[],"_links":{"self":[{"href":"https:\/\/eltrabajo.cl\/portal\/wp-json\/wp\/v2\/posts\/73771","targetHints":{"allow":["GET"]}}],"collection":[{"href":"https:\/\/eltrabajo.cl\/portal\/wp-json\/wp\/v2\/posts"}],"about":[{"href":"https:\/\/eltrabajo.cl\/portal\/wp-json\/wp\/v2\/types\/post"}],"author":[{"embeddable":true,"href":"https:\/\/eltrabajo.cl\/portal\/wp-json\/wp\/v2\/users\/1"}],"replies":[{"embeddable":true,"href":"https:\/\/eltrabajo.cl\/portal\/wp-json\/wp\/v2\/comments?post=73771"}],"version-history":[{"count":0,"href":"https:\/\/eltrabajo.cl\/portal\/wp-json\/wp\/v2\/posts\/73771\/revisions"}],"wp:featuredmedia":[{"embeddable":true,"href":"https:\/\/eltrabajo.cl\/portal\/wp-json\/wp\/v2\/media\/73772"}],"wp:attachment":[{"href":"https:\/\/eltrabajo.cl\/portal\/wp-json\/wp\/v2\/media?parent=73771"}],"wp:term":[{"taxonomy":"category","embeddable":true,"href":"https:\/\/eltrabajo.cl\/portal\/wp-json\/wp\/v2\/categories?post=73771"},{"taxonomy":"post_tag","embeddable":true,"href":"https:\/\/eltrabajo.cl\/portal\/wp-json\/wp\/v2\/tags?post=73771"}],"curies":[{"name":"wp","href":"https:\/\/api.w.org\/{rel}","templated":true}]}}