{"id":73775,"date":"2016-09-14T09:29:06","date_gmt":"2016-09-14T12:29:06","guid":{"rendered":"http:\/\/www.eltrabajo.cl\/portal\/?p=73775"},"modified":"2016-09-14T09:29:06","modified_gmt":"2016-09-14T12:29:06","slug":"alumnos-de-media-piden-expulsion-de-inspectora-del-verdoyham-school","status":"publish","type":"post","link":"https:\/\/eltrabajo.cl\/portal\/alumnos-de-media-piden-expulsion-de-inspectora-del-verdoyham-school\/","title":{"rendered":"Alumnos de Media piden expulsi\u00f3n de inspectora del Verdoyham School"},"content":{"rendered":"<ul>\n<li><strong>Denuncian maltrato por parte de funcionaria:<\/strong><\/li>\n<\/ul>\n<p><strong>LLAY LLAY.-<\/strong> Una inusual pol\u00e9mica se desat\u00f3 en el Verdoyham School, generando la preocupaci\u00f3n de toda la comunidad llaylla\u00edna que ve con impotencia c\u00f3mo han cambiado las cosas desde que su fundadora y prestigiosa profesora, la exalcaldesa de Llay Llay Odette Doyhamboure Vera, ya no cumple con sus funciones en este establecimiento. La realidad de esta casa estudiantil en la actualidad, viene siendo cuestionada por los actores m\u00e1s importantes de esta comunidad escolar: Sus mismos alumnos.<br \/>\nLo dicho con antelaci\u00f3n, se sostiene s\u00f3lidamente tras las protestas, marchas y tomas estudiantiles de los chicos de Media, luego que los mismos j\u00f3venes denunciaran estar cansados de los supuestos malos tratos que reciben de la inspectora jefe de ese colegio, la se\u00f1ora Mar\u00eda \u00c1valos, lo que les genera, seg\u00fan ellos, una vida estudiantil de intimidaciones; amenazas y gritos por parte de la funcionaria.<br \/>\nDiario El Trabajo decidi\u00f3 investigar la veracidad de estas denuncias, por lo que ayer martes visit\u00f3 este colegio particular, dirigido por Marisol Torres y Mario Vergara, con quienes fue imposible contactarse, tras la negativa de Mar\u00eda \u00c1valos, a quien solicitamos nos concediera una entrevista primero con ella misma, y tambi\u00e9n con los due\u00f1os.<br \/>\n\u00abPara comenzar, como alumnos de ense\u00f1anza media del Colegio Verdoyham School, queremos informarles sobre lo sucedido el d\u00eda jueves 8 de septiembre, en donde se realiz\u00f3 una marcha pac\u00edfica por parte del alumnado. Dicha marcha, se estableci\u00f3 para denunciar el constante hostigamiento sufrido en dependencias de la instituci\u00f3n educacional, por parte de la inspectora Mar\u00eda \u00c1valos, la cual hace en un constante hostigamiento hacia la comunidad estudiantil, teniendo un actuar grosero y violento con los j\u00f3venes, entregando as\u00ed un permanente maltrato psicol\u00f3gico\u00bb, explic\u00f3 a nuestro medio una estudiante del colegio, quien junto a su madre y en compa\u00f1\u00eda de otros alumnos, dieron declaraciones a Diario El Trabajo, pero con la condici\u00f3n de que sus nombres no fueran revelados para evitar represalias.<\/p>\n<p><strong>DENUNCIAN MALTRATO<\/strong><br \/>\nLa gota que habr\u00eda derramado el vaso de la paciencia del estudiantado fue cuando \u2018alguien\u2019 grab\u00f3 a una pareja de estudiantes abraz\u00e1ndose, lo que habr\u00eda generado m\u00faltiples enfrentamientos entre esta funcionaria y los dem\u00e1s estudiantes, seg\u00fan versiones de esta alumna que habl\u00f3 con nuestro medio y confirmada por el resto presente: \u00abDicho v\u00eddeo fue utilizado por la due\u00f1a de la instituci\u00f3n para amedrentar a la menor afectada, indicando que se retractara de una acusaci\u00f3n que \u00e9sta hab\u00eda realizado en contra de la inspectora del colegio ante una situaci\u00f3n que habr\u00eda ocurrido el pasado d\u00eda 1 de septiembre, instantes en que la menor fue sacada de la sala a empujones, sufriendo violencia de parte de la inspectora hacia la menor. Lo que estamos pidiendo es que nos quiten a esta inspectora\u00bb, dijo la fuente.<br \/>\nDicha situaci\u00f3n fue observada por los alumnos del curso tercero medio, quienes rechazaron el actuar de la docente y tomaron as\u00ed la decisi\u00f3n, en conjunto de los dem\u00e1s cursos, de realizar una toma estudiantil pac\u00edfica. Adem\u00e1s, algunos estudiantes habr\u00edan sido interrogados de manera individual y de forma amenazante por el hijo de la due\u00f1a del colegio el d\u00eda s\u00e1bado 3 de septiembre, en una actividad extraescolar que se desarrollaba en el establecimiento debido a las Fiestas Patrias.<br \/>\nEn la oportunidad, se les habr\u00eda exigido a los j\u00f3venes por parte del \u2018due\u00f1o\u2019, que no contaran a nadie sobre ese interrogatorio ni de los hechos acontecidos.<br \/>\nAnte esta situaci\u00f3n y otras anexas ocurridas permanentemente, los alumnos de s\u00e9ptimo a cuarto a\u00f1o medio, cansados de este hostigamiento, de posibles persecuciones y vulneraci\u00f3n de sus derechos, adem\u00e1s de no estar de acuerdo con las respuestas dadas por el colegio a sus inquietudes sobre la violencia verbal y f\u00edsica recibida por parte de la inspectora, como tambi\u00e9n de la investigaci\u00f3n sobre estos mismos, es que se decidi\u00f3 realizar la manifestaci\u00f3n y toma del colegio.<\/p>\n<p><strong>OTROS RECLAMOS<\/strong><br \/>\nSeg\u00fan un documento hecho circular por el estudiantado sobre otros reclamos que tienen contra el colegio, est\u00e1 el hecho de que aparte de todo el hostigamiento por parte de la inspectora, los alumnos reclaman muchas anomal\u00edas dentro del establecimiento educacional.<br \/>\n\u00abHay alumnos que llegan al establecimiento a las 7:30 aproximadamente (a veces antes). El colegio consta de dos portones, el primero lo abren a las 7:45 horas y el otro a las 7:40. Siendo que \u00e9ste se deber\u00eda abrir una hora antes del toque de timbre (8:00 horas); se realizan cobros indebidos (ya que es un establecimiento subvencionado); no imprimen trabajos dentro del establecimiento; el equipamiento de sala de computaci\u00f3n es m\u00ednimo, la mayor\u00eda de los computadores est\u00e1n malos; hay falta de mobiliario, elementos de ense\u00f1anza y material did\u00e1ctico; la inspectora, m\u00e1s la due\u00f1a y su hijo, interrumpen las clases cuando se les antoja; los alumnos salen a las 13:00 horas a almorzar, sin embargo no los dejan entrar al comedor hasta 15 \u00f3 20 minutos despu\u00e9s del toque de timbre; los microondas est\u00e1n viejos y malos, por lo cual los almuerzos no quedan en buen estado para ser digeridos; cancelaci\u00f3n de matr\u00edculas; retenci\u00f3n de documentos; discriminaci\u00f3n hacia los alumnos prioritarios; devoluciones de matr\u00edculas realizadas a fin de a\u00f1o, siendo que en la provincial dicen que eso est\u00e1 listo desde principio de a\u00f1o; falta de personal id\u00f3neo; irregularidades en la declaraci\u00f3n de asistencia; dificultades o impedimentos en la constituci\u00f3n o participaci\u00f3n en los centros de alumnos, padres y apoderados y consejos escolares\u00bb, dijo la fuente entrevistada.<\/p>\n<p><strong>APODERADO HABLA<\/strong><br \/>\nDiario El Trabajo habl\u00f3 con el padre de esta menor, quien tambi\u00e9n pidi\u00f3 reservar su nombre: \u00abSe supone que cuando el colegio castiga a un ni\u00f1o, le hacen todo un desfile de recriminaci\u00f3n, aqu\u00ed lo rega\u00f1an los due\u00f1os, el hijo de los due\u00f1os, la inspectora y bueno, no estoy de acuerdo en ese sistema, esta inspectora es medio \u2018milica\u2019, los apoderados estamos inconforme con estos problemas, pero a nadie nos toman en cuenta, primero, que tampoco nos atrevemos a reclamar, como s\u00ed lo est\u00e1n haciendo nuestros hijos\u00bb, dijo el apoderado.<\/p>\n<p><strong>INTIMIDANTE RESPUESTA<\/strong><br \/>\nNuestro medio logr\u00f3 hablar con estos alumnos y apoderados afuera del colegio, fue hasta ese lugar al que lleg\u00f3 la se\u00f1ora Mar\u00eda \u00c1valos, a quien le solicitamos formalmente nos atendiera como medio de informaci\u00f3n para establecer la veracidad de estos reclamos, sin embargo \u00c1valos fue tajante al negarse a dar alguna respuesta y tampoco a permitirnos ingresar para hablar con los due\u00f1os del Verdoyham School, por el contrario, pidi\u00f3 a uno de sus asistentes llamar a Carabineros para que el periodista de nuestro medio \u2018fuera detenido\u2019, impidi\u00e9ndonos de esta manera dar un justo equilibro a la informaci\u00f3n que hoy estamos publicando.<br \/>\nLa informaci\u00f3n ya es p\u00fablica; las autoridades reguladoras de colegios como \u00e9ste, que es particular subvencionado, tienen la palabra, nosotros como medio de comunicaci\u00f3n no podemos demostrar, pero resultar\u00eda imprudente no tomar en cuenta la expresi\u00f3n de tantas voluntades que est\u00e1n todas de acuerdo en un solo punto: Esta funcionaria debe dar respuestas y mejorar su actitud hacia sus semejantes, seamos periodistas, apoderados o estudiantes.<br \/>\n<strong>Roberto Gonz\u00e1lez Short<\/strong><br \/>\n<strong>ENVIADO ESPECIAL<\/strong><\/p>\n<figure id=\"attachment_73776\" aria-describedby=\"caption-attachment-73776\" style=\"width: 530px\" class=\"wp-caption alignleft\"><a href=\"http:\/\/www.eltrabajo.cl\/portal\/alumnos-de-media-piden-expulsion-de-inspectora-del-verdoyham-school\/salida1-3\/\" rel=\"attachment wp-att-73776\"><img data-recalc-dims=\"1\" loading=\"lazy\" decoding=\"async\" class=\"size-full wp-image-73776\" src=\"https:\/\/i0.wp.com\/www.eltrabajo.cl\/portal\/wp-content\/uploads\/2016\/09\/Salida1.jpg?resize=530%2C350\" alt=\"FUERA DEL COLEGIO.- Diario El Trabajo esper\u00f3 a que los estudiantes salieran de clases para poder conversar con algunos de ellos.\" width=\"530\" height=\"350\" srcset=\"https:\/\/i0.wp.com\/eltrabajo.cl\/portal\/wp-content\/uploads\/2016\/09\/Salida1.jpg?w=530&amp;ssl=1 530w, https:\/\/i0.wp.com\/eltrabajo.cl\/portal\/wp-content\/uploads\/2016\/09\/Salida1.jpg?resize=200%2C132&amp;ssl=1 200w, https:\/\/i0.wp.com\/eltrabajo.cl\/portal\/wp-content\/uploads\/2016\/09\/Salida1.jpg?resize=300%2C198&amp;ssl=1 300w, https:\/\/i0.wp.com\/eltrabajo.cl\/portal\/wp-content\/uploads\/2016\/09\/Salida1.jpg?resize=227%2C150&amp;ssl=1 227w, https:\/\/i0.wp.com\/eltrabajo.cl\/portal\/wp-content\/uploads\/2016\/09\/Salida1.jpg?resize=400%2C264&amp;ssl=1 400w\" sizes=\"auto, (max-width: 530px) 100vw, 530px\" \/><\/a><figcaption id=\"caption-attachment-73776\" class=\"wp-caption-text\">FUERA DEL COLEGIO.- Diario El Trabajo esper\u00f3 a que los estudiantes salieran de clases para poder conversar con algunos de ellos.<\/figcaption><\/figure>\n<figure id=\"attachment_73777\" aria-describedby=\"caption-attachment-73777\" style=\"width: 530px\" class=\"wp-caption alignleft\"><a href=\"http:\/\/www.eltrabajo.cl\/portal\/alumnos-de-media-piden-expulsion-de-inspectora-del-verdoyham-school\/toma1-4\/\" rel=\"attachment wp-att-73777\"><img data-recalc-dims=\"1\" loading=\"lazy\" decoding=\"async\" class=\"size-full wp-image-73777\" src=\"https:\/\/i0.wp.com\/www.eltrabajo.cl\/portal\/wp-content\/uploads\/2016\/09\/Toma1.jpg?resize=530%2C350\" alt=\"\u00bfQUI\u00c9N APUESTA POR ELLOS?.- Pr\u00e1cticamente toda la Media est\u00e1 solicitando un cambio de inspectora en el Verdoyham School de Llay Llay.\" width=\"530\" height=\"350\" srcset=\"https:\/\/i0.wp.com\/eltrabajo.cl\/portal\/wp-content\/uploads\/2016\/09\/Toma1.jpg?w=530&amp;ssl=1 530w, https:\/\/i0.wp.com\/eltrabajo.cl\/portal\/wp-content\/uploads\/2016\/09\/Toma1.jpg?resize=200%2C132&amp;ssl=1 200w, https:\/\/i0.wp.com\/eltrabajo.cl\/portal\/wp-content\/uploads\/2016\/09\/Toma1.jpg?resize=300%2C198&amp;ssl=1 300w, https:\/\/i0.wp.com\/eltrabajo.cl\/portal\/wp-content\/uploads\/2016\/09\/Toma1.jpg?resize=227%2C150&amp;ssl=1 227w, https:\/\/i0.wp.com\/eltrabajo.cl\/portal\/wp-content\/uploads\/2016\/09\/Toma1.jpg?resize=400%2C264&amp;ssl=1 400w\" sizes=\"auto, (max-width: 530px) 100vw, 530px\" \/><\/a><figcaption id=\"caption-attachment-73777\" class=\"wp-caption-text\">\u00bfQUI\u00c9N APUESTA POR ELLOS?.- Pr\u00e1cticamente toda la Media est\u00e1 solicitando un cambio de inspectora en el Verdoyham School de Llay Llay.<\/figcaption><\/figure>\n<figure id=\"attachment_73778\" aria-describedby=\"caption-attachment-73778\" style=\"width: 530px\" class=\"wp-caption alignleft\"><a href=\"http:\/\/www.eltrabajo.cl\/portal\/alumnos-de-media-piden-expulsion-de-inspectora-del-verdoyham-school\/toma2-3\/\" rel=\"attachment wp-att-73778\"><img data-recalc-dims=\"1\" loading=\"lazy\" decoding=\"async\" class=\"size-full wp-image-73778\" src=\"https:\/\/i0.wp.com\/www.eltrabajo.cl\/portal\/wp-content\/uploads\/2016\/09\/Toma2.jpg?resize=530%2C349\" alt=\"EN TOMA.- Todas estas pancartas fueron \u2018decomisadas\u2019 por los profesores, mientras que nadie pareciera querer dar apoyo a estos j\u00f3venes estudiantes. (Fotos tomadas por los mismos estudiantes)\" width=\"530\" height=\"349\" srcset=\"https:\/\/i0.wp.com\/eltrabajo.cl\/portal\/wp-content\/uploads\/2016\/09\/Toma2.jpg?w=530&amp;ssl=1 530w, https:\/\/i0.wp.com\/eltrabajo.cl\/portal\/wp-content\/uploads\/2016\/09\/Toma2.jpg?resize=200%2C132&amp;ssl=1 200w, https:\/\/i0.wp.com\/eltrabajo.cl\/portal\/wp-content\/uploads\/2016\/09\/Toma2.jpg?resize=300%2C198&amp;ssl=1 300w, https:\/\/i0.wp.com\/eltrabajo.cl\/portal\/wp-content\/uploads\/2016\/09\/Toma2.jpg?resize=228%2C150&amp;ssl=1 228w, https:\/\/i0.wp.com\/eltrabajo.cl\/portal\/wp-content\/uploads\/2016\/09\/Toma2.jpg?resize=400%2C263&amp;ssl=1 400w\" sizes=\"auto, (max-width: 530px) 100vw, 530px\" \/><\/a><figcaption id=\"caption-attachment-73778\" class=\"wp-caption-text\">EN TOMA.- Todas estas pancartas fueron \u2018decomisadas\u2019 por los profesores, mientras que nadie pareciera querer dar apoyo a estos j\u00f3venes estudiantes. (Fotos tomadas por los mismos estudiantes)<\/figcaption><\/figure>\n","protected":false},"excerpt":{"rendered":"<p>Denuncian maltrato por parte de funcionaria: LLAY LLAY.- Una inusual pol\u00e9mica se desat\u00f3 en el Verdoyham School, generando la preocupaci\u00f3n de toda la comunidad llaylla\u00edna que ve con impotencia c\u00f3mo han cambiado&#8230;<\/p>\n","protected":false},"author":1,"featured_media":73776,"comment_status":"open","ping_status":"open","sticky":false,"template":"","format":"standard","meta":{"advanced_seo_description":"","jetpack_seo_html_title":"","jetpack_seo_noindex":false,"_jetpack_memberships_contains_paid_content":false,"footnotes":""},"categories":[15],"tags":[],"class_list":["post-73775","post","type-post","status-publish","format-standard","has-post-thumbnail","hentry","category-comunidad"],"jetpack_featured_media_url":"https:\/\/i0.wp.com\/eltrabajo.cl\/portal\/wp-content\/uploads\/2016\/09\/Salida1.jpg?fit=530%2C350&ssl=1","jetpack_sharing_enabled":true,"jetpack_likes_enabled":true,"jetpack-related-posts":[],"_links":{"self":[{"href":"https:\/\/eltrabajo.cl\/portal\/wp-json\/wp\/v2\/posts\/73775","targetHints":{"allow":["GET"]}}],"collection":[{"href":"https:\/\/eltrabajo.cl\/portal\/wp-json\/wp\/v2\/posts"}],"about":[{"href":"https:\/\/eltrabajo.cl\/portal\/wp-json\/wp\/v2\/types\/post"}],"author":[{"embeddable":true,"href":"https:\/\/eltrabajo.cl\/portal\/wp-json\/wp\/v2\/users\/1"}],"replies":[{"embeddable":true,"href":"https:\/\/eltrabajo.cl\/portal\/wp-json\/wp\/v2\/comments?post=73775"}],"version-history":[{"count":0,"href":"https:\/\/eltrabajo.cl\/portal\/wp-json\/wp\/v2\/posts\/73775\/revisions"}],"wp:featuredmedia":[{"embeddable":true,"href":"https:\/\/eltrabajo.cl\/portal\/wp-json\/wp\/v2\/media\/73776"}],"wp:attachment":[{"href":"https:\/\/eltrabajo.cl\/portal\/wp-json\/wp\/v2\/media?parent=73775"}],"wp:term":[{"taxonomy":"category","embeddable":true,"href":"https:\/\/eltrabajo.cl\/portal\/wp-json\/wp\/v2\/categories?post=73775"},{"taxonomy":"post_tag","embeddable":true,"href":"https:\/\/eltrabajo.cl\/portal\/wp-json\/wp\/v2\/tags?post=73775"}],"curies":[{"name":"wp","href":"https:\/\/api.w.org\/{rel}","templated":true}]}}