{"id":73781,"date":"2016-09-14T09:36:57","date_gmt":"2016-09-14T12:36:57","guid":{"rendered":"http:\/\/www.eltrabajo.cl\/portal\/?p=73781"},"modified":"2016-09-14T09:36:57","modified_gmt":"2016-09-14T12:36:57","slug":"paciente-del-psiquiatrico-denuncia-abuso-sexual-por-parte-de-funcionario","status":"publish","type":"post","link":"https:\/\/eltrabajo.cl\/portal\/paciente-del-psiquiatrico-denuncia-abuso-sexual-por-parte-de-funcionario\/","title":{"rendered":"Paciente del Psiqui\u00e1trico denuncia abuso sexual por parte de funcionario"},"content":{"rendered":"<ul>\n<li><strong><span style=\"color: #ff0000;\">Auxiliar denunciado fue desvinculado por mala conducta reiterada:<\/span>\u00a0Registro de c\u00e1maras de vigilancia demuestra que efectivamente el acusado llev\u00f3 a la v\u00edctima a un lugar con acceso restringido para pacientes.<\/strong><\/li>\n<\/ul>\n<p>Una grave denuncia contra un auxiliar del Hospital Psiqui\u00e1trico Dr. Philippe Pinel realiz\u00f3 una paciente del mismo establecimiento, quien luego de ser dada de alta regres\u00f3 junto a sus cuidadores para dar a conocer la situaci\u00f3n que debi\u00f3 enfrentar hace unos 40 d\u00edas aproximadamente.<br \/>\nLa informaci\u00f3n fue conocida en forma exclusiva por Diario El Trabajo, a trav\u00e9s de fuentes de alta confiabilidad que pidieron expresa protecci\u00f3n de su identidad, ampar\u00e1ndose en la Ley de Prensa (19.733) que consagra el derecho de los periodistas a mantener reserva de sus fuentes.<\/p>\n<p><strong>HOSPITAL TRANSPARENTE<\/strong><br \/>\nA trav\u00e9s de una conversaci\u00f3n con el Dr. Jaime Retamal, Director del Hospital Psiqui\u00e1trico, pudimos verificar la informaci\u00f3n proporcionada, confirm\u00e1ndonos que fue el equipo de la unidad de Corta Estad\u00eda el que recibe de parte de las personas al cuidado de la paciente, que es una menor de edad, la denuncia de la afectada, para lo cual se realiza una reuni\u00f3n donde la paciente declara que habr\u00eda sido v\u00edctima de abuso por parte de un funcionario.<br \/>\nSeg\u00fan explic\u00f3 el Dr. Retamal, tras la denuncia de inmediato se procedi\u00f3 a revisar las grabaciones de las c\u00e1maras de vigilancia, donde se constata y \u00abdemuestra que efectivamente la paciente entra a un lugar donde solo pueden entrar funcionarios\u00bb.<br \/>\nNo obstante, el facultativo explic\u00f3 que \u00ablo que ah\u00ed ocurre es parte de la investigaci\u00f3n, porque estamos obligados a entregar los antecedentes a la PDI y a la Fiscal\u00eda para que se investigue\u00bb.<br \/>\n<strong>&#8211; Se tiene informaci\u00f3n que esta paciente ingres\u00f3 en horas de la madrugada y permaneci\u00f3 por largo rato con el funcionario en este sector donde no pudo haber ingresado. \u00bfEs efectivo esto?<\/strong><br \/>\n&#8211; S\u00ed, efectivamente la paciente ingresa, son aproximadamente entre 8 a 10 minutos que estuvo en este lugar, que es la cl\u00ednica de la unidad, sin embargo yo no puedo decirte si efectivamente ocurre o no ocurre una situaci\u00f3n de abuso porque eso es parte de la investigaci\u00f3n.<br \/>\n<strong>&#8211; \u00bfPor qu\u00e9 entonces se denuncia a Investigaciones?<\/strong><br \/>\n&#8211; Porque la denuncia es por abuso, o sea la paciente, su relato es que supuestamente ella fue v\u00edctima de abuso, entonces en ese contexto nosotros tenemos que entregar los antecedentes para que se hagan los peritajes y la investigaci\u00f3n pertinente.<br \/>\n<strong>&#8211; \u00bfEste funcionario fue desvinculado de forma inmediata?<\/strong><br \/>\n&#8211; Fue desvinculado efectivamente, pero que quede bien claro que esta desvinculaci\u00f3n no tiene que ver con que nosotros lo estemos acusando a \u00e9l o demos por hecho que \u00e9l cometi\u00f3 el abuso. Lo que nosotros conversamos con el funcionario y su familia, es que ac\u00e1 se quebranta una norma de funcionamiento de la unidad que pone en riesgo tanto la integridad del funcionario, la integridad del usuario y la imagen de la instituci\u00f3n, m\u00e1s all\u00e1 de que el d\u00eda de ma\u00f1ana se demuestre si hubo o no hubo alg\u00fan tipo de abuso o agresi\u00f3n hacia la paciente, el haber quebrantado esta norma es una raz\u00f3n suficiente, es una falta grave. Y adem\u00e1s, sumado a esto que el funcionario se encontraba en una situaci\u00f3n condicional de conducta, que estaba bajo un sistema de monitoreo permanente y una renovaci\u00f3n trimestral (de su contrato) ya que hab\u00eda cometido faltas graves tambi\u00e9n en cuanto a su conducta funcionaria el a\u00f1o pasado.<\/p>\n<p><strong>INVESTIGACI\u00d3N EN MARCHA<\/strong><br \/>\nCabe destacar que por estos d\u00edas, funcionarios del establecimiento han estado recibiendo las citaciones de parte de la PDI para que acudan a entregar sus declaraciones.<br \/>\nLo anterior unido a las declaraciones de la menor afectada cuyo relato ya fue descrito como cre\u00edble, adem\u00e1s de las grabaciones que demuestran que la paciente ingres\u00f3 con el funcionario a un lugar donde no deb\u00eda estar, ser\u00edan las evidencias que podr\u00edan terminar en condena privativa de libertad para el funcionario acusado.<\/p>\n<figure id=\"attachment_73782\" aria-describedby=\"caption-attachment-73782\" style=\"width: 530px\" class=\"wp-caption alignleft\"><a href=\"http:\/\/www.eltrabajo.cl\/portal\/paciente-del-psiquiatrico-denuncia-abuso-sexual-por-parte-de-funcionario\/abuso-sexual-psiquiatrico\/\" rel=\"attachment wp-att-73782\"><img data-recalc-dims=\"1\" loading=\"lazy\" decoding=\"async\" class=\"size-full wp-image-73782\" src=\"https:\/\/i0.wp.com\/www.eltrabajo.cl\/portal\/wp-content\/uploads\/2016\/09\/abuso-sexual-psiquiatrico.jpg?resize=530%2C349\" alt=\"La menor de edad se encontraba internada cuando habr\u00eda sido abusada sexualmente por un auxiliar del establecimiento, el que fue desvinculado de la instituci\u00f3n.\" width=\"530\" height=\"349\" srcset=\"https:\/\/i0.wp.com\/eltrabajo.cl\/portal\/wp-content\/uploads\/2016\/09\/abuso-sexual-psiquiatrico.jpg?w=530&amp;ssl=1 530w, https:\/\/i0.wp.com\/eltrabajo.cl\/portal\/wp-content\/uploads\/2016\/09\/abuso-sexual-psiquiatrico.jpg?resize=200%2C132&amp;ssl=1 200w, https:\/\/i0.wp.com\/eltrabajo.cl\/portal\/wp-content\/uploads\/2016\/09\/abuso-sexual-psiquiatrico.jpg?resize=300%2C198&amp;ssl=1 300w, https:\/\/i0.wp.com\/eltrabajo.cl\/portal\/wp-content\/uploads\/2016\/09\/abuso-sexual-psiquiatrico.jpg?resize=228%2C150&amp;ssl=1 228w, https:\/\/i0.wp.com\/eltrabajo.cl\/portal\/wp-content\/uploads\/2016\/09\/abuso-sexual-psiquiatrico.jpg?resize=400%2C263&amp;ssl=1 400w\" sizes=\"auto, (max-width: 530px) 100vw, 530px\" \/><\/a><figcaption id=\"caption-attachment-73782\" class=\"wp-caption-text\">La menor de edad se encontraba internada cuando habr\u00eda sido abusada sexualmente por un auxiliar del establecimiento, el que fue desvinculado de la instituci\u00f3n.<\/figcaption><\/figure>\n<figure id=\"attachment_73783\" aria-describedby=\"caption-attachment-73783\" style=\"width: 300px\" class=\"wp-caption alignleft\"><a href=\"http:\/\/www.eltrabajo.cl\/portal\/paciente-del-psiquiatrico-denuncia-abuso-sexual-por-parte-de-funcionario\/jaime-retamal\/\" rel=\"attachment wp-att-73783\"><img data-recalc-dims=\"1\" loading=\"lazy\" decoding=\"async\" class=\"size-medium wp-image-73783\" src=\"https:\/\/i0.wp.com\/www.eltrabajo.cl\/portal\/wp-content\/uploads\/2016\/09\/Jaime-Retamal-300x198.jpg?resize=300%2C198\" alt=\"El Dr. Jaime Retamal, Director del Hospital Psiqui\u00e1trico, actu\u00f3 con total transparencia al momento de enfrentar a la prensa.\" width=\"300\" height=\"198\" srcset=\"https:\/\/i0.wp.com\/eltrabajo.cl\/portal\/wp-content\/uploads\/2016\/09\/Jaime-Retamal.jpg?resize=300%2C198&amp;ssl=1 300w, https:\/\/i0.wp.com\/eltrabajo.cl\/portal\/wp-content\/uploads\/2016\/09\/Jaime-Retamal.jpg?resize=200%2C132&amp;ssl=1 200w, https:\/\/i0.wp.com\/eltrabajo.cl\/portal\/wp-content\/uploads\/2016\/09\/Jaime-Retamal.jpg?resize=227%2C150&amp;ssl=1 227w, https:\/\/i0.wp.com\/eltrabajo.cl\/portal\/wp-content\/uploads\/2016\/09\/Jaime-Retamal.jpg?resize=400%2C264&amp;ssl=1 400w, https:\/\/i0.wp.com\/eltrabajo.cl\/portal\/wp-content\/uploads\/2016\/09\/Jaime-Retamal.jpg?w=530&amp;ssl=1 530w\" sizes=\"auto, (max-width: 300px) 100vw, 300px\" \/><\/a><figcaption id=\"caption-attachment-73783\" class=\"wp-caption-text\">El Dr. Jaime Retamal, Director del Hospital Psiqui\u00e1trico, actu\u00f3 con total transparencia al momento de enfrentar a la prensa.<\/figcaption><\/figure>\n","protected":false},"excerpt":{"rendered":"<p>Auxiliar denunciado fue desvinculado por mala conducta reiterada:\u00a0Registro de c\u00e1maras de vigilancia demuestra que efectivamente el acusado llev\u00f3 a la v\u00edctima a un lugar con acceso restringido para pacientes. Una grave denuncia&#8230;<\/p>\n","protected":false},"author":1,"featured_media":73782,"comment_status":"open","ping_status":"open","sticky":false,"template":"","format":"standard","meta":{"advanced_seo_description":"","jetpack_seo_html_title":"","jetpack_seo_noindex":false,"_jetpack_memberships_contains_paid_content":false,"footnotes":""},"categories":[15],"tags":[],"class_list":["post-73781","post","type-post","status-publish","format-standard","has-post-thumbnail","hentry","category-comunidad"],"jetpack_featured_media_url":"https:\/\/i0.wp.com\/eltrabajo.cl\/portal\/wp-content\/uploads\/2016\/09\/abuso-sexual-psiquiatrico.jpg?fit=530%2C349&ssl=1","jetpack_sharing_enabled":true,"jetpack_likes_enabled":true,"jetpack-related-posts":[],"_links":{"self":[{"href":"https:\/\/eltrabajo.cl\/portal\/wp-json\/wp\/v2\/posts\/73781","targetHints":{"allow":["GET"]}}],"collection":[{"href":"https:\/\/eltrabajo.cl\/portal\/wp-json\/wp\/v2\/posts"}],"about":[{"href":"https:\/\/eltrabajo.cl\/portal\/wp-json\/wp\/v2\/types\/post"}],"author":[{"embeddable":true,"href":"https:\/\/eltrabajo.cl\/portal\/wp-json\/wp\/v2\/users\/1"}],"replies":[{"embeddable":true,"href":"https:\/\/eltrabajo.cl\/portal\/wp-json\/wp\/v2\/comments?post=73781"}],"version-history":[{"count":0,"href":"https:\/\/eltrabajo.cl\/portal\/wp-json\/wp\/v2\/posts\/73781\/revisions"}],"wp:featuredmedia":[{"embeddable":true,"href":"https:\/\/eltrabajo.cl\/portal\/wp-json\/wp\/v2\/media\/73782"}],"wp:attachment":[{"href":"https:\/\/eltrabajo.cl\/portal\/wp-json\/wp\/v2\/media?parent=73781"}],"wp:term":[{"taxonomy":"category","embeddable":true,"href":"https:\/\/eltrabajo.cl\/portal\/wp-json\/wp\/v2\/categories?post=73781"},{"taxonomy":"post_tag","embeddable":true,"href":"https:\/\/eltrabajo.cl\/portal\/wp-json\/wp\/v2\/tags?post=73781"}],"curies":[{"name":"wp","href":"https:\/\/api.w.org\/{rel}","templated":true}]}}