{"id":73786,"date":"2016-09-15T08:43:11","date_gmt":"2016-09-15T11:43:11","guid":{"rendered":"http:\/\/www.eltrabajo.cl\/portal\/?p=73786"},"modified":"2016-09-15T08:46:09","modified_gmt":"2016-09-15T11:46:09","slug":"agrupaciones-animalistas-marcharan-por-calles-andinas-en-contra-del-rodeo","status":"publish","type":"post","link":"https:\/\/eltrabajo.cl\/portal\/agrupaciones-animalistas-marcharan-por-calles-andinas-en-contra-del-rodeo\/","title":{"rendered":"Agrupaciones Animalistas marchar\u00e1n por calles andinas en contra del rodeo"},"content":{"rendered":"<ul>\n<li><strong>Se busca generar conciencia del maltrato animal que existe en este denominado deporte, raz\u00f3n por lo que convocan a todos quienes est\u00e9n contra el rodeo, para este s\u00e1bado en la plaza de armas de Los Andes.<\/strong><\/li>\n<\/ul>\n<p><strong>LOS ANDES.-<\/strong> Luego de la marcha de los huasos a favor del rodeo, las Agrupaciones Animalistas de Los Andes, tienen la respuesta que no tarda en llegar, siendo por eso que este s\u00e1bado a partir de las 11 de la ma\u00f1ana, frente a la Gobernaci\u00f3n Provincial de Los Andes, se realizar\u00e1 una marcha contra el rodeo, dado que es considerado maltrato animal.<br \/>\nLa iniciativa se basa bajo el fundamento \u2018Porque soy chileno y el Rodeo no me representa\u2019, donde las agrupaciones animalistas est\u00e1n convocando a todos quienes est\u00e9n en contra de este deporte y que consideran maltrato, lleguen a apoyar esta iniciativa que busca terminar la pr\u00e1ctica de este deporte.<br \/>\nSeg\u00fan comenta Nury Tapia, presidenta de la Agrupaci\u00f3n de Protecci\u00f3n Animal de Los Andes \u201clo que se busca con esto es generar conciencia en la comunidad que en el rodeo hay maltrato y con ello demostrar que son muchas las personas que est\u00e1n en contra del rodeo y queremos que esta tradici\u00f3n chilena que es un acto de crueldad sea abolida\u201d.<br \/>\nSe espera, que la gente llegue con pancartas o lienzos apoyando esta causa de protecci\u00f3n animal, pues para ellos hay un evidente maltrato cuando se pr\u00e1ctica este deporte y que es cuestionado cada vez m\u00e1s en todo Chile.<br \/>\nCon esto, las agrupaciones animalistas de Los Andes y Aconcagua que participar\u00e1n de la marcha se suman a la idea que tuvo la agrupaci\u00f3n \u2018Animal Libre\u2019 que fue la precursora a trav\u00e9s de todo Chile de esta campa\u00f1a que busca terminar con los rodeos en el pa\u00eds.<\/p>\n<figure id=\"attachment_73787\" aria-describedby=\"caption-attachment-73787\" style=\"width: 530px\" class=\"wp-caption alignleft\"><a href=\"http:\/\/www.eltrabajo.cl\/portal\/agrupaciones-animalistas-marcharan-por-calles-andinas-en-contra-del-rodeo\/noalrodeo\/\" rel=\"attachment wp-att-73787\"><img data-recalc-dims=\"1\" loading=\"lazy\" decoding=\"async\" class=\"size-full wp-image-73787\" src=\"https:\/\/i0.wp.com\/www.eltrabajo.cl\/portal\/wp-content\/uploads\/2016\/09\/noalrodeo.jpg?resize=530%2C349\" alt=\"Este s\u00e1bado a partir de las 11 de la ma\u00f1ana, frente a la Gobernaci\u00f3n Provincial de Los Andes, se realizar\u00e1 una marcha contra el rodeo, dado que es considerado maltrato animal.\" width=\"530\" height=\"349\" srcset=\"https:\/\/i0.wp.com\/eltrabajo.cl\/portal\/wp-content\/uploads\/2016\/09\/noalrodeo.jpg?w=530&amp;ssl=1 530w, https:\/\/i0.wp.com\/eltrabajo.cl\/portal\/wp-content\/uploads\/2016\/09\/noalrodeo.jpg?resize=200%2C132&amp;ssl=1 200w, https:\/\/i0.wp.com\/eltrabajo.cl\/portal\/wp-content\/uploads\/2016\/09\/noalrodeo.jpg?resize=300%2C198&amp;ssl=1 300w, https:\/\/i0.wp.com\/eltrabajo.cl\/portal\/wp-content\/uploads\/2016\/09\/noalrodeo.jpg?resize=228%2C150&amp;ssl=1 228w, https:\/\/i0.wp.com\/eltrabajo.cl\/portal\/wp-content\/uploads\/2016\/09\/noalrodeo.jpg?resize=400%2C263&amp;ssl=1 400w\" sizes=\"auto, (max-width: 530px) 100vw, 530px\" \/><\/a><figcaption id=\"caption-attachment-73787\" class=\"wp-caption-text\">Este s\u00e1bado a partir de las 11 de la ma\u00f1ana, frente a la Gobernaci\u00f3n Provincial de Los Andes, se realizar\u00e1 una marcha contra el rodeo, dado que es considerado maltrato animal.<\/figcaption><\/figure>\n","protected":false},"excerpt":{"rendered":"<p>Se busca generar conciencia del maltrato animal que existe en este denominado deporte, raz\u00f3n por lo que convocan a todos quienes est\u00e9n contra el rodeo, para este s\u00e1bado en la plaza de&#8230;<\/p>\n","protected":false},"author":1,"featured_media":73787,"comment_status":"open","ping_status":"open","sticky":false,"template":"","format":"standard","meta":{"advanced_seo_description":"","jetpack_seo_html_title":"","jetpack_seo_noindex":false,"_jetpack_memberships_contains_paid_content":false,"footnotes":""},"categories":[1],"tags":[],"class_list":["post-73786","post","type-post","status-publish","format-standard","has-post-thumbnail","hentry","category-cronica"],"jetpack_featured_media_url":"https:\/\/i0.wp.com\/eltrabajo.cl\/portal\/wp-content\/uploads\/2016\/09\/noalrodeo.jpg?fit=530%2C349&ssl=1","jetpack_sharing_enabled":true,"jetpack_likes_enabled":true,"jetpack-related-posts":[],"_links":{"self":[{"href":"https:\/\/eltrabajo.cl\/portal\/wp-json\/wp\/v2\/posts\/73786","targetHints":{"allow":["GET"]}}],"collection":[{"href":"https:\/\/eltrabajo.cl\/portal\/wp-json\/wp\/v2\/posts"}],"about":[{"href":"https:\/\/eltrabajo.cl\/portal\/wp-json\/wp\/v2\/types\/post"}],"author":[{"embeddable":true,"href":"https:\/\/eltrabajo.cl\/portal\/wp-json\/wp\/v2\/users\/1"}],"replies":[{"embeddable":true,"href":"https:\/\/eltrabajo.cl\/portal\/wp-json\/wp\/v2\/comments?post=73786"}],"version-history":[{"count":0,"href":"https:\/\/eltrabajo.cl\/portal\/wp-json\/wp\/v2\/posts\/73786\/revisions"}],"wp:featuredmedia":[{"embeddable":true,"href":"https:\/\/eltrabajo.cl\/portal\/wp-json\/wp\/v2\/media\/73787"}],"wp:attachment":[{"href":"https:\/\/eltrabajo.cl\/portal\/wp-json\/wp\/v2\/media?parent=73786"}],"wp:term":[{"taxonomy":"category","embeddable":true,"href":"https:\/\/eltrabajo.cl\/portal\/wp-json\/wp\/v2\/categories?post=73786"},{"taxonomy":"post_tag","embeddable":true,"href":"https:\/\/eltrabajo.cl\/portal\/wp-json\/wp\/v2\/tags?post=73786"}],"curies":[{"name":"wp","href":"https:\/\/api.w.org\/{rel}","templated":true}]}}