{"id":73799,"date":"2016-09-15T09:13:08","date_gmt":"2016-09-15T12:13:08","guid":{"rendered":"http:\/\/www.eltrabajo.cl\/portal\/?p=73799"},"modified":"2016-09-15T09:13:08","modified_gmt":"2016-09-15T12:13:08","slug":"con-gala-folclorica-celebran-79-anos-de-escuela-carmela-carvajal","status":"publish","type":"post","link":"https:\/\/eltrabajo.cl\/portal\/con-gala-folclorica-celebran-79-anos-de-escuela-carmela-carvajal\/","title":{"rendered":"Con gala folcl\u00f3rica celebran 79 a\u00f1os de Escuela Carmela Carvajal"},"content":{"rendered":"<p>Con la participaci\u00f3n de la banda de la escuela Carmela Carvajal en el acto c\u00edvico de Curim\u00f3n, se dio inicio a la celebraci\u00f3n del mes de aniversario de esa casa de estudios sanfelipe\u00f1a. La ceremonia se realiz\u00f3 en el patio escolar del centro educativo, tambi\u00e9n contempl\u00f3 un acto c\u00edvico por la ma\u00f1ana del s\u00e1bado, y una gala folcl\u00f3rica en horas de la tarde.<br \/>\nLa actividad cont\u00f3 con la presencia del alcalde de San Felipe Patricio Freire Canto, concejales, autoridades invitadas.<br \/>\nLas c\u00e1maras de Diario El Trabajo, tomaron registro de los bailes t\u00edpicos nacionales, as\u00ed como de los t\u00edpicos extranjeros, los que fueron interpretados por los distintos cursos, la que cumpli\u00f3 79 a\u00f1os de existencia, esta escuela sanfelipe\u00f1a cuenta con Excelencia Acad\u00e9mica 2016, importante logro acad\u00e9mico que pocas casas de estudio aconcag\u00fcinas han obtenido.<br \/>\nA la gala, lleg\u00f3 como invitado especial el alcalde Patricio Freire, los concejales Dante Rodr\u00edguez y Basilio Muena, el jefe Daem Iv\u00e1n Silva y otros directores de escuelas de nuestra comuna, adem\u00e1s de los cores Iv\u00e1n Reyes y Rolando Stevenson.<\/p>\n<figure id=\"attachment_73800\" aria-describedby=\"caption-attachment-73800\" style=\"width: 530px\" class=\"wp-caption alignleft\"><a href=\"http:\/\/www.eltrabajo.cl\/portal\/con-gala-folclorica-celebran-79-anos-de-escuela-carmela-carvajal\/bailes1-9\/\" rel=\"attachment wp-att-73800\"><img data-recalc-dims=\"1\" loading=\"lazy\" decoding=\"async\" class=\"size-full wp-image-73800\" src=\"https:\/\/i0.wp.com\/www.eltrabajo.cl\/portal\/wp-content\/uploads\/2016\/09\/Bailes1.jpg?resize=530%2C349\" alt=\"BAILES T\u00cdPICOS.- Bailes pascuenses y de otras latitudes de nuestro pa\u00eds, fueron los que alegraron la jornada folcl\u00f3rica.\" width=\"530\" height=\"349\" srcset=\"https:\/\/i0.wp.com\/eltrabajo.cl\/portal\/wp-content\/uploads\/2016\/09\/Bailes1.jpg?w=530&amp;ssl=1 530w, https:\/\/i0.wp.com\/eltrabajo.cl\/portal\/wp-content\/uploads\/2016\/09\/Bailes1.jpg?resize=200%2C132&amp;ssl=1 200w, https:\/\/i0.wp.com\/eltrabajo.cl\/portal\/wp-content\/uploads\/2016\/09\/Bailes1.jpg?resize=300%2C198&amp;ssl=1 300w, https:\/\/i0.wp.com\/eltrabajo.cl\/portal\/wp-content\/uploads\/2016\/09\/Bailes1.jpg?resize=228%2C150&amp;ssl=1 228w, https:\/\/i0.wp.com\/eltrabajo.cl\/portal\/wp-content\/uploads\/2016\/09\/Bailes1.jpg?resize=400%2C263&amp;ssl=1 400w\" sizes=\"auto, (max-width: 530px) 100vw, 530px\" \/><\/a><figcaption id=\"caption-attachment-73800\" class=\"wp-caption-text\">BAILES T\u00cdPICOS.- Bailes pascuenses y de otras latitudes de nuestro pa\u00eds, fueron los que alegraron la jornada folcl\u00f3rica.<\/figcaption><\/figure>\n<figure id=\"attachment_73801\" aria-describedby=\"caption-attachment-73801\" style=\"width: 530px\" class=\"wp-caption alignleft\"><a href=\"http:\/\/www.eltrabajo.cl\/portal\/con-gala-folclorica-celebran-79-anos-de-escuela-carmela-carvajal\/vecinos1-13\/\" rel=\"attachment wp-att-73801\"><img data-recalc-dims=\"1\" loading=\"lazy\" decoding=\"async\" class=\"size-full wp-image-73801\" src=\"https:\/\/i0.wp.com\/www.eltrabajo.cl\/portal\/wp-content\/uploads\/2016\/09\/Vecinos1.jpg?resize=530%2C349\" alt=\"APODERADOS DE LUJO.- Apoderados de esta escuela recibieron distinciones especiales por su apoyo a las actividades y desarrollo de esta casa estudiantil.\" width=\"530\" height=\"349\" srcset=\"https:\/\/i0.wp.com\/eltrabajo.cl\/portal\/wp-content\/uploads\/2016\/09\/Vecinos1.jpg?w=530&amp;ssl=1 530w, https:\/\/i0.wp.com\/eltrabajo.cl\/portal\/wp-content\/uploads\/2016\/09\/Vecinos1.jpg?resize=200%2C132&amp;ssl=1 200w, https:\/\/i0.wp.com\/eltrabajo.cl\/portal\/wp-content\/uploads\/2016\/09\/Vecinos1.jpg?resize=300%2C198&amp;ssl=1 300w, https:\/\/i0.wp.com\/eltrabajo.cl\/portal\/wp-content\/uploads\/2016\/09\/Vecinos1.jpg?resize=228%2C150&amp;ssl=1 228w, https:\/\/i0.wp.com\/eltrabajo.cl\/portal\/wp-content\/uploads\/2016\/09\/Vecinos1.jpg?resize=400%2C263&amp;ssl=1 400w\" sizes=\"auto, (max-width: 530px) 100vw, 530px\" \/><\/a><figcaption id=\"caption-attachment-73801\" class=\"wp-caption-text\">APODERADOS DE LUJO.- Apoderados de esta escuela recibieron distinciones especiales por su apoyo a las actividades y desarrollo de esta casa estudiantil.<\/figcaption><\/figure>\n","protected":false},"excerpt":{"rendered":"<p>Con la participaci\u00f3n de la banda de la escuela Carmela Carvajal en el acto c\u00edvico de Curim\u00f3n, se dio inicio a la celebraci\u00f3n del mes de aniversario de esa casa de estudios&#8230;<\/p>\n","protected":false},"author":1,"featured_media":73800,"comment_status":"open","ping_status":"open","sticky":false,"template":"","format":"standard","meta":{"advanced_seo_description":"","jetpack_seo_html_title":"","jetpack_seo_noindex":false,"_jetpack_memberships_contains_paid_content":false,"footnotes":""},"categories":[15],"tags":[],"class_list":["post-73799","post","type-post","status-publish","format-standard","has-post-thumbnail","hentry","category-comunidad"],"jetpack_featured_media_url":"https:\/\/i0.wp.com\/eltrabajo.cl\/portal\/wp-content\/uploads\/2016\/09\/Bailes1.jpg?fit=530%2C349&ssl=1","jetpack_sharing_enabled":true,"jetpack_likes_enabled":true,"jetpack-related-posts":[],"_links":{"self":[{"href":"https:\/\/eltrabajo.cl\/portal\/wp-json\/wp\/v2\/posts\/73799","targetHints":{"allow":["GET"]}}],"collection":[{"href":"https:\/\/eltrabajo.cl\/portal\/wp-json\/wp\/v2\/posts"}],"about":[{"href":"https:\/\/eltrabajo.cl\/portal\/wp-json\/wp\/v2\/types\/post"}],"author":[{"embeddable":true,"href":"https:\/\/eltrabajo.cl\/portal\/wp-json\/wp\/v2\/users\/1"}],"replies":[{"embeddable":true,"href":"https:\/\/eltrabajo.cl\/portal\/wp-json\/wp\/v2\/comments?post=73799"}],"version-history":[{"count":0,"href":"https:\/\/eltrabajo.cl\/portal\/wp-json\/wp\/v2\/posts\/73799\/revisions"}],"wp:featuredmedia":[{"embeddable":true,"href":"https:\/\/eltrabajo.cl\/portal\/wp-json\/wp\/v2\/media\/73800"}],"wp:attachment":[{"href":"https:\/\/eltrabajo.cl\/portal\/wp-json\/wp\/v2\/media?parent=73799"}],"wp:term":[{"taxonomy":"category","embeddable":true,"href":"https:\/\/eltrabajo.cl\/portal\/wp-json\/wp\/v2\/categories?post=73799"},{"taxonomy":"post_tag","embeddable":true,"href":"https:\/\/eltrabajo.cl\/portal\/wp-json\/wp\/v2\/tags?post=73799"}],"curies":[{"name":"wp","href":"https:\/\/api.w.org\/{rel}","templated":true}]}}