{"id":73809,"date":"2016-09-15T09:26:19","date_gmt":"2016-09-15T12:26:19","guid":{"rendered":"http:\/\/www.eltrabajo.cl\/portal\/?p=73809"},"modified":"2016-09-15T09:26:20","modified_gmt":"2016-09-15T12:26:20","slug":"llaman-a-tomar-precauciones-para-evitar-contagio-con-letal-meningitis-w135","status":"publish","type":"post","link":"https:\/\/eltrabajo.cl\/portal\/llaman-a-tomar-precauciones-para-evitar-contagio-con-letal-meningitis-w135\/","title":{"rendered":"Llaman a tomar precauciones para evitar contagio con letal Meningitis W135"},"content":{"rendered":"<ul>\n<li><strong>Bacteria h\u00edper virulenta es fatal o deja secuelas irreversibles:<\/strong><\/li>\n<\/ul>\n<p>Invitada por el Servicio de Pediatr\u00eda del Hospital San Camilo para dar una charla sobre la importancia de la vacunaci\u00f3n en enfermedades como la enfermedad meningoc\u00f3cica invasora y la influenza, la ma\u00f1ana de ayer visit\u00f3 la ciudad la Dra. Liselotte Becker, m\u00e9dico microbi\u00f3logo cl\u00ednico egresada de la U. de Chile, especialista en Meningitis, quien se reuni\u00f3 con un grupo de profesionales del hospital para hablarles \u00absobre la gravedad y prevalencia de esta enfermedad de la que se ven cada vez m\u00e1s casos\u00bb.<br \/>\nLa temida Meningitis W135 es la m\u00e1s agresiva, peligrosa y devastadora de las cepas de origen bacteriano, que son las que preocupan. Ello porque el meningococo W135, una vez que entra al torrente sangu\u00edneo, ni siquiera llega a afectar las meninges que son las membranas que rodean el cerebro y cuya inflamaci\u00f3n se conoce como meningitis. Su agresividad es tal que se manifiesta de inmediato y en cosa de horas puede causar la muerte si no se le detecta a tiempo, o dejar graves e irreparables secuelas en las extremidades (que deben ser amputadas), da\u00f1o neurol\u00f3gico, auditivos o nerviosos como hemiplejia. Es decir una enfermedad que en el mejor de los casos, si no muere, le cambia la vida por completo.<br \/>\nEste a\u00f1o a nivel pa\u00eds se han presentado 76 casos graves de meningitis a la fecha, 52 de ellos fueron por la W135 (70%). La alarma parti\u00f3 el 2012, cuando de cero casos el a\u00f1o anterior, sube a 60 casos; el 2013 aumenta a 101, y al a\u00f1o despu\u00e9s a 107, en tanto en 2015 baja a 77.<\/p>\n<figure id=\"attachment_73811\" aria-describedby=\"caption-attachment-73811\" style=\"width: 300px\" class=\"wp-caption alignleft\"><a href=\"http:\/\/www.eltrabajo.cl\/portal\/llaman-a-tomar-precauciones-para-evitar-contagio-con-letal-meningitis-w135\/dra-lisolette-becker\/\" rel=\"attachment wp-att-73811\"><img data-recalc-dims=\"1\" loading=\"lazy\" decoding=\"async\" class=\"size-medium wp-image-73811\" src=\"https:\/\/i0.wp.com\/www.eltrabajo.cl\/portal\/wp-content\/uploads\/2016\/09\/dra-lisolette-becker-300x198.jpg?resize=300%2C198\" alt=\"Dra. Lisolette Becker: \u00abHay que tomar conciencia de que existe esta enfermedad\u00bb.\" width=\"300\" height=\"198\" srcset=\"https:\/\/i0.wp.com\/eltrabajo.cl\/portal\/wp-content\/uploads\/2016\/09\/dra-lisolette-becker.jpg?resize=300%2C198&amp;ssl=1 300w, https:\/\/i0.wp.com\/eltrabajo.cl\/portal\/wp-content\/uploads\/2016\/09\/dra-lisolette-becker.jpg?resize=200%2C132&amp;ssl=1 200w, https:\/\/i0.wp.com\/eltrabajo.cl\/portal\/wp-content\/uploads\/2016\/09\/dra-lisolette-becker.jpg?resize=228%2C150&amp;ssl=1 228w, https:\/\/i0.wp.com\/eltrabajo.cl\/portal\/wp-content\/uploads\/2016\/09\/dra-lisolette-becker.jpg?resize=400%2C263&amp;ssl=1 400w, https:\/\/i0.wp.com\/eltrabajo.cl\/portal\/wp-content\/uploads\/2016\/09\/dra-lisolette-becker.jpg?w=530&amp;ssl=1 530w\" sizes=\"auto, (max-width: 300px) 100vw, 300px\" \/><\/a><figcaption id=\"caption-attachment-73811\" class=\"wp-caption-text\">Dra. Lisolette Becker: \u00abHay que tomar conciencia de que existe esta enfermedad\u00bb.<\/figcaption><\/figure>\n<p>As\u00ed lo explic\u00f3 la Dra. Lisolette Becker a Diario El Trabajo, quien resalta la importancia de que tanto las personas como los profesionales de la salud tomen conciencia de que la bacteria est\u00e1 presente, lleg\u00f3 a Chile el 2012 para quedarse, est\u00e1 circulando principalmente en la zona central, y que ante la sospecha del meningococo, cuyos s\u00edntomas son bastante inespec\u00edficos por lo dem\u00e1s, es necesario practicar los ex\u00e1menes de sangre o punci\u00f3n lumbar.<br \/>\nAl respecto, la profesional destac\u00f3: \u00abHay que tomar conciencia de que existe esta enfermedad, que los s\u00edntomas son inespec\u00edficos y por eso cada vez que tenemos esos s\u00edntomas como fiebre, compromiso del estado general, decaimiento, diarrea, tenemos que consultar al servicio de urgencia y hacer que se nos tomen los ex\u00e1menes adecuados para poder prevenir y tratar esta enfermedad a tiempo. Esta es producida por una bacteria que es h\u00edper virulenta, que est\u00e1 circulando, que principalmente est\u00e1 en la nariz de los adolescentes, que son los que la portan m\u00e1s frecuentemente en la nariz y la transmiten al resto de la poblaci\u00f3n sin necesariamente enfermar\u00bb.<br \/>\nPara prevenir esta enfermedad se debe evitar \u00abel hacinamiento, el tabaco, con un buen lavado de manos como para toda enfermedad infecciosa, y principalmente con una vacuna que tiene los cuatro serogrupos, el A, el C, el W y el Y que previenen la enfermedad contra estos cuatro serogrupos.<br \/>\n\u00abEn nuestro pa\u00eds tenemos tres vacunas diferentes para prevenir esta enfermedad y lo importante es vacunarse lo m\u00e1s pronto posible y especialmente las poblaciones de riesgo, es decir adolescentes, las personas con alguna falla en la inmunidad, las que no tienen bazo, que tienen tratamiento con corticoides, drogadictos endovenosos, las personas que tienen HIV positivo, los que tienen trasplantes, los dializados, es decir tenemos muchas poblaciones de riesgo que tienen esta necesidad de colocarse esta vacuna en particular para esta enfermedad meningoc\u00f3cica invasora\u00bb, concluy\u00f3 la Dra. Lisolette Becker.<\/p>\n<figure id=\"attachment_73810\" aria-describedby=\"caption-attachment-73810\" style=\"width: 530px\" class=\"wp-caption alignleft\"><a href=\"http:\/\/www.eltrabajo.cl\/portal\/llaman-a-tomar-precauciones-para-evitar-contagio-con-letal-meningitis-w135\/charla-dra-becker\/\" rel=\"attachment wp-att-73810\"><img data-recalc-dims=\"1\" loading=\"lazy\" decoding=\"async\" class=\"size-full wp-image-73810\" src=\"https:\/\/i0.wp.com\/www.eltrabajo.cl\/portal\/wp-content\/uploads\/2016\/09\/charla-dra-becker.jpg?resize=530%2C350\" alt=\"Profesionales del San Camilo escucharon con atenci\u00f3n la ponencia de la Dra. Becker.\" width=\"530\" height=\"350\" srcset=\"https:\/\/i0.wp.com\/eltrabajo.cl\/portal\/wp-content\/uploads\/2016\/09\/charla-dra-becker.jpg?w=530&amp;ssl=1 530w, https:\/\/i0.wp.com\/eltrabajo.cl\/portal\/wp-content\/uploads\/2016\/09\/charla-dra-becker.jpg?resize=200%2C132&amp;ssl=1 200w, https:\/\/i0.wp.com\/eltrabajo.cl\/portal\/wp-content\/uploads\/2016\/09\/charla-dra-becker.jpg?resize=300%2C198&amp;ssl=1 300w, https:\/\/i0.wp.com\/eltrabajo.cl\/portal\/wp-content\/uploads\/2016\/09\/charla-dra-becker.jpg?resize=227%2C150&amp;ssl=1 227w, https:\/\/i0.wp.com\/eltrabajo.cl\/portal\/wp-content\/uploads\/2016\/09\/charla-dra-becker.jpg?resize=400%2C264&amp;ssl=1 400w\" sizes=\"auto, (max-width: 530px) 100vw, 530px\" \/><\/a><figcaption id=\"caption-attachment-73810\" class=\"wp-caption-text\">Profesionales del San Camilo escucharon con atenci\u00f3n la ponencia de la Dra. Becker.<\/figcaption><\/figure>\n","protected":false},"excerpt":{"rendered":"<p>Bacteria h\u00edper virulenta es fatal o deja secuelas irreversibles: Invitada por el Servicio de Pediatr\u00eda del Hospital San Camilo para dar una charla sobre la importancia de la vacunaci\u00f3n en enfermedades como&#8230;<\/p>\n","protected":false},"author":1,"featured_media":73810,"comment_status":"open","ping_status":"open","sticky":false,"template":"","format":"standard","meta":{"advanced_seo_description":"","jetpack_seo_html_title":"","jetpack_seo_noindex":false,"_jetpack_memberships_contains_paid_content":false,"footnotes":""},"categories":[1],"tags":[],"class_list":["post-73809","post","type-post","status-publish","format-standard","has-post-thumbnail","hentry","category-cronica"],"jetpack_featured_media_url":"https:\/\/i0.wp.com\/eltrabajo.cl\/portal\/wp-content\/uploads\/2016\/09\/charla-dra-becker.jpg?fit=530%2C350&ssl=1","jetpack_sharing_enabled":true,"jetpack_likes_enabled":true,"jetpack-related-posts":[],"_links":{"self":[{"href":"https:\/\/eltrabajo.cl\/portal\/wp-json\/wp\/v2\/posts\/73809","targetHints":{"allow":["GET"]}}],"collection":[{"href":"https:\/\/eltrabajo.cl\/portal\/wp-json\/wp\/v2\/posts"}],"about":[{"href":"https:\/\/eltrabajo.cl\/portal\/wp-json\/wp\/v2\/types\/post"}],"author":[{"embeddable":true,"href":"https:\/\/eltrabajo.cl\/portal\/wp-json\/wp\/v2\/users\/1"}],"replies":[{"embeddable":true,"href":"https:\/\/eltrabajo.cl\/portal\/wp-json\/wp\/v2\/comments?post=73809"}],"version-history":[{"count":0,"href":"https:\/\/eltrabajo.cl\/portal\/wp-json\/wp\/v2\/posts\/73809\/revisions"}],"wp:featuredmedia":[{"embeddable":true,"href":"https:\/\/eltrabajo.cl\/portal\/wp-json\/wp\/v2\/media\/73810"}],"wp:attachment":[{"href":"https:\/\/eltrabajo.cl\/portal\/wp-json\/wp\/v2\/media?parent=73809"}],"wp:term":[{"taxonomy":"category","embeddable":true,"href":"https:\/\/eltrabajo.cl\/portal\/wp-json\/wp\/v2\/categories?post=73809"},{"taxonomy":"post_tag","embeddable":true,"href":"https:\/\/eltrabajo.cl\/portal\/wp-json\/wp\/v2\/tags?post=73809"}],"curies":[{"name":"wp","href":"https:\/\/api.w.org\/{rel}","templated":true}]}}