{"id":73819,"date":"2016-09-15T09:34:16","date_gmt":"2016-09-15T12:34:16","guid":{"rendered":"http:\/\/www.eltrabajo.cl\/portal\/?p=73819"},"modified":"2016-09-15T09:38:36","modified_gmt":"2016-09-15T12:38:36","slug":"con-enganos-robo-la-pension-y-joyas-a-una-abuelita-de-93-anos","status":"publish","type":"post","link":"https:\/\/eltrabajo.cl\/portal\/con-enganos-robo-la-pension-y-joyas-a-una-abuelita-de-93-anos\/","title":{"rendered":"Con enga\u00f1os rob\u00f3 la pensi\u00f3n y joyas a una abuelita de 93 a\u00f1os"},"content":{"rendered":"<p><strong>SANTA MAR\u00cdA.-<\/strong> Do\u00f1a Mar\u00eda Alfonsina Ar\u00e1nguiz Ar\u00e1nguiz, conocida como \u2018La Abuelita\u2019, es una vecina de Calle Jahuel 496 de Santa Mar\u00eda centro, que tiene 93 a\u00f1os de edad y se ocupa ella misma de toda su casa, barrer y mantener limpios los pisos y los patios traseros. Vive con su hija Sonia Pino, quien se dedica desde hace dos a\u00f1os a lavar ropa y plumones a los vecinos.<\/p>\n<figure id=\"attachment_73821\" aria-describedby=\"caption-attachment-73821\" style=\"width: 300px\" class=\"wp-caption alignleft\"><a href=\"http:\/\/www.eltrabajo.cl\/portal\/con-enganos-robo-la-pension-y-joyas-a-una-abuelita-de-93-anos\/alfonsina-aranguiz1\/\" rel=\"attachment wp-att-73821\"><img data-recalc-dims=\"1\" loading=\"lazy\" decoding=\"async\" class=\"size-medium wp-image-73821\" src=\"https:\/\/i0.wp.com\/www.eltrabajo.cl\/portal\/wp-content\/uploads\/2016\/09\/Alfonsina-Aranguiz1-300x198.jpg?resize=300%2C198\" alt=\"Do\u00f1a Mar\u00eda Alfonsina Ar\u00e1nguiz Ar\u00e1nguiz, conocida como \u2018La Abuelita\u2019, nueva v\u00edctima del hampa en Santa Mar\u00eda.\" width=\"300\" height=\"198\" srcset=\"https:\/\/i0.wp.com\/eltrabajo.cl\/portal\/wp-content\/uploads\/2016\/09\/Alfonsina-Aranguiz1.jpg?resize=300%2C198&amp;ssl=1 300w, https:\/\/i0.wp.com\/eltrabajo.cl\/portal\/wp-content\/uploads\/2016\/09\/Alfonsina-Aranguiz1.jpg?resize=200%2C132&amp;ssl=1 200w, https:\/\/i0.wp.com\/eltrabajo.cl\/portal\/wp-content\/uploads\/2016\/09\/Alfonsina-Aranguiz1.jpg?resize=228%2C150&amp;ssl=1 228w, https:\/\/i0.wp.com\/eltrabajo.cl\/portal\/wp-content\/uploads\/2016\/09\/Alfonsina-Aranguiz1.jpg?resize=400%2C263&amp;ssl=1 400w, https:\/\/i0.wp.com\/eltrabajo.cl\/portal\/wp-content\/uploads\/2016\/09\/Alfonsina-Aranguiz1.jpg?w=530&amp;ssl=1 530w\" sizes=\"auto, (max-width: 300px) 100vw, 300px\" \/><\/a><figcaption id=\"caption-attachment-73821\" class=\"wp-caption-text\">Do\u00f1a Mar\u00eda Alfonsina Ar\u00e1nguiz Ar\u00e1nguiz, conocida como \u2018La Abuelita\u2019, nueva v\u00edctima del hampa en Santa Mar\u00eda.<\/figcaption><\/figure>\n<p>Lo cierto del caso es que esta madre e hija no ser\u00edan noticia si no fuera porque al mediod\u00eda de este domingo y aprovechando que \u2018La Abuelita\u2019 se encontraba sola en su casa, mientras que su hija Sonia estaba trabajando cuidando de un ni\u00f1o de otra vecina de la comuna, un desalmado toc\u00f3 a su puerta para, mediante enga\u00f1os, lograr que do\u00f1a Alfonsina le dejara entrar a su casa, situaci\u00f3n que result\u00f3 en que ella fuera despojada de todo el dinero de su pensi\u00f3n y unas joyas de su hija Sonia.<\/p>\n<p><strong>AS\u00cd LO VIVI\u00d3<\/strong><br \/>\nDiario El Trabajo pudo ayer martes hablar con esta vecina, quien relat\u00f3 a nuestro medio lo sucedido.<br \/>\n\u00abYo estaba sola. Tocaron a la puerta, era un hombre como de 40 a\u00f1os, algo rubio y de ojos claros, \u00e9l me dijo que mi hija le lavaba plumones regularmente, sac\u00f3 un celular y fing\u00eda que estaba hablando con mi hija, as\u00ed, me dijo que ven\u00eda a pagarme un dinero que \u00e9l deb\u00eda a mi hija, sac\u00f3 un billete de $20.000 y me pidi\u00f3 cambio, yo inocentemente saqu\u00e9 mi cartera con la plata de mi pensi\u00f3n, no supe c\u00f3mo, pero en un descuido ya mi dinero no estaba\u00bb, relat\u00f3 do\u00f1a Alfonsina.<\/p>\n<figure id=\"attachment_73822\" aria-describedby=\"caption-attachment-73822\" style=\"width: 300px\" class=\"wp-caption alignleft\"><a href=\"http:\/\/www.eltrabajo.cl\/portal\/con-enganos-robo-la-pension-y-joyas-a-una-abuelita-de-93-anos\/sonia-pino\/\" rel=\"attachment wp-att-73822\"><img data-recalc-dims=\"1\" loading=\"lazy\" decoding=\"async\" class=\"size-medium wp-image-73822\" src=\"https:\/\/i0.wp.com\/www.eltrabajo.cl\/portal\/wp-content\/uploads\/2016\/09\/Sonia-Pino-300x198.jpg?resize=300%2C198\" alt=\"SU PEQUE\u00d1O TESORO.- Do\u00f1a Sonia Pino muestra a Diario El Trabajo su peque\u00f1o joyero vac\u00edo, en donde ten\u00eda unas cadenas y anillos de oro.\" width=\"300\" height=\"198\" srcset=\"https:\/\/i0.wp.com\/eltrabajo.cl\/portal\/wp-content\/uploads\/2016\/09\/Sonia-Pino.jpg?resize=300%2C198&amp;ssl=1 300w, https:\/\/i0.wp.com\/eltrabajo.cl\/portal\/wp-content\/uploads\/2016\/09\/Sonia-Pino.jpg?resize=200%2C132&amp;ssl=1 200w, https:\/\/i0.wp.com\/eltrabajo.cl\/portal\/wp-content\/uploads\/2016\/09\/Sonia-Pino.jpg?resize=228%2C150&amp;ssl=1 228w, https:\/\/i0.wp.com\/eltrabajo.cl\/portal\/wp-content\/uploads\/2016\/09\/Sonia-Pino.jpg?resize=400%2C263&amp;ssl=1 400w, https:\/\/i0.wp.com\/eltrabajo.cl\/portal\/wp-content\/uploads\/2016\/09\/Sonia-Pino.jpg?w=530&amp;ssl=1 530w\" sizes=\"auto, (max-width: 300px) 100vw, 300px\" \/><\/a><figcaption id=\"caption-attachment-73822\" class=\"wp-caption-text\">SU PEQUE\u00d1O TESORO.- Do\u00f1a Sonia Pino muestra a Diario El Trabajo su peque\u00f1o joyero vac\u00edo, en donde ten\u00eda unas cadenas y anillos de oro.<\/figcaption><\/figure>\n<p>Pero este hamp\u00f3n no se conform\u00f3 s\u00f3lo con el dinero de do\u00f1a Alfonsina, mientras ella a\u00fan no se percataba que le hab\u00edan robado, el antisocial, siempre fingiendo estar al tel\u00e9fono con Sonia, la lavandera, ingres\u00f3 a la habitaci\u00f3n de \u00e9sta, sacando ropa de las cajas; abriendo y desmantelando cajones y preguntando por una cajita en donde estaban unas joyas de do\u00f1a Sonia, la encontr\u00f3, sac\u00f3 las mismas y en s\u00f3lo unos instantes se mont\u00f3 a una camioneta negra y desapareci\u00f3.<br \/>\n\u00abCuando fui a Carabineros me dijeron que nada pod\u00edan hacer, pues yo no reportaba el n\u00famero de patente ni alguna identidad del sospechoso, por lo que simplemente deb\u00ed regresar a mi casa. No estoy comiendo mucho ahora, aunque intento estar tranquila, s\u00ed me ha afectado este robo\u00bb, agreg\u00f3 la v\u00edctima a nuestro medio.<br \/>\nSeg\u00fan informaci\u00f3n confidencial, en poder de Diario El Trabajo, el sospechoso podr\u00eda ser un sujeto vecino de El Se\u00f1orial, quien al parecer es adicto a las drogas, es miembro de una familia adinerada y regularmente enga\u00f1a a los vecinos pidiendo alimentos como atunes, bolsas de arroz y comestibles, para luego reducirlos a droga. Al parecer su adicci\u00f3n lo ha llevado cada d\u00eda m\u00e1s hondo.<br \/>\n<strong>Roberto Gonz\u00e1lez Short<\/strong><\/p>\n<figure id=\"attachment_73820\" aria-describedby=\"caption-attachment-73820\" style=\"width: 530px\" class=\"wp-caption alignleft\"><a href=\"http:\/\/www.eltrabajo.cl\/portal\/con-enganos-robo-la-pension-y-joyas-a-una-abuelita-de-93-anos\/abuelita1-5\/\" rel=\"attachment wp-att-73820\"><img data-recalc-dims=\"1\" loading=\"lazy\" decoding=\"async\" class=\"size-full wp-image-73820\" src=\"https:\/\/i0.wp.com\/www.eltrabajo.cl\/portal\/wp-content\/uploads\/2016\/09\/Abuelita1.jpg?resize=530%2C349\" alt=\"ABUELITA REGALONA.- Do\u00f1a Alfonsina amablemente nos ofreci\u00f3 un cafecito, mientras relataba c\u00f3mo fue enga\u00f1ada por el hamp\u00f3n.\" width=\"530\" height=\"349\" srcset=\"https:\/\/i0.wp.com\/eltrabajo.cl\/portal\/wp-content\/uploads\/2016\/09\/Abuelita1.jpg?w=530&amp;ssl=1 530w, https:\/\/i0.wp.com\/eltrabajo.cl\/portal\/wp-content\/uploads\/2016\/09\/Abuelita1.jpg?resize=200%2C132&amp;ssl=1 200w, https:\/\/i0.wp.com\/eltrabajo.cl\/portal\/wp-content\/uploads\/2016\/09\/Abuelita1.jpg?resize=300%2C198&amp;ssl=1 300w, https:\/\/i0.wp.com\/eltrabajo.cl\/portal\/wp-content\/uploads\/2016\/09\/Abuelita1.jpg?resize=228%2C150&amp;ssl=1 228w, https:\/\/i0.wp.com\/eltrabajo.cl\/portal\/wp-content\/uploads\/2016\/09\/Abuelita1.jpg?resize=400%2C263&amp;ssl=1 400w\" sizes=\"auto, (max-width: 530px) 100vw, 530px\" \/><\/a><figcaption id=\"caption-attachment-73820\" class=\"wp-caption-text\">ABUELITA REGALONA.- Do\u00f1a Alfonsina amablemente nos ofreci\u00f3 un cafecito, mientras relataba c\u00f3mo fue enga\u00f1ada por el hamp\u00f3n.<\/figcaption><\/figure>\n","protected":false},"excerpt":{"rendered":"<p>SANTA MAR\u00cdA.- Do\u00f1a Mar\u00eda Alfonsina Ar\u00e1nguiz Ar\u00e1nguiz, conocida como \u2018La Abuelita\u2019, es una vecina de Calle Jahuel 496 de Santa Mar\u00eda centro, que tiene 93 a\u00f1os de edad y se ocupa ella&#8230;<\/p>\n","protected":false},"author":1,"featured_media":73820,"comment_status":"open","ping_status":"open","sticky":false,"template":"","format":"standard","meta":{"advanced_seo_description":"","jetpack_seo_html_title":"","jetpack_seo_noindex":false,"_jetpack_memberships_contains_paid_content":false,"footnotes":""},"categories":[15],"tags":[],"class_list":["post-73819","post","type-post","status-publish","format-standard","has-post-thumbnail","hentry","category-comunidad"],"jetpack_featured_media_url":"https:\/\/i0.wp.com\/eltrabajo.cl\/portal\/wp-content\/uploads\/2016\/09\/Abuelita1.jpg?fit=530%2C349&ssl=1","jetpack_sharing_enabled":true,"jetpack_likes_enabled":true,"jetpack-related-posts":[],"_links":{"self":[{"href":"https:\/\/eltrabajo.cl\/portal\/wp-json\/wp\/v2\/posts\/73819","targetHints":{"allow":["GET"]}}],"collection":[{"href":"https:\/\/eltrabajo.cl\/portal\/wp-json\/wp\/v2\/posts"}],"about":[{"href":"https:\/\/eltrabajo.cl\/portal\/wp-json\/wp\/v2\/types\/post"}],"author":[{"embeddable":true,"href":"https:\/\/eltrabajo.cl\/portal\/wp-json\/wp\/v2\/users\/1"}],"replies":[{"embeddable":true,"href":"https:\/\/eltrabajo.cl\/portal\/wp-json\/wp\/v2\/comments?post=73819"}],"version-history":[{"count":0,"href":"https:\/\/eltrabajo.cl\/portal\/wp-json\/wp\/v2\/posts\/73819\/revisions"}],"wp:featuredmedia":[{"embeddable":true,"href":"https:\/\/eltrabajo.cl\/portal\/wp-json\/wp\/v2\/media\/73820"}],"wp:attachment":[{"href":"https:\/\/eltrabajo.cl\/portal\/wp-json\/wp\/v2\/media?parent=73819"}],"wp:term":[{"taxonomy":"category","embeddable":true,"href":"https:\/\/eltrabajo.cl\/portal\/wp-json\/wp\/v2\/categories?post=73819"},{"taxonomy":"post_tag","embeddable":true,"href":"https:\/\/eltrabajo.cl\/portal\/wp-json\/wp\/v2\/tags?post=73819"}],"curies":[{"name":"wp","href":"https:\/\/api.w.org\/{rel}","templated":true}]}}