{"id":73825,"date":"2016-09-15T09:42:56","date_gmt":"2016-09-15T12:42:56","guid":{"rendered":"http:\/\/www.eltrabajo.cl\/portal\/?p=73825"},"modified":"2016-09-15T09:42:56","modified_gmt":"2016-09-15T12:42:56","slug":"carabineros-inicio-investigacion-interna-por-parte-a-bomberos-en-emergencia","status":"publish","type":"post","link":"https:\/\/eltrabajo.cl\/portal\/carabineros-inicio-investigacion-interna-por-parte-a-bomberos-en-emergencia\/","title":{"rendered":"Carabineros inici\u00f3 investigaci\u00f3n interna por parte a\u00a0Bomberos en emergencia"},"content":{"rendered":"<ul>\n<li><strong><span style=\"color: #ff0000;\">Juzgado de Polic\u00eda Local de San Felipe dej\u00f3 sin efecto\u00a0infracci\u00f3n:<\/span>\u00a0F\u00e9lix N\u00fa\u00f1ez, cuartelero de la Primera Compa\u00f1\u00eda, a quien infraccionaron por no respetar Disco Pare al momento de dirigirse a una emergencia, tras recuperar su licencia de conducir afirm\u00f3 que en ning\u00fan momento le falt\u00f3 el respeto a la funcionaria policial y que, por el contario, ella se mostr\u00f3 prepotente y altanera.<\/strong><\/li>\n<\/ul>\n<p>Eran las 09:50 horas de ayer mi\u00e9rcoles cuando el cuartelero de la Primera Compa\u00f1\u00eda de Bomberos de San Felipe, F\u00e9lix N\u00fa\u00f1ez, ingresaba al Juzgado de Polic\u00eda Local de la comuna a prestar declaraci\u00f3n ante el magistrado Jaime Lepe Fern\u00e1ndez, con motivo del parte cursado por Carabineros el pasado 01 de septiembre, cuando el carro de rescate conducido por N\u00fa\u00f1ez se dirig\u00eda a socorrer a dos lesionados que dej\u00f3 como saldo un accidente vehicular en la Villa Carmen y Dolores.<br \/>\nEn ese momento, N\u00fa\u00f1ez, amparado en la ley 18.290, al enfrentar la se\u00f1al\u00e9tica de detenci\u00f3n -pr\u00f3xima al lugar de la emergencia- redujo la velocidad sin parar por completo, hecho que finalmente caus\u00f3 que la funcionaria policial Karina Campos, emitiera un parte por \u2018no respetar un disco pare con peligro de accidente\u2019.<br \/>\nPese a que, a partir de ese momento, habr\u00edan existido conversaciones entre el superintendente del Cuerpo de Bomberos de San Felipe, Julio Hardoy y el alto mando de la Prefectura de Carabineros Aconcagua, para dejar sin efecto la infracci\u00f3n, la instituci\u00f3n policial decidi\u00f3 remitir el parte al Juzgado de Polic\u00eda Local, instancia en donde finalmente el documento fue revocado.<br \/>\n\u201cEfectivamente el juez dio a conocer que no daba a lugar el parte por lo tanto qued\u00f3 sin efecto y F\u00e9lix pasa a retomar su trabajo normalmente, sin ning\u00fan problema, resultado que nosotros esper\u00e1bamos porque sab\u00edamos que el parte no hab\u00eda sido cursado como corresponde (\u2026) ten\u00edamos el respaldo de la ley 18.290\u201d, declar\u00f3 el Comandante del Cuerpo de Bomberos de San Felipe, Juan Carlos Herrera.<br \/>\nRespecto de la utilizaci\u00f3n de los videos que registr\u00f3 la c\u00e1mara de la unidad de rescate infraccionada y si esta es una herramienta \u00fatil para zanjar este tipo de situaciones, Herrera Lillo agreg\u00f3 que \u201ccasi la mayor\u00eda de los carros aqu\u00ed en San Felipe, tiene c\u00e1maras, as\u00ed que para nosotros eso ha sido un factor fundamental para cualquier tipo de emergencias, en este caso nosotros vimos las grabaciones y ten\u00edamos la convicci\u00f3n de que tendr\u00edamos un buen resultado\u201d, determin\u00f3.<br \/>\nPor su parte, el principal implicado en este hecho, el cuartelero F\u00e9lix N\u00fa\u00f1ez, relat\u00f3 c\u00f3mo se resolvi\u00f3 la anulaci\u00f3n del parte, detallando que \u201cfui llamado al despacho del se\u00f1or juez y me tom\u00f3 una declaraci\u00f3n de c\u00f3mo hab\u00edan ocurrido los hechos, yo le expliqu\u00e9 bien el tema y \u00e9l encontr\u00f3 que si, posiblemente, hubiese ido en un veh\u00edculo particular tendr\u00eda responsabilidad, pero de acuerdo a la ley, el veh\u00edculo que ven\u00eda se detuvo, me cedi\u00f3 el paso y nosotros proseguimos\u201d, narr\u00f3 el bombero.<br \/>\nAsimismo, N\u00fa\u00f1ez aclar\u00f3 c\u00f3mo fue el momento preciso en que fue infraccionado por la mujer polic\u00eda y relat\u00f3 que \u201cyo iba con un voluntario, \u00e9l es testigo, en ning\u00fan momento rompimos la ley de tr\u00e1nsito, tal como lo dijo el se\u00f1or juez yo creo que fue un tema m\u00e1s de criterio, cuando nosotros llegamos la carabinera estaba arriba de un furg\u00f3n (\u2026) hab\u00eda un escolar en el furg\u00f3n policial (\u2026) yo no insult\u00e9 a la carabinera, normalmente nosotros tenemos que sacar fotos en las emergencias y ella textualmente me dijo \u2018que andai (sic) sacando fotos, no tengo na\u2019 que hablar con vos (sic) y me chispe\u00f3 los dedos\u201d, acus\u00f3 el Bombero.<br \/>\nEn relaci\u00f3n a la probabilidad de haber ocasionado un accidente, el cuartelero fue enf\u00e1tico en argumentar que \u201ces dif\u00edcil perder el control de esta m\u00e1quina, que es relativamente nueva, a\u00f1o 2014, con frenos ABS y adem\u00e1s frenos de aire, normalmente en una emergencia nosotros enfrentamos los disco Pare o un sem\u00e1foro a unos 5 \u00f3 7 kms. porque no podemos llegar y pasar\u201d, sentenci\u00f3 N\u00fa\u00f1ez.<br \/>\nHern\u00e1n Herrera, director de la Primera Compa\u00f1\u00eda de Bomberos de San Felipe, se mostr\u00f3 tranquilo por la decisi\u00f3n tomada por el juez y no quiso hacer menci\u00f3n a la decisi\u00f3n tomada por la carabinera, fundamentando que \u201ces dif\u00edcil referirme al criterio que pudo haber tenido una persona para emitir este parte policial, queda a criterio de ella (\u2026) desde mis 10 a\u00f1os de servicio, es primera vez que vivo esta situaci\u00f3n, no s\u00e9 si anteriormente habr\u00e1 pasado algo similar\u201d, concluy\u00f3.<\/p>\n<p><strong>INVESTIGACI\u00d3N INTERNA<\/strong><br \/>\nEn tanto y a trav\u00e9s de diversas fuentes extraoficiales, fue posible confirmar que en Carabineros se inici\u00f3 una investigaci\u00f3n interna para establecer c\u00f3mo sucedieron los hechos, ya que el caso escap\u00f3 del \u00e1mbito local y fue recogido por la prensa nacional, siendo incluso titular de portada en el diario La Cuarta. Esta investigaci\u00f3n podr\u00eda ser clave en la carrera de la funcionaria, quien se ha visto vinculada en otros problemas en el pasado, espec\u00edficamente la agresi\u00f3n sufrida en el sector Parras\u00eda, donde la versi\u00f3n entregada por la funcionaria a sus superiores, fue totalmente distinta de la entregada por los vecinos que presenciaron el incidente. En este caso, aparentemente tambi\u00e9n habr\u00eda una versi\u00f3n muy distinta de la funcionaria y de los voluntarios bomberiles, quienes han se\u00f1alado tener la grabaci\u00f3n del procedimiento.<\/p>\n<figure id=\"attachment_73826\" aria-describedby=\"caption-attachment-73826\" style=\"width: 530px\" class=\"wp-caption alignleft\"><a href=\"http:\/\/www.eltrabajo.cl\/portal\/carabineros-inicio-investigacion-interna-por-parte-a-bomberos-en-emergencia\/felix-nunez\/\" rel=\"attachment wp-att-73826\"><img data-recalc-dims=\"1\" loading=\"lazy\" decoding=\"async\" class=\"size-full wp-image-73826\" src=\"https:\/\/i0.wp.com\/www.eltrabajo.cl\/portal\/wp-content\/uploads\/2016\/09\/FELIX-NUNEZ.jpg?resize=530%2C348\" alt=\"F\u00e9lix N\u00fa\u00f1ez, cuartelero infraccionado, recuper\u00f3 su licencia y el parte cursado a bomberos qued\u00f3 sin efecto.\" width=\"530\" height=\"348\" srcset=\"https:\/\/i0.wp.com\/eltrabajo.cl\/portal\/wp-content\/uploads\/2016\/09\/FELIX-NUNEZ.jpg?w=530&amp;ssl=1 530w, https:\/\/i0.wp.com\/eltrabajo.cl\/portal\/wp-content\/uploads\/2016\/09\/FELIX-NUNEZ.jpg?resize=200%2C131&amp;ssl=1 200w, https:\/\/i0.wp.com\/eltrabajo.cl\/portal\/wp-content\/uploads\/2016\/09\/FELIX-NUNEZ.jpg?resize=300%2C197&amp;ssl=1 300w, https:\/\/i0.wp.com\/eltrabajo.cl\/portal\/wp-content\/uploads\/2016\/09\/FELIX-NUNEZ.jpg?resize=228%2C150&amp;ssl=1 228w, https:\/\/i0.wp.com\/eltrabajo.cl\/portal\/wp-content\/uploads\/2016\/09\/FELIX-NUNEZ.jpg?resize=400%2C263&amp;ssl=1 400w\" sizes=\"auto, (max-width: 530px) 100vw, 530px\" \/><\/a><figcaption id=\"caption-attachment-73826\" class=\"wp-caption-text\">F\u00e9lix N\u00fa\u00f1ez, cuartelero infraccionado, recuper\u00f3 su licencia y el parte cursado a bomberos qued\u00f3 sin efecto.<\/figcaption><\/figure>\n","protected":false},"excerpt":{"rendered":"<p>Juzgado de Polic\u00eda Local de San Felipe dej\u00f3 sin efecto\u00a0infracci\u00f3n:\u00a0F\u00e9lix N\u00fa\u00f1ez, cuartelero de la Primera Compa\u00f1\u00eda, a quien infraccionaron por no respetar Disco Pare al momento de dirigirse a una emergencia, tras&#8230;<\/p>\n","protected":false},"author":1,"featured_media":73826,"comment_status":"open","ping_status":"open","sticky":false,"template":"","format":"standard","meta":{"advanced_seo_description":"","jetpack_seo_html_title":"","jetpack_seo_noindex":false,"_jetpack_memberships_contains_paid_content":false,"footnotes":""},"categories":[1],"tags":[],"class_list":["post-73825","post","type-post","status-publish","format-standard","has-post-thumbnail","hentry","category-cronica"],"jetpack_featured_media_url":"https:\/\/i0.wp.com\/eltrabajo.cl\/portal\/wp-content\/uploads\/2016\/09\/FELIX-NUNEZ.jpg?fit=530%2C348&ssl=1","jetpack_sharing_enabled":true,"jetpack_likes_enabled":true,"jetpack-related-posts":[],"_links":{"self":[{"href":"https:\/\/eltrabajo.cl\/portal\/wp-json\/wp\/v2\/posts\/73825","targetHints":{"allow":["GET"]}}],"collection":[{"href":"https:\/\/eltrabajo.cl\/portal\/wp-json\/wp\/v2\/posts"}],"about":[{"href":"https:\/\/eltrabajo.cl\/portal\/wp-json\/wp\/v2\/types\/post"}],"author":[{"embeddable":true,"href":"https:\/\/eltrabajo.cl\/portal\/wp-json\/wp\/v2\/users\/1"}],"replies":[{"embeddable":true,"href":"https:\/\/eltrabajo.cl\/portal\/wp-json\/wp\/v2\/comments?post=73825"}],"version-history":[{"count":0,"href":"https:\/\/eltrabajo.cl\/portal\/wp-json\/wp\/v2\/posts\/73825\/revisions"}],"wp:featuredmedia":[{"embeddable":true,"href":"https:\/\/eltrabajo.cl\/portal\/wp-json\/wp\/v2\/media\/73826"}],"wp:attachment":[{"href":"https:\/\/eltrabajo.cl\/portal\/wp-json\/wp\/v2\/media?parent=73825"}],"wp:term":[{"taxonomy":"category","embeddable":true,"href":"https:\/\/eltrabajo.cl\/portal\/wp-json\/wp\/v2\/categories?post=73825"},{"taxonomy":"post_tag","embeddable":true,"href":"https:\/\/eltrabajo.cl\/portal\/wp-json\/wp\/v2\/tags?post=73825"}],"curies":[{"name":"wp","href":"https:\/\/api.w.org\/{rel}","templated":true}]}}