{"id":73835,"date":"2016-09-16T09:17:43","date_gmt":"2016-09-16T12:17:43","guid":{"rendered":"http:\/\/www.eltrabajo.cl\/portal\/?p=73835"},"modified":"2016-09-16T09:18:15","modified_gmt":"2016-09-16T12:18:15","slug":"taller-de-ballet-clasico-experimental-presento-su-espectacular-gala","status":"publish","type":"post","link":"https:\/\/eltrabajo.cl\/portal\/taller-de-ballet-clasico-experimental-presento-su-espectacular-gala\/","title":{"rendered":"Taller de Ballet Cl\u00e1sico Experimental present\u00f3 su espectacular gala"},"content":{"rendered":"<ul>\n<li><strong>Ya hay matr\u00edcula para el segundo semestre 2016:<\/strong><\/li>\n<\/ul>\n<p>Una espectacular gala art\u00edstica, es la que la noche de este mi\u00e9rcoles ofreci\u00f3 en el teatro municipal el Taller de Ballet Cl\u00e1sico Experimental de la Oficina de Cultura Municipal, que desarrolla la experimentada profesora Patricia Castro, quien elabora su trabajo en dos semestres, siendo entonces este acto la culminaci\u00f3n y presentaci\u00f3n del primero de 2016.<br \/>\n\u00abSon ni\u00f1as entre seis y doce a\u00f1os las que participan en este taller, la primera parte de esta gala es una muestra de ballet m\u00e1s acad\u00e9mico, en el segundo acto presentamos varias coreograf\u00edas m\u00e1s l\u00fadicas, en las que las ni\u00f1as logran m\u00e1s desarrollo corporal, todas son ni\u00f1as del Valle Aconcagua\u00bb, explic\u00f3 Castro a Diario El Trabajo.<br \/>\nSeg\u00fan explic\u00f3 la monitora, quedan abiertas desde hoy viernes las matr\u00edculas para el segundo semestre de este taller, los apoderados interesados, pueden consultar en Chacabuco 178, tomando tambi\u00e9n en cuenta que durante el presente mes este departamento se estar\u00e1 trasladando a las instalaciones ubicadas en Fundaci\u00f3n Buen Pastor Yungay 389.<br \/>\nLos apoderados e invitados especiales, no dejaban de aplaudir cuando era el momento, las ni\u00f1as bailaron tango, ballet y otras propuestas m\u00e1s modernas, finalmente nadie qued\u00f3 indiferente en el reducto municipal, pues debieron sus padres esperar seis meses para poder verlos tan impecables en sus ejecuciones en escena.<br \/>\n<strong>Roberto Gonz\u00e1lez Short<\/strong><\/p>\n<figure id=\"attachment_73836\" aria-describedby=\"caption-attachment-73836\" style=\"width: 530px\" class=\"wp-caption alignleft\"><a href=\"http:\/\/www.eltrabajo.cl\/portal\/taller-de-ballet-clasico-experimental-presento-su-espectacular-gala\/damitas1\/\" rel=\"attachment wp-att-73836\"><img data-recalc-dims=\"1\" loading=\"lazy\" decoding=\"async\" class=\"size-full wp-image-73836\" src=\"https:\/\/i0.wp.com\/www.eltrabajo.cl\/portal\/wp-content\/uploads\/2016\/09\/Damitas1.jpg?resize=530%2C349\" alt=\"J\u00d3VENES ARTISTAS.- Ellas son las bailarinas m\u00e1s grandecitas, todas se han esforzado por mejorar cada vez que ensayan.\" width=\"530\" height=\"349\" srcset=\"https:\/\/i0.wp.com\/eltrabajo.cl\/portal\/wp-content\/uploads\/2016\/09\/Damitas1.jpg?w=530&amp;ssl=1 530w, https:\/\/i0.wp.com\/eltrabajo.cl\/portal\/wp-content\/uploads\/2016\/09\/Damitas1.jpg?resize=200%2C132&amp;ssl=1 200w, https:\/\/i0.wp.com\/eltrabajo.cl\/portal\/wp-content\/uploads\/2016\/09\/Damitas1.jpg?resize=300%2C198&amp;ssl=1 300w, https:\/\/i0.wp.com\/eltrabajo.cl\/portal\/wp-content\/uploads\/2016\/09\/Damitas1.jpg?resize=228%2C150&amp;ssl=1 228w, https:\/\/i0.wp.com\/eltrabajo.cl\/portal\/wp-content\/uploads\/2016\/09\/Damitas1.jpg?resize=400%2C263&amp;ssl=1 400w\" sizes=\"auto, (max-width: 530px) 100vw, 530px\" \/><\/a><figcaption id=\"caption-attachment-73836\" class=\"wp-caption-text\">J\u00d3VENES ARTISTAS.- Ellas son las bailarinas m\u00e1s grandecitas, todas se han esforzado por mejorar cada vez que ensayan.<\/figcaption><\/figure>\n<figure id=\"attachment_73837\" aria-describedby=\"caption-attachment-73837\" style=\"width: 530px\" class=\"wp-caption alignleft\"><a href=\"http:\/\/www.eltrabajo.cl\/portal\/taller-de-ballet-clasico-experimental-presento-su-espectacular-gala\/damitas2\/\" rel=\"attachment wp-att-73837\"><img data-recalc-dims=\"1\" loading=\"lazy\" decoding=\"async\" class=\"size-full wp-image-73837\" src=\"https:\/\/i0.wp.com\/www.eltrabajo.cl\/portal\/wp-content\/uploads\/2016\/09\/Damitas2.jpg?resize=530%2C349\" alt=\"TALENTOSAS.- Aqu\u00ed tenemos a las m\u00e1s peque\u00f1itas, quienes tambi\u00e9n cosecharon muchos aplausos del p\u00fablico que llen\u00f3 el teatro municipal para verlas.\" width=\"530\" height=\"349\" srcset=\"https:\/\/i0.wp.com\/eltrabajo.cl\/portal\/wp-content\/uploads\/2016\/09\/Damitas2.jpg?w=530&amp;ssl=1 530w, https:\/\/i0.wp.com\/eltrabajo.cl\/portal\/wp-content\/uploads\/2016\/09\/Damitas2.jpg?resize=200%2C132&amp;ssl=1 200w, https:\/\/i0.wp.com\/eltrabajo.cl\/portal\/wp-content\/uploads\/2016\/09\/Damitas2.jpg?resize=300%2C198&amp;ssl=1 300w, https:\/\/i0.wp.com\/eltrabajo.cl\/portal\/wp-content\/uploads\/2016\/09\/Damitas2.jpg?resize=228%2C150&amp;ssl=1 228w, https:\/\/i0.wp.com\/eltrabajo.cl\/portal\/wp-content\/uploads\/2016\/09\/Damitas2.jpg?resize=400%2C263&amp;ssl=1 400w\" sizes=\"auto, (max-width: 530px) 100vw, 530px\" \/><\/a><figcaption id=\"caption-attachment-73837\" class=\"wp-caption-text\">TALENTOSAS.- Aqu\u00ed tenemos a las m\u00e1s peque\u00f1itas, quienes tambi\u00e9n cosecharon muchos aplausos del p\u00fablico que llen\u00f3 el teatro municipal para verlas.<\/figcaption><\/figure>\n<figure id=\"attachment_73838\" aria-describedby=\"caption-attachment-73838\" style=\"width: 530px\" class=\"wp-caption alignleft\"><a href=\"http:\/\/www.eltrabajo.cl\/portal\/taller-de-ballet-clasico-experimental-presento-su-espectacular-gala\/damitas3\/\" rel=\"attachment wp-att-73838\"><img data-recalc-dims=\"1\" loading=\"lazy\" decoding=\"async\" class=\"size-full wp-image-73838\" src=\"https:\/\/i0.wp.com\/www.eltrabajo.cl\/portal\/wp-content\/uploads\/2016\/09\/Damitas3.jpg?resize=530%2C348\" alt=\"Peque\u00f1as hadas.- Aqu\u00ed las tenemos en escena, como nunca, ellas cautivaron a los presentes con su gracia y destreza art\u00edstica.\" width=\"530\" height=\"348\" srcset=\"https:\/\/i0.wp.com\/eltrabajo.cl\/portal\/wp-content\/uploads\/2016\/09\/Damitas3.jpg?w=530&amp;ssl=1 530w, https:\/\/i0.wp.com\/eltrabajo.cl\/portal\/wp-content\/uploads\/2016\/09\/Damitas3.jpg?resize=200%2C131&amp;ssl=1 200w, https:\/\/i0.wp.com\/eltrabajo.cl\/portal\/wp-content\/uploads\/2016\/09\/Damitas3.jpg?resize=300%2C197&amp;ssl=1 300w, https:\/\/i0.wp.com\/eltrabajo.cl\/portal\/wp-content\/uploads\/2016\/09\/Damitas3.jpg?resize=228%2C150&amp;ssl=1 228w, https:\/\/i0.wp.com\/eltrabajo.cl\/portal\/wp-content\/uploads\/2016\/09\/Damitas3.jpg?resize=400%2C263&amp;ssl=1 400w\" sizes=\"auto, (max-width: 530px) 100vw, 530px\" \/><\/a><figcaption id=\"caption-attachment-73838\" class=\"wp-caption-text\">Peque\u00f1as hadas.- Aqu\u00ed las tenemos en escena, como nunca, ellas cautivaron a los presentes con su gracia y destreza art\u00edstica.<\/figcaption><\/figure>\n","protected":false},"excerpt":{"rendered":"<p>Ya hay matr\u00edcula para el segundo semestre 2016: Una espectacular gala art\u00edstica, es la que la noche de este mi\u00e9rcoles ofreci\u00f3 en el teatro municipal el Taller de Ballet Cl\u00e1sico Experimental de&#8230;<\/p>\n","protected":false},"author":1,"featured_media":73836,"comment_status":"open","ping_status":"open","sticky":false,"template":"","format":"standard","meta":{"advanced_seo_description":"","jetpack_seo_html_title":"","jetpack_seo_noindex":false,"_jetpack_memberships_contains_paid_content":false,"footnotes":""},"categories":[15],"tags":[],"class_list":["post-73835","post","type-post","status-publish","format-standard","has-post-thumbnail","hentry","category-comunidad"],"jetpack_featured_media_url":"https:\/\/i0.wp.com\/eltrabajo.cl\/portal\/wp-content\/uploads\/2016\/09\/Damitas1.jpg?fit=530%2C349&ssl=1","jetpack_sharing_enabled":true,"jetpack_likes_enabled":true,"jetpack-related-posts":[],"_links":{"self":[{"href":"https:\/\/eltrabajo.cl\/portal\/wp-json\/wp\/v2\/posts\/73835","targetHints":{"allow":["GET"]}}],"collection":[{"href":"https:\/\/eltrabajo.cl\/portal\/wp-json\/wp\/v2\/posts"}],"about":[{"href":"https:\/\/eltrabajo.cl\/portal\/wp-json\/wp\/v2\/types\/post"}],"author":[{"embeddable":true,"href":"https:\/\/eltrabajo.cl\/portal\/wp-json\/wp\/v2\/users\/1"}],"replies":[{"embeddable":true,"href":"https:\/\/eltrabajo.cl\/portal\/wp-json\/wp\/v2\/comments?post=73835"}],"version-history":[{"count":0,"href":"https:\/\/eltrabajo.cl\/portal\/wp-json\/wp\/v2\/posts\/73835\/revisions"}],"wp:featuredmedia":[{"embeddable":true,"href":"https:\/\/eltrabajo.cl\/portal\/wp-json\/wp\/v2\/media\/73836"}],"wp:attachment":[{"href":"https:\/\/eltrabajo.cl\/portal\/wp-json\/wp\/v2\/media?parent=73835"}],"wp:term":[{"taxonomy":"category","embeddable":true,"href":"https:\/\/eltrabajo.cl\/portal\/wp-json\/wp\/v2\/categories?post=73835"},{"taxonomy":"post_tag","embeddable":true,"href":"https:\/\/eltrabajo.cl\/portal\/wp-json\/wp\/v2\/tags?post=73835"}],"curies":[{"name":"wp","href":"https:\/\/api.w.org\/{rel}","templated":true}]}}