{"id":73841,"date":"2016-09-16T09:24:55","date_gmt":"2016-09-16T12:24:55","guid":{"rendered":"http:\/\/www.eltrabajo.cl\/portal\/?p=73841"},"modified":"2016-09-16T09:25:39","modified_gmt":"2016-09-16T12:25:39","slug":"deliciosa-muestra-gastronomica-se-realizo-en-la-escuela-mateo-cojklat","status":"publish","type":"post","link":"https:\/\/eltrabajo.cl\/portal\/deliciosa-muestra-gastronomica-se-realizo-en-la-escuela-mateo-cojklat\/","title":{"rendered":"Deliciosa muestra gastron\u00f3mica se realiz\u00f3 en la Escuela Mateo Cojklat"},"content":{"rendered":"<p>El mi\u00e9rcoles pasado se realiz\u00f3 en la Escuela Mateo Cojklat de Tierras Blancas, una espectacular muestra gastron\u00f3mica 2016, en la que se involucraron los m\u00e1s de 100 estudiantes y sus apoderados, quienes elaboraron platillos y bocadillos de las distintas zonas de nuestro pa\u00eds, entre ellas charqui; chupe de guatitas; porotos con riendas; empanaditas calientes; chicha cocida; pollo arvejado y much\u00edsimas otras delicias.<br \/>\nTambi\u00e9n los ni\u00f1os ofrecieron a las autoridades invitadas, otra muestra de nuestros bailes t\u00edpicos, \u00abtambi\u00e9n queremos invitar a toda la comunidad educativa a participar en el almuerzo familiar que este jueves (hoy) estaremos disfrutando en nuestra misma escuela, las 28 personas que componemos la planta docente y auxiliar en esta escuela, estamos muy comprometidos en hacer que la llama del amor al estudio no deje de arder en los corazones y mentes de nuestros ni\u00f1os\u00bb, dijo a Diario El Trabajo la directora Marcia Endara.<\/p>\n<figure id=\"attachment_73842\" aria-describedby=\"caption-attachment-73842\" style=\"width: 530px\" class=\"wp-caption alignleft\"><a href=\"http:\/\/www.eltrabajo.cl\/portal\/deliciosa-muestra-gastronomica-se-realizo-en-la-escuela-mateo-cojklat\/comidas1-3\/\" rel=\"attachment wp-att-73842\"><img data-recalc-dims=\"1\" loading=\"lazy\" decoding=\"async\" class=\"size-full wp-image-73842\" src=\"https:\/\/i0.wp.com\/www.eltrabajo.cl\/portal\/wp-content\/uploads\/2016\/09\/Comidas1.jpg?resize=530%2C349\" alt=\"RECORRIDO DEL SABOR.- Autoridades y apoderados hicieron un recorrido culinario por las distintas zonas del pa\u00eds y sus comidas.\" width=\"530\" height=\"349\" srcset=\"https:\/\/i0.wp.com\/eltrabajo.cl\/portal\/wp-content\/uploads\/2016\/09\/Comidas1.jpg?w=530&amp;ssl=1 530w, https:\/\/i0.wp.com\/eltrabajo.cl\/portal\/wp-content\/uploads\/2016\/09\/Comidas1.jpg?resize=200%2C132&amp;ssl=1 200w, https:\/\/i0.wp.com\/eltrabajo.cl\/portal\/wp-content\/uploads\/2016\/09\/Comidas1.jpg?resize=300%2C198&amp;ssl=1 300w, https:\/\/i0.wp.com\/eltrabajo.cl\/portal\/wp-content\/uploads\/2016\/09\/Comidas1.jpg?resize=228%2C150&amp;ssl=1 228w, https:\/\/i0.wp.com\/eltrabajo.cl\/portal\/wp-content\/uploads\/2016\/09\/Comidas1.jpg?resize=400%2C263&amp;ssl=1 400w\" sizes=\"auto, (max-width: 530px) 100vw, 530px\" \/><\/a><figcaption id=\"caption-attachment-73842\" class=\"wp-caption-text\">RECORRIDO DEL SABOR.- Autoridades y apoderados hicieron un recorrido culinario por las distintas zonas del pa\u00eds y sus comidas.<\/figcaption><\/figure>\n<figure id=\"attachment_73843\" aria-describedby=\"caption-attachment-73843\" style=\"width: 530px\" class=\"wp-caption alignleft\"><a href=\"http:\/\/www.eltrabajo.cl\/portal\/deliciosa-muestra-gastronomica-se-realizo-en-la-escuela-mateo-cojklat\/comidas2-2\/\" rel=\"attachment wp-att-73843\"><img data-recalc-dims=\"1\" loading=\"lazy\" decoding=\"async\" class=\"size-full wp-image-73843\" src=\"https:\/\/i0.wp.com\/www.eltrabajo.cl\/portal\/wp-content\/uploads\/2016\/09\/Comidas2.jpg?resize=530%2C350\" alt=\"PARA CHUPARSE LOS DEDOS.- As\u00ed luc\u00edas las mesas ayer previo a la degustaci\u00f3n de los bocadillos preparados para esta oportunidad.\" width=\"530\" height=\"350\" srcset=\"https:\/\/i0.wp.com\/eltrabajo.cl\/portal\/wp-content\/uploads\/2016\/09\/Comidas2.jpg?w=530&amp;ssl=1 530w, https:\/\/i0.wp.com\/eltrabajo.cl\/portal\/wp-content\/uploads\/2016\/09\/Comidas2.jpg?resize=200%2C132&amp;ssl=1 200w, https:\/\/i0.wp.com\/eltrabajo.cl\/portal\/wp-content\/uploads\/2016\/09\/Comidas2.jpg?resize=300%2C198&amp;ssl=1 300w, https:\/\/i0.wp.com\/eltrabajo.cl\/portal\/wp-content\/uploads\/2016\/09\/Comidas2.jpg?resize=227%2C150&amp;ssl=1 227w, https:\/\/i0.wp.com\/eltrabajo.cl\/portal\/wp-content\/uploads\/2016\/09\/Comidas2.jpg?resize=400%2C264&amp;ssl=1 400w\" sizes=\"auto, (max-width: 530px) 100vw, 530px\" \/><\/a><figcaption id=\"caption-attachment-73843\" class=\"wp-caption-text\">PARA CHUPARSE LOS DEDOS.- As\u00ed luc\u00edas las mesas ayer previo a la degustaci\u00f3n de los bocadillos preparados para esta oportunidad.<\/figcaption><\/figure>\n<figure id=\"attachment_73844\" aria-describedby=\"caption-attachment-73844\" style=\"width: 530px\" class=\"wp-caption alignleft\"><a href=\"http:\/\/www.eltrabajo.cl\/portal\/deliciosa-muestra-gastronomica-se-realizo-en-la-escuela-mateo-cojklat\/comidas3-2\/\" rel=\"attachment wp-att-73844\"><img data-recalc-dims=\"1\" loading=\"lazy\" decoding=\"async\" class=\"size-full wp-image-73844\" src=\"https:\/\/i0.wp.com\/www.eltrabajo.cl\/portal\/wp-content\/uploads\/2016\/09\/Comidas3.jpg?resize=530%2C350\" alt=\"SER CHILENO.- Tambi\u00e9n hubo muestra de trajes y bailes t\u00edpicos por parte de los estudiantes de esta bella escuela municipal.\" width=\"530\" height=\"350\" srcset=\"https:\/\/i0.wp.com\/eltrabajo.cl\/portal\/wp-content\/uploads\/2016\/09\/Comidas3.jpg?w=530&amp;ssl=1 530w, https:\/\/i0.wp.com\/eltrabajo.cl\/portal\/wp-content\/uploads\/2016\/09\/Comidas3.jpg?resize=200%2C132&amp;ssl=1 200w, https:\/\/i0.wp.com\/eltrabajo.cl\/portal\/wp-content\/uploads\/2016\/09\/Comidas3.jpg?resize=300%2C198&amp;ssl=1 300w, https:\/\/i0.wp.com\/eltrabajo.cl\/portal\/wp-content\/uploads\/2016\/09\/Comidas3.jpg?resize=227%2C150&amp;ssl=1 227w, https:\/\/i0.wp.com\/eltrabajo.cl\/portal\/wp-content\/uploads\/2016\/09\/Comidas3.jpg?resize=400%2C264&amp;ssl=1 400w\" sizes=\"auto, (max-width: 530px) 100vw, 530px\" \/><\/a><figcaption id=\"caption-attachment-73844\" class=\"wp-caption-text\">SER CHILENO.- Tambi\u00e9n hubo muestra de trajes y bailes t\u00edpicos por parte de los estudiantes de esta bella escuela municipal.<\/figcaption><\/figure>\n<figure id=\"attachment_73845\" aria-describedby=\"caption-attachment-73845\" style=\"width: 528px\" class=\"wp-caption alignleft\"><a href=\"http:\/\/www.eltrabajo.cl\/portal\/deliciosa-muestra-gastronomica-se-realizo-en-la-escuela-mateo-cojklat\/comidas4\/\" rel=\"attachment wp-att-73845\"><img data-recalc-dims=\"1\" loading=\"lazy\" decoding=\"async\" class=\"size-full wp-image-73845\" src=\"https:\/\/i0.wp.com\/www.eltrabajo.cl\/portal\/wp-content\/uploads\/2016\/09\/Comidas4.jpg?resize=528%2C349\" alt=\"LOS M\u00c1S REGALONES.- Aqu\u00ed tenemos a los m\u00e1s peque\u00f1itos, posando con sus trajes para las c\u00e1maras de Diario El Trabajo.\" width=\"528\" height=\"349\" srcset=\"https:\/\/i0.wp.com\/eltrabajo.cl\/portal\/wp-content\/uploads\/2016\/09\/Comidas4.jpg?w=528&amp;ssl=1 528w, https:\/\/i0.wp.com\/eltrabajo.cl\/portal\/wp-content\/uploads\/2016\/09\/Comidas4.jpg?resize=200%2C132&amp;ssl=1 200w, https:\/\/i0.wp.com\/eltrabajo.cl\/portal\/wp-content\/uploads\/2016\/09\/Comidas4.jpg?resize=300%2C198&amp;ssl=1 300w, https:\/\/i0.wp.com\/eltrabajo.cl\/portal\/wp-content\/uploads\/2016\/09\/Comidas4.jpg?resize=227%2C150&amp;ssl=1 227w, https:\/\/i0.wp.com\/eltrabajo.cl\/portal\/wp-content\/uploads\/2016\/09\/Comidas4.jpg?resize=400%2C264&amp;ssl=1 400w\" sizes=\"auto, (max-width: 528px) 100vw, 528px\" \/><\/a><figcaption id=\"caption-attachment-73845\" class=\"wp-caption-text\">LOS M\u00c1S REGALONES.- Aqu\u00ed tenemos a los m\u00e1s peque\u00f1itos, posando con sus trajes para las c\u00e1maras de Diario El Trabajo.<\/figcaption><\/figure>\n","protected":false},"excerpt":{"rendered":"<p>El mi\u00e9rcoles pasado se realiz\u00f3 en la Escuela Mateo Cojklat de Tierras Blancas, una espectacular muestra gastron\u00f3mica 2016, en la que se involucraron los m\u00e1s de 100 estudiantes y sus apoderados, quienes&#8230;<\/p>\n","protected":false},"author":1,"featured_media":73845,"comment_status":"open","ping_status":"open","sticky":false,"template":"","format":"standard","meta":{"advanced_seo_description":"","jetpack_seo_html_title":"","jetpack_seo_noindex":false,"_jetpack_memberships_contains_paid_content":false,"footnotes":""},"categories":[15],"tags":[],"class_list":["post-73841","post","type-post","status-publish","format-standard","has-post-thumbnail","hentry","category-comunidad"],"jetpack_featured_media_url":"https:\/\/i0.wp.com\/eltrabajo.cl\/portal\/wp-content\/uploads\/2016\/09\/Comidas4.jpg?fit=528%2C349&ssl=1","jetpack_sharing_enabled":true,"jetpack_likes_enabled":true,"jetpack-related-posts":[],"_links":{"self":[{"href":"https:\/\/eltrabajo.cl\/portal\/wp-json\/wp\/v2\/posts\/73841","targetHints":{"allow":["GET"]}}],"collection":[{"href":"https:\/\/eltrabajo.cl\/portal\/wp-json\/wp\/v2\/posts"}],"about":[{"href":"https:\/\/eltrabajo.cl\/portal\/wp-json\/wp\/v2\/types\/post"}],"author":[{"embeddable":true,"href":"https:\/\/eltrabajo.cl\/portal\/wp-json\/wp\/v2\/users\/1"}],"replies":[{"embeddable":true,"href":"https:\/\/eltrabajo.cl\/portal\/wp-json\/wp\/v2\/comments?post=73841"}],"version-history":[{"count":0,"href":"https:\/\/eltrabajo.cl\/portal\/wp-json\/wp\/v2\/posts\/73841\/revisions"}],"wp:featuredmedia":[{"embeddable":true,"href":"https:\/\/eltrabajo.cl\/portal\/wp-json\/wp\/v2\/media\/73845"}],"wp:attachment":[{"href":"https:\/\/eltrabajo.cl\/portal\/wp-json\/wp\/v2\/media?parent=73841"}],"wp:term":[{"taxonomy":"category","embeddable":true,"href":"https:\/\/eltrabajo.cl\/portal\/wp-json\/wp\/v2\/categories?post=73841"},{"taxonomy":"post_tag","embeddable":true,"href":"https:\/\/eltrabajo.cl\/portal\/wp-json\/wp\/v2\/tags?post=73841"}],"curies":[{"name":"wp","href":"https:\/\/api.w.org\/{rel}","templated":true}]}}