{"id":73848,"date":"2016-09-16T09:29:35","date_gmt":"2016-09-16T12:29:35","guid":{"rendered":"http:\/\/www.eltrabajo.cl\/portal\/?p=73848"},"modified":"2016-09-16T09:30:45","modified_gmt":"2016-09-16T12:30:45","slug":"toda-una-semana-de-fiestas-patrias-se-vive-en-escuelas-de-nuestra-comuna","status":"publish","type":"post","link":"https:\/\/eltrabajo.cl\/portal\/toda-una-semana-de-fiestas-patrias-se-vive-en-escuelas-de-nuestra-comuna\/","title":{"rendered":"Toda una semana de Fiestas Patrias se vive en escuelas de nuestra comuna"},"content":{"rendered":"<p>Aunque ser\u00e1 este fin de semana, cuando las Fiestas del 18 sacudan cual terremoto todo nuestro pa\u00eds, en las 24 escuelas municipalizadas de nuestra comuna se viene celebrando durante toda la semana, es por ello que Diario El Trabajo, realiz\u00f3 un amplio recorrido por estos centros educativos, a fin de tomar registro del ambiente que se vive en las aulas y patios de estos centros escolares.<br \/>\nEn nuestro recorrido, nos encontramos con muestras culinarias de todo nuestro pa\u00eds, bailes y trajes t\u00edpicos, coreograf\u00edas complejas y simples, cueca a todo nivel y hasta ni\u00f1os guitarristas, haciendo de las suyas. Todos quienes laboramos en Diario El Trabajo deseamos a nuestros lectores, unas saludables y felices Fiestas Patrias.<\/p>\n<p><span style=\"color: #993300;\"><strong>Los juegos t\u00edpicos tampoco faltaron en Escuela San Rafael<\/strong><\/span><br \/>\nPero no crean nuestros lectores que s\u00f3lo se trata de muestras de gastronom\u00eda esta locura escolar que se ha desatado durante esta semana, tambi\u00e9n en la Escuela San Rafael hubo una feliz jornada de juegos t\u00edpicos.<br \/>\n\u00abEn nuestra querida escuela contamos con gente de campo, con gente que trabaja la tierra y que tiene profundas ra\u00edces de lazo con nuestra historia y amor a la patria, es por eso que para nosotros como comunidad es importante este mes y est\u00e1 celebraci\u00f3n\u00bb, coment\u00f3 el director escolar, don Carlos Jara.<\/p>\n<p><strong>NUESTRA CHILENIDAD<\/strong><br \/>\n\u00abEn nuestra escuela dividimos las actividades de Fiestas Patrias en dos grandes momentos. El primero con nuestros alumnos, juegos t\u00edpicos y competencias, el segundo es nuestra gala y Fiesta de la Chilenidad. Esta fiesta que ya va a cumplir su tercer a\u00f1o de participaci\u00f3n, cuenta con bailes t\u00edpicos por zona, demostraci\u00f3n de cueca y comidas t\u00edpicas cocinada por los apoderados de cada curso\u00bb, inform\u00f3 Ariel Gonz\u00e1lez, encargado de Convivencia.<\/p>\n<figure id=\"attachment_73849\" aria-describedby=\"caption-attachment-73849\" style=\"width: 530px\" class=\"wp-caption alignleft\"><a href=\"http:\/\/www.eltrabajo.cl\/portal\/toda-una-semana-de-fiestas-patrias-se-vive-en-escuelas-de-nuestra-comuna\/alejandro-marin-y-sigfrid-celedon\/\" rel=\"attachment wp-att-73849\"><img data-recalc-dims=\"1\" loading=\"lazy\" decoding=\"async\" class=\"size-full wp-image-73849\" src=\"https:\/\/i0.wp.com\/www.eltrabajo.cl\/portal\/wp-content\/uploads\/2016\/09\/Alejandro-Marin-y-Sigfrid-Celedon.jpg?resize=530%2C349\" alt=\"LOCURA ESTUDIANTIL.- Alejandro Mar\u00edn y Sigfrid Celed\u00f3n, ganaron varias competencias, como \u00e9sta, en donde se les ve atados a sus piernas y corriendo a la meta.\" width=\"530\" height=\"349\" srcset=\"https:\/\/i0.wp.com\/eltrabajo.cl\/portal\/wp-content\/uploads\/2016\/09\/Alejandro-Marin-y-Sigfrid-Celedon.jpg?w=530&amp;ssl=1 530w, https:\/\/i0.wp.com\/eltrabajo.cl\/portal\/wp-content\/uploads\/2016\/09\/Alejandro-Marin-y-Sigfrid-Celedon.jpg?resize=200%2C132&amp;ssl=1 200w, https:\/\/i0.wp.com\/eltrabajo.cl\/portal\/wp-content\/uploads\/2016\/09\/Alejandro-Marin-y-Sigfrid-Celedon.jpg?resize=300%2C198&amp;ssl=1 300w, https:\/\/i0.wp.com\/eltrabajo.cl\/portal\/wp-content\/uploads\/2016\/09\/Alejandro-Marin-y-Sigfrid-Celedon.jpg?resize=228%2C150&amp;ssl=1 228w, https:\/\/i0.wp.com\/eltrabajo.cl\/portal\/wp-content\/uploads\/2016\/09\/Alejandro-Marin-y-Sigfrid-Celedon.jpg?resize=400%2C263&amp;ssl=1 400w\" sizes=\"auto, (max-width: 530px) 100vw, 530px\" \/><\/a><figcaption id=\"caption-attachment-73849\" class=\"wp-caption-text\">LOCURA ESTUDIANTIL.- Alejandro Mar\u00edn y Sigfrid Celed\u00f3n, ganaron varias competencias, como \u00e9sta, en donde se les ve atados a sus piernas y corriendo a la meta.<\/figcaption><\/figure>\n<figure id=\"attachment_73850\" aria-describedby=\"caption-attachment-73850\" style=\"width: 530px\" class=\"wp-caption alignleft\"><a href=\"http:\/\/www.eltrabajo.cl\/portal\/toda-una-semana-de-fiestas-patrias-se-vive-en-escuelas-de-nuestra-comuna\/argentina1-3\/\" rel=\"attachment wp-att-73850\"><img data-recalc-dims=\"1\" loading=\"lazy\" decoding=\"async\" class=\"size-full wp-image-73850\" src=\"https:\/\/i0.wp.com\/www.eltrabajo.cl\/portal\/wp-content\/uploads\/2016\/09\/Argentina1.jpg?resize=530%2C350\" alt=\"J\u00d3VENES ARTISTAS.- Aqu\u00ed tenemos a nuestros guitarristas de la Escuela Rep. Argentina, de El Tambo.\" width=\"530\" height=\"350\" srcset=\"https:\/\/i0.wp.com\/eltrabajo.cl\/portal\/wp-content\/uploads\/2016\/09\/Argentina1.jpg?w=530&amp;ssl=1 530w, https:\/\/i0.wp.com\/eltrabajo.cl\/portal\/wp-content\/uploads\/2016\/09\/Argentina1.jpg?resize=200%2C132&amp;ssl=1 200w, https:\/\/i0.wp.com\/eltrabajo.cl\/portal\/wp-content\/uploads\/2016\/09\/Argentina1.jpg?resize=300%2C198&amp;ssl=1 300w, https:\/\/i0.wp.com\/eltrabajo.cl\/portal\/wp-content\/uploads\/2016\/09\/Argentina1.jpg?resize=227%2C150&amp;ssl=1 227w, https:\/\/i0.wp.com\/eltrabajo.cl\/portal\/wp-content\/uploads\/2016\/09\/Argentina1.jpg?resize=400%2C264&amp;ssl=1 400w\" sizes=\"auto, (max-width: 530px) 100vw, 530px\" \/><\/a><figcaption id=\"caption-attachment-73850\" class=\"wp-caption-text\">J\u00d3VENES ARTISTAS.- Aqu\u00ed tenemos a nuestros guitarristas de la Escuela Rep. Argentina, de El Tambo.<\/figcaption><\/figure>\n<figure id=\"attachment_73851\" aria-describedby=\"caption-attachment-73851\" style=\"width: 530px\" class=\"wp-caption alignleft\"><a href=\"http:\/\/www.eltrabajo.cl\/portal\/toda-una-semana-de-fiestas-patrias-se-vive-en-escuelas-de-nuestra-comuna\/argentina2\/\" rel=\"attachment wp-att-73851\"><img data-recalc-dims=\"1\" loading=\"lazy\" decoding=\"async\" class=\"size-full wp-image-73851\" src=\"https:\/\/i0.wp.com\/www.eltrabajo.cl\/portal\/wp-content\/uploads\/2016\/09\/Argentina2.jpg?resize=530%2C349\" alt=\"RICAS COMIDAS.- Los apoderados de la escuela de El Tambo, hicieron lo propio con estos exquisitos bocadillos.\" width=\"530\" height=\"349\" srcset=\"https:\/\/i0.wp.com\/eltrabajo.cl\/portal\/wp-content\/uploads\/2016\/09\/Argentina2.jpg?w=530&amp;ssl=1 530w, https:\/\/i0.wp.com\/eltrabajo.cl\/portal\/wp-content\/uploads\/2016\/09\/Argentina2.jpg?resize=200%2C132&amp;ssl=1 200w, https:\/\/i0.wp.com\/eltrabajo.cl\/portal\/wp-content\/uploads\/2016\/09\/Argentina2.jpg?resize=300%2C198&amp;ssl=1 300w, https:\/\/i0.wp.com\/eltrabajo.cl\/portal\/wp-content\/uploads\/2016\/09\/Argentina2.jpg?resize=228%2C150&amp;ssl=1 228w, https:\/\/i0.wp.com\/eltrabajo.cl\/portal\/wp-content\/uploads\/2016\/09\/Argentina2.jpg?resize=400%2C263&amp;ssl=1 400w\" sizes=\"auto, (max-width: 530px) 100vw, 530px\" \/><\/a><figcaption id=\"caption-attachment-73851\" class=\"wp-caption-text\">RICAS COMIDAS.- Los apoderados de la escuela de El Tambo, hicieron lo propio con estos exquisitos bocadillos.<\/figcaption><\/figure>\n<figure id=\"attachment_73852\" aria-describedby=\"caption-attachment-73852\" style=\"width: 530px\" class=\"wp-caption alignleft\"><a href=\"http:\/\/www.eltrabajo.cl\/portal\/toda-una-semana-de-fiestas-patrias-se-vive-en-escuelas-de-nuestra-comuna\/argentina3\/\" rel=\"attachment wp-att-73852\"><img data-recalc-dims=\"1\" loading=\"lazy\" decoding=\"async\" class=\"size-full wp-image-73852\" src=\"https:\/\/i0.wp.com\/www.eltrabajo.cl\/portal\/wp-content\/uploads\/2016\/09\/Argentina3.jpg?resize=530%2C349\" alt=\"M\u00c1S DELICIAS.- Deliciosas comidas t\u00edpicas fueron ofrecidas en muchas escuelas de nuestra comuna, durante estos d\u00edas.\" width=\"530\" height=\"349\" srcset=\"https:\/\/i0.wp.com\/eltrabajo.cl\/portal\/wp-content\/uploads\/2016\/09\/Argentina3.jpg?w=530&amp;ssl=1 530w, https:\/\/i0.wp.com\/eltrabajo.cl\/portal\/wp-content\/uploads\/2016\/09\/Argentina3.jpg?resize=200%2C132&amp;ssl=1 200w, https:\/\/i0.wp.com\/eltrabajo.cl\/portal\/wp-content\/uploads\/2016\/09\/Argentina3.jpg?resize=300%2C198&amp;ssl=1 300w, https:\/\/i0.wp.com\/eltrabajo.cl\/portal\/wp-content\/uploads\/2016\/09\/Argentina3.jpg?resize=228%2C150&amp;ssl=1 228w, https:\/\/i0.wp.com\/eltrabajo.cl\/portal\/wp-content\/uploads\/2016\/09\/Argentina3.jpg?resize=400%2C263&amp;ssl=1 400w\" sizes=\"auto, (max-width: 530px) 100vw, 530px\" \/><\/a><figcaption id=\"caption-attachment-73852\" class=\"wp-caption-text\">M\u00c1S DELICIAS.- Deliciosas comidas t\u00edpicas fueron ofrecidas en muchas escuelas de nuestra comuna, durante estos d\u00edas.<\/figcaption><\/figure>\n<figure id=\"attachment_73853\" aria-describedby=\"caption-attachment-73853\" style=\"width: 530px\" class=\"wp-caption alignleft\"><a href=\"http:\/\/www.eltrabajo.cl\/portal\/toda-una-semana-de-fiestas-patrias-se-vive-en-escuelas-de-nuestra-comuna\/cuchara1\/\" rel=\"attachment wp-att-73853\"><img data-recalc-dims=\"1\" loading=\"lazy\" decoding=\"async\" class=\"size-full wp-image-73853\" src=\"https:\/\/i0.wp.com\/www.eltrabajo.cl\/portal\/wp-content\/uploads\/2016\/09\/Cuchara1.jpg?resize=530%2C349\" alt=\"M\u00c1GICOS MOMENTOS.- Esta peque\u00f1ita corri\u00f3 sigilosa con su huevo en esa cuchara.\" width=\"530\" height=\"349\" srcset=\"https:\/\/i0.wp.com\/eltrabajo.cl\/portal\/wp-content\/uploads\/2016\/09\/Cuchara1.jpg?w=530&amp;ssl=1 530w, https:\/\/i0.wp.com\/eltrabajo.cl\/portal\/wp-content\/uploads\/2016\/09\/Cuchara1.jpg?resize=200%2C132&amp;ssl=1 200w, https:\/\/i0.wp.com\/eltrabajo.cl\/portal\/wp-content\/uploads\/2016\/09\/Cuchara1.jpg?resize=300%2C198&amp;ssl=1 300w, https:\/\/i0.wp.com\/eltrabajo.cl\/portal\/wp-content\/uploads\/2016\/09\/Cuchara1.jpg?resize=228%2C150&amp;ssl=1 228w, https:\/\/i0.wp.com\/eltrabajo.cl\/portal\/wp-content\/uploads\/2016\/09\/Cuchara1.jpg?resize=400%2C263&amp;ssl=1 400w\" sizes=\"auto, (max-width: 530px) 100vw, 530px\" \/><\/a><figcaption id=\"caption-attachment-73853\" class=\"wp-caption-text\">M\u00c1GICOS MOMENTOS.- Esta peque\u00f1ita corri\u00f3 sigilosa con su huevo en esa cuchara.<\/figcaption><\/figure>\n<figure id=\"attachment_73854\" aria-describedby=\"caption-attachment-73854\" style=\"width: 530px\" class=\"wp-caption alignleft\"><a href=\"http:\/\/www.eltrabajo.cl\/portal\/toda-una-semana-de-fiestas-patrias-se-vive-en-escuelas-de-nuestra-comuna\/jfk1\/\" rel=\"attachment wp-att-73854\"><img data-recalc-dims=\"1\" loading=\"lazy\" decoding=\"async\" class=\"size-full wp-image-73854\" src=\"https:\/\/i0.wp.com\/www.eltrabajo.cl\/portal\/wp-content\/uploads\/2016\/09\/JFK1.jpg?resize=530%2C350\" alt=\"SIEMPRE LISTOS.- Aqu\u00ed tenemos a los bailarines m\u00e1s explosivos de toda la Escuela JFK, ellos hicieron de las suyas en escena.\" width=\"530\" height=\"350\" srcset=\"https:\/\/i0.wp.com\/eltrabajo.cl\/portal\/wp-content\/uploads\/2016\/09\/JFK1.jpg?w=530&amp;ssl=1 530w, https:\/\/i0.wp.com\/eltrabajo.cl\/portal\/wp-content\/uploads\/2016\/09\/JFK1.jpg?resize=200%2C132&amp;ssl=1 200w, https:\/\/i0.wp.com\/eltrabajo.cl\/portal\/wp-content\/uploads\/2016\/09\/JFK1.jpg?resize=300%2C198&amp;ssl=1 300w, https:\/\/i0.wp.com\/eltrabajo.cl\/portal\/wp-content\/uploads\/2016\/09\/JFK1.jpg?resize=227%2C150&amp;ssl=1 227w, https:\/\/i0.wp.com\/eltrabajo.cl\/portal\/wp-content\/uploads\/2016\/09\/JFK1.jpg?resize=400%2C264&amp;ssl=1 400w\" sizes=\"auto, (max-width: 530px) 100vw, 530px\" \/><\/a><figcaption id=\"caption-attachment-73854\" class=\"wp-caption-text\">SIEMPRE LISTOS.- Aqu\u00ed tenemos a los bailarines m\u00e1s explosivos de toda la Escuela JFK, ellos hicieron de las suyas en escena.<\/figcaption><\/figure>\n<figure id=\"attachment_73855\" aria-describedby=\"caption-attachment-73855\" style=\"width: 530px\" class=\"wp-caption alignleft\"><a href=\"http:\/\/www.eltrabajo.cl\/portal\/toda-una-semana-de-fiestas-patrias-se-vive-en-escuelas-de-nuestra-comuna\/jfk2\/\" rel=\"attachment wp-att-73855\"><img data-recalc-dims=\"1\" loading=\"lazy\" decoding=\"async\" class=\"size-full wp-image-73855\" src=\"https:\/\/i0.wp.com\/www.eltrabajo.cl\/portal\/wp-content\/uploads\/2016\/09\/JFK2.jpg?resize=530%2C349\" alt=\"SIEMPRE REGALONES.- Ya en escena, estos peque\u00f1os enamoraron al p\u00fablico con su actuaci\u00f3n especial.\" width=\"530\" height=\"349\" srcset=\"https:\/\/i0.wp.com\/eltrabajo.cl\/portal\/wp-content\/uploads\/2016\/09\/JFK2.jpg?w=530&amp;ssl=1 530w, https:\/\/i0.wp.com\/eltrabajo.cl\/portal\/wp-content\/uploads\/2016\/09\/JFK2.jpg?resize=200%2C132&amp;ssl=1 200w, https:\/\/i0.wp.com\/eltrabajo.cl\/portal\/wp-content\/uploads\/2016\/09\/JFK2.jpg?resize=300%2C198&amp;ssl=1 300w, https:\/\/i0.wp.com\/eltrabajo.cl\/portal\/wp-content\/uploads\/2016\/09\/JFK2.jpg?resize=228%2C150&amp;ssl=1 228w, https:\/\/i0.wp.com\/eltrabajo.cl\/portal\/wp-content\/uploads\/2016\/09\/JFK2.jpg?resize=400%2C263&amp;ssl=1 400w\" sizes=\"auto, (max-width: 530px) 100vw, 530px\" \/><\/a><figcaption id=\"caption-attachment-73855\" class=\"wp-caption-text\">SIEMPRE REGALONES.- Ya en escena, estos peque\u00f1os enamoraron al p\u00fablico con su actuaci\u00f3n especial.<\/figcaption><\/figure>\n<figure id=\"attachment_73856\" aria-describedby=\"caption-attachment-73856\" style=\"width: 530px\" class=\"wp-caption alignleft\"><a href=\"http:\/\/www.eltrabajo.cl\/portal\/toda-una-semana-de-fiestas-patrias-se-vive-en-escuelas-de-nuestra-comuna\/jfk3\/\" rel=\"attachment wp-att-73856\"><img data-recalc-dims=\"1\" loading=\"lazy\" decoding=\"async\" class=\"size-full wp-image-73856\" src=\"https:\/\/i0.wp.com\/www.eltrabajo.cl\/portal\/wp-content\/uploads\/2016\/09\/JFK3.jpg?resize=530%2C350\" alt=\"FIESTAS PATRIAS DEL 18.- Esta foto, describe de la mejor forma el ambiente que reina en nuestra comuna desde hace varios d\u00edas.\" width=\"530\" height=\"350\" srcset=\"https:\/\/i0.wp.com\/eltrabajo.cl\/portal\/wp-content\/uploads\/2016\/09\/JFK3.jpg?w=530&amp;ssl=1 530w, https:\/\/i0.wp.com\/eltrabajo.cl\/portal\/wp-content\/uploads\/2016\/09\/JFK3.jpg?resize=200%2C132&amp;ssl=1 200w, https:\/\/i0.wp.com\/eltrabajo.cl\/portal\/wp-content\/uploads\/2016\/09\/JFK3.jpg?resize=300%2C198&amp;ssl=1 300w, https:\/\/i0.wp.com\/eltrabajo.cl\/portal\/wp-content\/uploads\/2016\/09\/JFK3.jpg?resize=227%2C150&amp;ssl=1 227w, https:\/\/i0.wp.com\/eltrabajo.cl\/portal\/wp-content\/uploads\/2016\/09\/JFK3.jpg?resize=400%2C264&amp;ssl=1 400w\" sizes=\"auto, (max-width: 530px) 100vw, 530px\" \/><\/a><figcaption id=\"caption-attachment-73856\" class=\"wp-caption-text\">FIESTAS PATRIAS DEL 18.- Esta foto, describe de la mejor forma el ambiente que reina en nuestra comuna desde hace varios d\u00edas.<\/figcaption><\/figure>\n","protected":false},"excerpt":{"rendered":"<p>Aunque ser\u00e1 este fin de semana, cuando las Fiestas del 18 sacudan cual terremoto todo nuestro pa\u00eds, en las 24 escuelas municipalizadas de nuestra comuna se viene celebrando durante toda la semana,&#8230;<\/p>\n","protected":false},"author":1,"featured_media":73849,"comment_status":"open","ping_status":"open","sticky":false,"template":"","format":"standard","meta":{"advanced_seo_description":"","jetpack_seo_html_title":"","jetpack_seo_noindex":false,"_jetpack_memberships_contains_paid_content":false,"footnotes":""},"categories":[15],"tags":[],"class_list":["post-73848","post","type-post","status-publish","format-standard","has-post-thumbnail","hentry","category-comunidad"],"jetpack_featured_media_url":"https:\/\/i0.wp.com\/eltrabajo.cl\/portal\/wp-content\/uploads\/2016\/09\/Alejandro-Marin-y-Sigfrid-Celedon.jpg?fit=530%2C349&ssl=1","jetpack_sharing_enabled":true,"jetpack_likes_enabled":true,"jetpack-related-posts":[],"_links":{"self":[{"href":"https:\/\/eltrabajo.cl\/portal\/wp-json\/wp\/v2\/posts\/73848","targetHints":{"allow":["GET"]}}],"collection":[{"href":"https:\/\/eltrabajo.cl\/portal\/wp-json\/wp\/v2\/posts"}],"about":[{"href":"https:\/\/eltrabajo.cl\/portal\/wp-json\/wp\/v2\/types\/post"}],"author":[{"embeddable":true,"href":"https:\/\/eltrabajo.cl\/portal\/wp-json\/wp\/v2\/users\/1"}],"replies":[{"embeddable":true,"href":"https:\/\/eltrabajo.cl\/portal\/wp-json\/wp\/v2\/comments?post=73848"}],"version-history":[{"count":0,"href":"https:\/\/eltrabajo.cl\/portal\/wp-json\/wp\/v2\/posts\/73848\/revisions"}],"wp:featuredmedia":[{"embeddable":true,"href":"https:\/\/eltrabajo.cl\/portal\/wp-json\/wp\/v2\/media\/73849"}],"wp:attachment":[{"href":"https:\/\/eltrabajo.cl\/portal\/wp-json\/wp\/v2\/media?parent=73848"}],"wp:term":[{"taxonomy":"category","embeddable":true,"href":"https:\/\/eltrabajo.cl\/portal\/wp-json\/wp\/v2\/categories?post=73848"},{"taxonomy":"post_tag","embeddable":true,"href":"https:\/\/eltrabajo.cl\/portal\/wp-json\/wp\/v2\/tags?post=73848"}],"curies":[{"name":"wp","href":"https:\/\/api.w.org\/{rel}","templated":true}]}}