{"id":73859,"date":"2016-09-16T09:32:25","date_gmt":"2016-09-16T12:32:25","guid":{"rendered":"http:\/\/www.eltrabajo.cl\/portal\/?p=73859"},"modified":"2016-09-16T09:34:10","modified_gmt":"2016-09-16T12:34:10","slug":"municipalidad-asumira-costo-y-se-hara-cargo-del-ex-colegio-horizonte","status":"publish","type":"post","link":"https:\/\/eltrabajo.cl\/portal\/municipalidad-asumira-costo-y-se-hara-cargo-del-ex-colegio-horizonte\/","title":{"rendered":"Municipalidad asumir\u00e1 costo y se har\u00e1 cargo del ex Colegio Horizonte"},"content":{"rendered":"<p>Tras una serie de conversaciones y reuniones, finalmente en la tarde de este mi\u00e9rcoles, el Alcalde Patricio Freire acord\u00f3 con la comunidad educativa del Colegio Horizonte, que la Municipalidad de San Felipe tomar\u00e1 las riendas de este establecimiento educacional, cuyo cierre hab\u00eda sido notificado por sus due\u00f1os hace algunos meses.<br \/>\nEsta medida, que considera el arrendamiento del edificio donde funciona el colegio, tiene por objetivo garantizar el derecho a la educaci\u00f3n de sus alumnos y alumnas, evitando adem\u00e1s el t\u00e9rmino del proyecto educativo.<br \/>\nHace algunos meses, la Sociedad Educacional due\u00f1a de este plantel, notific\u00f3 a la Seremi de Educaci\u00f3n su decisi\u00f3n de cerrar en diciembre pr\u00f3ximo el colegio, informaci\u00f3n que golpe\u00f3 fuerte a alumnos, apoderados, profesores y funcionarios, quienes iniciaron una serie de gestiones donde r\u00e1pidamente se sum\u00f3 la Municipalidad de San Felipe, comprendiendo la inquietud de la comunidad educativa.<br \/>\nSeg\u00fan explic\u00f3 el Alcalde Patricio Freire, si bien esta situaci\u00f3n involucraba a un establecimiento particular subvencionado, prim\u00f3 la necesidad de ser consecuentes con el esp\u00edritu inclusivo que ha caracterizado su gesti\u00f3n municipal y de ah\u00ed que en conjunto con las autoridades de la Seremi de Educaci\u00f3n y la Gobernaci\u00f3n, se acord\u00f3 hacerse cargo de este plantel.<br \/>\n\u00abEste ha sido un trabajo muy arduo, donde los apoderados incluso han planteado la idea de crear una fundaci\u00f3n educacional que se haga cargo de este proyecto educativo. Sin embargo, ese es un proceso que puede demorar y mientras no ocurra, el municipio se har\u00e1 cargo de los alumnos. Esta ser\u00e1 una suerte de filial de nuestra Escuela Sagrado Coraz\u00f3n, pero con un sello propio, que es algo muy importante para los estudiantes y sus apoderados\u00bb, se\u00f1al\u00f3 el jefe comunal.<br \/>\nA contar del 1 de febrero pr\u00f3ximo entonces, la Municipalidad de San Felipe tomar\u00e1 las riendas de este establecimiento, que ser\u00e1 una filial de la Escuela Especial y que recordemos obtuvo su calificaci\u00f3n de excelencia acad\u00e9mica.<br \/>\nEl alcalde manifest\u00f3 que se ha logrado el compromiso del MINEDUC para asumir esta responsabilidad, con las implicancias econ\u00f3micas que representa, ya que ser\u00e1 necesario el pago de un arriendo por el uso de las instalaciones de ese plantel, pero adem\u00e1s, ser\u00e1 necesario la mantenci\u00f3n de las dependencias, su funcionamiento administrativo, as\u00ed como el pago de remuneraciones a los profesores, asistentes de la educaci\u00f3n y personal administrativo de este establecimiento, que pasar\u00eda a depender de la Municipalidad de San Felipe.<br \/>\nEn la cita, el Gobernador Eduardo Le\u00f3n valor\u00f3 la voluntad del Alcalde Patricio Freire, de asumir este desaf\u00edo y acompa\u00f1ar a un grupo importante de padres y apoderados, junto a sus hijos, que enfrentaban un panorama muy dif\u00edcil tras el anuncio de cierre, pero que ahora pueden tener la certeza de que el colegio contin\u00faa y la educaci\u00f3n de sus ni\u00f1os est\u00e1 garantizada.<\/p>\n<figure id=\"attachment_73860\" aria-describedby=\"caption-attachment-73860\" style=\"width: 530px\" class=\"wp-caption alignleft\"><a href=\"http:\/\/www.eltrabajo.cl\/portal\/municipalidad-asumira-costo-y-se-hara-cargo-del-ex-colegio-horizonte\/colegio-horizonte-2\/\" rel=\"attachment wp-att-73860\"><img data-recalc-dims=\"1\" loading=\"lazy\" decoding=\"async\" class=\"size-full wp-image-73860\" src=\"https:\/\/i0.wp.com\/www.eltrabajo.cl\/portal\/wp-content\/uploads\/2016\/09\/colegio-horizonte.jpg?resize=530%2C349\" alt=\"A mediados de junio, padres y apoderados estaban desesperados tras ser informados del cierre del Colegio Horizonte, comenzando desde entonces numerosas gestiones para evitar que ello se concretara. El esfuerzo dio al fin resultado ya que la municipalidad de San Felipe se har\u00e1 cargo del establecimiento.\" width=\"530\" height=\"349\" srcset=\"https:\/\/i0.wp.com\/eltrabajo.cl\/portal\/wp-content\/uploads\/2016\/09\/colegio-horizonte.jpg?w=530&amp;ssl=1 530w, https:\/\/i0.wp.com\/eltrabajo.cl\/portal\/wp-content\/uploads\/2016\/09\/colegio-horizonte.jpg?resize=200%2C132&amp;ssl=1 200w, https:\/\/i0.wp.com\/eltrabajo.cl\/portal\/wp-content\/uploads\/2016\/09\/colegio-horizonte.jpg?resize=300%2C198&amp;ssl=1 300w, https:\/\/i0.wp.com\/eltrabajo.cl\/portal\/wp-content\/uploads\/2016\/09\/colegio-horizonte.jpg?resize=228%2C150&amp;ssl=1 228w, https:\/\/i0.wp.com\/eltrabajo.cl\/portal\/wp-content\/uploads\/2016\/09\/colegio-horizonte.jpg?resize=400%2C263&amp;ssl=1 400w\" sizes=\"auto, (max-width: 530px) 100vw, 530px\" \/><\/a><figcaption id=\"caption-attachment-73860\" class=\"wp-caption-text\">A mediados de junio, padres y apoderados estaban desesperados tras ser informados del cierre del Colegio Horizonte, comenzando desde entonces numerosas gestiones para evitar que ello se concretara. El esfuerzo dio al fin resultado ya que la municipalidad de San Felipe se har\u00e1 cargo del establecimiento.<\/figcaption><\/figure>\n","protected":false},"excerpt":{"rendered":"<p>Tras una serie de conversaciones y reuniones, finalmente en la tarde de este mi\u00e9rcoles, el Alcalde Patricio Freire acord\u00f3 con la comunidad educativa del Colegio Horizonte, que la Municipalidad de San Felipe&#8230;<\/p>\n","protected":false},"author":1,"featured_media":73860,"comment_status":"open","ping_status":"open","sticky":false,"template":"","format":"standard","meta":{"advanced_seo_description":"","jetpack_seo_html_title":"","jetpack_seo_noindex":false,"_jetpack_memberships_contains_paid_content":false,"footnotes":""},"categories":[1],"tags":[],"class_list":["post-73859","post","type-post","status-publish","format-standard","has-post-thumbnail","hentry","category-cronica"],"jetpack_featured_media_url":"https:\/\/i0.wp.com\/eltrabajo.cl\/portal\/wp-content\/uploads\/2016\/09\/colegio-horizonte.jpg?fit=530%2C349&ssl=1","jetpack_sharing_enabled":true,"jetpack_likes_enabled":true,"jetpack-related-posts":[],"_links":{"self":[{"href":"https:\/\/eltrabajo.cl\/portal\/wp-json\/wp\/v2\/posts\/73859","targetHints":{"allow":["GET"]}}],"collection":[{"href":"https:\/\/eltrabajo.cl\/portal\/wp-json\/wp\/v2\/posts"}],"about":[{"href":"https:\/\/eltrabajo.cl\/portal\/wp-json\/wp\/v2\/types\/post"}],"author":[{"embeddable":true,"href":"https:\/\/eltrabajo.cl\/portal\/wp-json\/wp\/v2\/users\/1"}],"replies":[{"embeddable":true,"href":"https:\/\/eltrabajo.cl\/portal\/wp-json\/wp\/v2\/comments?post=73859"}],"version-history":[{"count":0,"href":"https:\/\/eltrabajo.cl\/portal\/wp-json\/wp\/v2\/posts\/73859\/revisions"}],"wp:featuredmedia":[{"embeddable":true,"href":"https:\/\/eltrabajo.cl\/portal\/wp-json\/wp\/v2\/media\/73860"}],"wp:attachment":[{"href":"https:\/\/eltrabajo.cl\/portal\/wp-json\/wp\/v2\/media?parent=73859"}],"wp:term":[{"taxonomy":"category","embeddable":true,"href":"https:\/\/eltrabajo.cl\/portal\/wp-json\/wp\/v2\/categories?post=73859"},{"taxonomy":"post_tag","embeddable":true,"href":"https:\/\/eltrabajo.cl\/portal\/wp-json\/wp\/v2\/tags?post=73859"}],"curies":[{"name":"wp","href":"https:\/\/api.w.org\/{rel}","templated":true}]}}