{"id":73863,"date":"2016-09-16T09:35:47","date_gmt":"2016-09-16T12:35:47","guid":{"rendered":"http:\/\/www.eltrabajo.cl\/portal\/?p=73863"},"modified":"2016-09-16T09:35:48","modified_gmt":"2016-09-16T12:35:48","slug":"con-intoxilyzer-carabineros-fiscalizara-automovilistas-en-fiestas-patrias","status":"publish","type":"post","link":"https:\/\/eltrabajo.cl\/portal\/con-intoxilyzer-carabineros-fiscalizara-automovilistas-en-fiestas-patrias\/","title":{"rendered":"Con Intoxilyzer Carabineros fiscalizar\u00e1 automovilistas en Fiestas Patrias"},"content":{"rendered":"<ul>\n<li><strong><span style=\"color: #ff0000;\">Tolerancia cero a conductores ebrios:<\/span>\u00a0La polic\u00eda uniformada, practicar\u00e1 controles vehiculares en las afueras de ramadas, locales nocturnos y discoteques durante este largo fin de semana de la Chilenidad. Carabineros pretende que no se registren accidentes de tr\u00e1nsito con v\u00edctimas fatales que empa\u00f1en las celebraciones.<\/strong><\/li>\n<\/ul>\n<p>A partir de hoy viernes, cuando ya se inicia un largo fin de semana con las celebraciones de Fiestas Patrias, Carabineros de San Felipe anunci\u00f3 una fuerte intensificaci\u00f3n en controles vehiculares utilizando el intoxilyzer para descubrir a los conductores de veh\u00edculos que circulen bajo la influencia del alcohol, a fin de evitar tragedias en accidentes de tr\u00e1nsito.<br \/>\nBajo la campa\u00f1a a nivel nacional \u201818 Seguro\u2019 la polic\u00eda uniformada, pretende sensibilizar a la ciudadan\u00eda durante estas celebraciones en familia, insistiendo en que si se va a beber alcohol, no se debe conducir un veh\u00edculo motorizado exponi\u00e9ndose a un eventual accidente junto al resto de sus seres queridos.<br \/>\nLa iniciativa adem\u00e1s, persigue que los conductores y sus familiares que abandonar\u00e1n la provincia para dirigirse hacia la capital o el sector costa de quinta regi\u00f3n, revisen las condiciones mec\u00e1nicas de sus m\u00f3viles para un viaje seguro y atento a las condiciones del tr\u00e1nsito.<br \/>\nEn este sentido, el jefe de la Subcomisaria Investigadora de Accidentes de Tr\u00e1nsito, Siat de Carabineros de San Felipe, capit\u00e1n Francisco Carre\u00f1o Miranda, inform\u00f3 a Diario El Trabajo que desde hoy, el flujo vehicular se intensificar\u00e1 en las carreteras de alto tr\u00e1fico como son la ruta 60 CH y 5 Norte, lugares donde los uniformados practicar\u00e1n controles de velocidad, fiscalizaci\u00f3n del uso correcto del cintur\u00f3n de seguridad y controles de alcotest.<br \/>\n\u201cVamos a tener controles de velocidad a contar de las 15:00 horas de este viernes (hoy), en las noches tendremos servicios extraordinarios utilizando el intoxilyzer para medir si existe alcohol en la sangre de los conductores con los equipos tecnol\u00f3gicos que tenemos nosotros, en ramadas, afuera de las discoteques, en la ruta 5 Norte y 60 CH, cubriendo las mayor\u00edas de rutas de nuestra zona para no estar lamentando accidentes de tr\u00e1nsito con personas fallecidas\u201d<br \/>\nSeg\u00fan la estad\u00edstica de la jurisdicci\u00f3n de Carabineros Aconcagua, en esta misma fecha se registraron tres personas muertas a ra\u00edz de accidentes de tr\u00e1nsito en el sector de La Ligua, cuyo conductor se desplazaba bajo los efectos del alcohol, produci\u00e9ndose un volcamiento en una ruta interior. Adem\u00e1s de un conductor ebrio que falleci\u00f3 en la comuna de San Esteban.<br \/>\nEl oficial de Carabineros insisti\u00f3 en el llamado a la comunidad, a no consumir alcohol cuando se va a conducir o designar un conductor con cero alcohol en la sangre, \u201casimismo se hace un llamado a los peatones que consumen alcohol y transitan por la calzada de las rutas, se est\u00e1n exponiendo a ser atropellados por un veh\u00edculo, el llamado es al autocuidado\u201d.<\/p>\n<p><strong>PATRULLAS DODGE CHARGER<\/strong><br \/>\nHace unos d\u00edas Carabineros de esta Subcomisar\u00eda IAT y la Tenencia de Carreteras San Felipe, les fueron asignadas tres patrullas Dodge Charger equipadas con una amplia tecnolog\u00eda y una reforzada carrocer\u00eda que permite alcanzar grandes velocidades en carreteras.<br \/>\nEl capit\u00e1n Carre\u00f1o destac\u00f3 la importante adquisici\u00f3n de estos sofisticados m\u00f3viles, que permiten controlar velocidades de veh\u00edculo en pleno movimiento y consultar patentes en l\u00ednea, en caso de que un autom\u00f3vil se encuentre encargado por robo.<br \/>\n\u201cHa sido un tremendo aporte para nuestro trabajo que ser\u00e1 de gran utilidad durante las fiestas patrias, estas patrullas modernas junto con las antiguas, fiscalizar\u00e1n a los conductores en las carreteras, ramadas y discoteque aplicando intoxilyzer en todos los destacamentos policiales que pertenecen a esta prefectura\u201d.<br \/>\n<strong>Pablo Salinas Sald\u00edas<\/strong><\/p>\n<figure id=\"attachment_73864\" aria-describedby=\"caption-attachment-73864\" style=\"width: 530px\" class=\"wp-caption alignleft\"><a href=\"http:\/\/www.eltrabajo.cl\/portal\/con-intoxilyzer-carabineros-fiscalizara-automovilistas-en-fiestas-patrias\/control1-3\/\" rel=\"attachment wp-att-73864\"><img data-recalc-dims=\"1\" loading=\"lazy\" decoding=\"async\" class=\"size-full wp-image-73864\" src=\"https:\/\/i0.wp.com\/www.eltrabajo.cl\/portal\/wp-content\/uploads\/2016\/09\/CONTROL1.jpg?resize=530%2C348\" alt=\"Carabineros intensificar\u00e1 controles vehiculares durante las Fiestas Patrias.\" width=\"530\" height=\"348\" srcset=\"https:\/\/i0.wp.com\/eltrabajo.cl\/portal\/wp-content\/uploads\/2016\/09\/CONTROL1.jpg?w=530&amp;ssl=1 530w, https:\/\/i0.wp.com\/eltrabajo.cl\/portal\/wp-content\/uploads\/2016\/09\/CONTROL1.jpg?resize=200%2C131&amp;ssl=1 200w, https:\/\/i0.wp.com\/eltrabajo.cl\/portal\/wp-content\/uploads\/2016\/09\/CONTROL1.jpg?resize=300%2C197&amp;ssl=1 300w, https:\/\/i0.wp.com\/eltrabajo.cl\/portal\/wp-content\/uploads\/2016\/09\/CONTROL1.jpg?resize=228%2C150&amp;ssl=1 228w, https:\/\/i0.wp.com\/eltrabajo.cl\/portal\/wp-content\/uploads\/2016\/09\/CONTROL1.jpg?resize=400%2C263&amp;ssl=1 400w\" sizes=\"auto, (max-width: 530px) 100vw, 530px\" \/><\/a><figcaption id=\"caption-attachment-73864\" class=\"wp-caption-text\">Carabineros intensificar\u00e1 controles vehiculares durante las Fiestas Patrias.<\/figcaption><\/figure>\n","protected":false},"excerpt":{"rendered":"<p>Tolerancia cero a conductores ebrios:\u00a0La polic\u00eda uniformada, practicar\u00e1 controles vehiculares en las afueras de ramadas, locales nocturnos y discoteques durante este largo fin de semana de la Chilenidad. Carabineros pretende que no&#8230;<\/p>\n","protected":false},"author":1,"featured_media":73864,"comment_status":"open","ping_status":"open","sticky":false,"template":"","format":"standard","meta":{"advanced_seo_description":"","jetpack_seo_html_title":"","jetpack_seo_noindex":false,"_jetpack_memberships_contains_paid_content":false,"footnotes":""},"categories":[1],"tags":[],"class_list":["post-73863","post","type-post","status-publish","format-standard","has-post-thumbnail","hentry","category-cronica"],"jetpack_featured_media_url":"https:\/\/i0.wp.com\/eltrabajo.cl\/portal\/wp-content\/uploads\/2016\/09\/CONTROL1.jpg?fit=530%2C348&ssl=1","jetpack_sharing_enabled":true,"jetpack_likes_enabled":true,"jetpack-related-posts":[],"_links":{"self":[{"href":"https:\/\/eltrabajo.cl\/portal\/wp-json\/wp\/v2\/posts\/73863","targetHints":{"allow":["GET"]}}],"collection":[{"href":"https:\/\/eltrabajo.cl\/portal\/wp-json\/wp\/v2\/posts"}],"about":[{"href":"https:\/\/eltrabajo.cl\/portal\/wp-json\/wp\/v2\/types\/post"}],"author":[{"embeddable":true,"href":"https:\/\/eltrabajo.cl\/portal\/wp-json\/wp\/v2\/users\/1"}],"replies":[{"embeddable":true,"href":"https:\/\/eltrabajo.cl\/portal\/wp-json\/wp\/v2\/comments?post=73863"}],"version-history":[{"count":0,"href":"https:\/\/eltrabajo.cl\/portal\/wp-json\/wp\/v2\/posts\/73863\/revisions"}],"wp:featuredmedia":[{"embeddable":true,"href":"https:\/\/eltrabajo.cl\/portal\/wp-json\/wp\/v2\/media\/73864"}],"wp:attachment":[{"href":"https:\/\/eltrabajo.cl\/portal\/wp-json\/wp\/v2\/media?parent=73863"}],"wp:term":[{"taxonomy":"category","embeddable":true,"href":"https:\/\/eltrabajo.cl\/portal\/wp-json\/wp\/v2\/categories?post=73863"},{"taxonomy":"post_tag","embeddable":true,"href":"https:\/\/eltrabajo.cl\/portal\/wp-json\/wp\/v2\/tags?post=73863"}],"curies":[{"name":"wp","href":"https:\/\/api.w.org\/{rel}","templated":true}]}}