{"id":73872,"date":"2016-09-20T10:51:19","date_gmt":"2016-09-20T13:51:19","guid":{"rendered":"http:\/\/www.eltrabajo.cl\/portal\/?p=73872"},"modified":"2016-09-20T10:51:19","modified_gmt":"2016-09-20T13:51:19","slug":"desfile-de-fiestas-patrias-y-glorias-del-ejercito-celebrado-en-san-felipe","status":"publish","type":"post","link":"https:\/\/eltrabajo.cl\/portal\/desfile-de-fiestas-patrias-y-glorias-del-ejercito-celebrado-en-san-felipe\/","title":{"rendered":"Desfile de Fiestas Patrias y Glorias del Ej\u00e9rcito celebrado en San Felipe"},"content":{"rendered":"<p>Con bombos y platillos, frente a la Plaza de Armas, este domingo en la ciudad de San Felipe, fueron celebradas las galas de Fiestas Patrias y de Glorias del Ej\u00e9rcito de nuestro pa\u00eds. La actividad, dio inicio a las 10:00 horas con el tradicional Te Deum en la Iglesia Catedral, la que fue oficiada por Monse\u00f1or Cristian Contreras y sus cl\u00e9rigos oficiales.<br \/>\nLuego, a las 11:00 horas, se instaur\u00f3 el gabinete regional en el frontis de las c\u00e9ntrica plaza, present\u00e1ndose as\u00ed todo el accionar protocolario por parte del Municipio, Gobernaci\u00f3n y el Tercer Regimiento Yungay N\u00ba3, as\u00ed como la Escuela de Monta\u00f1a del Ej\u00e9rcito.<br \/>\nEn la oportunidad, el alcalde Patricio Freire hizo entrega de un nuevo estandarte al Yungay, el que fue recibido con agrado por parte de los Altos Mandos militares. En Diario El Trabajo te ofrecemos hoy un registro gr\u00e1fico de la actividad, en la que premiaron tambi\u00e9n a varios conscriptos del Ej\u00e9rcito por distintos m\u00e9ritos individuales, ellos son los soldados conscriptos: Cristopher Canales Reyes, Jos\u00e9 Figueroa Morales, Kevin Yenkal, Cristina D\u00edaz y Dylan Soto. Ma\u00f1ana de cuecas, chicha y empanadas para todos, ma\u00f1ana patria que alegr\u00f3 los corazones de todos los chilenos y tambi\u00e9n sanfelipe\u00f1os.<br \/>\n<strong>Roberto Gonz\u00e1lez Short<\/strong><\/p>\n<figure id=\"attachment_73873\" aria-describedby=\"caption-attachment-73873\" style=\"width: 530px\" class=\"wp-caption alignnone\"><img data-recalc-dims=\"1\" loading=\"lazy\" decoding=\"async\" class=\"wp-image-73873 size-full\" src=\"https:\/\/i0.wp.com\/www.eltrabajo.cl\/portal\/wp-content\/uploads\/2016\/09\/Candor1.jpg?resize=530%2C350\" alt=\"CHINAS ENCANTADORAS.- Esta bella sanfelipe\u00f1a cautiv\u00f3 con sus pasos y candor a los presentes.\" width=\"530\" height=\"350\" srcset=\"https:\/\/i0.wp.com\/eltrabajo.cl\/portal\/wp-content\/uploads\/2016\/09\/Candor1.jpg?w=530&amp;ssl=1 530w, https:\/\/i0.wp.com\/eltrabajo.cl\/portal\/wp-content\/uploads\/2016\/09\/Candor1.jpg?resize=200%2C132&amp;ssl=1 200w, https:\/\/i0.wp.com\/eltrabajo.cl\/portal\/wp-content\/uploads\/2016\/09\/Candor1.jpg?resize=300%2C198&amp;ssl=1 300w, https:\/\/i0.wp.com\/eltrabajo.cl\/portal\/wp-content\/uploads\/2016\/09\/Candor1.jpg?resize=227%2C150&amp;ssl=1 227w, https:\/\/i0.wp.com\/eltrabajo.cl\/portal\/wp-content\/uploads\/2016\/09\/Candor1.jpg?resize=400%2C264&amp;ssl=1 400w\" sizes=\"auto, (max-width: 530px) 100vw, 530px\" \/><figcaption id=\"caption-attachment-73873\" class=\"wp-caption-text\">CHINAS ENCANTADORAS.- Esta bella sanfelipe\u00f1a cautiv\u00f3 con sus pasos y candor a los presentes.<\/figcaption><\/figure>\n<figure id=\"attachment_73876\" aria-describedby=\"caption-attachment-73876\" style=\"width: 530px\" class=\"wp-caption alignnone\"><img data-recalc-dims=\"1\" loading=\"lazy\" decoding=\"async\" class=\"wp-image-73876 size-full\" src=\"https:\/\/i0.wp.com\/www.eltrabajo.cl\/portal\/wp-content\/uploads\/2016\/09\/nuestras-bellas-chinitas.jpg?resize=530%2C349\" alt=\"NUESTRAS BELLAS CHINITAS.- Con bellas chinitas y alegres huasos, as\u00ed se vivieron las Fiestas Patrias en nuestra comuna, durante todas estas actividades.\" width=\"530\" height=\"349\" srcset=\"https:\/\/i0.wp.com\/eltrabajo.cl\/portal\/wp-content\/uploads\/2016\/09\/nuestras-bellas-chinitas.jpg?w=530&amp;ssl=1 530w, https:\/\/i0.wp.com\/eltrabajo.cl\/portal\/wp-content\/uploads\/2016\/09\/nuestras-bellas-chinitas.jpg?resize=200%2C132&amp;ssl=1 200w, https:\/\/i0.wp.com\/eltrabajo.cl\/portal\/wp-content\/uploads\/2016\/09\/nuestras-bellas-chinitas.jpg?resize=300%2C198&amp;ssl=1 300w, https:\/\/i0.wp.com\/eltrabajo.cl\/portal\/wp-content\/uploads\/2016\/09\/nuestras-bellas-chinitas.jpg?resize=228%2C150&amp;ssl=1 228w, https:\/\/i0.wp.com\/eltrabajo.cl\/portal\/wp-content\/uploads\/2016\/09\/nuestras-bellas-chinitas.jpg?resize=400%2C263&amp;ssl=1 400w\" sizes=\"auto, (max-width: 530px) 100vw, 530px\" \/><figcaption id=\"caption-attachment-73876\" class=\"wp-caption-text\">NUESTRAS BELLAS CHINITAS.- Con bellas chinitas y alegres huasos, as\u00ed se vivieron las Fiestas Patrias en nuestra comuna, durante todas estas actividades.<\/figcaption><\/figure>\n<figure id=\"attachment_73877\" aria-describedby=\"caption-attachment-73877\" style=\"width: 530px\" class=\"wp-caption alignnone\"><img data-recalc-dims=\"1\" loading=\"lazy\" decoding=\"async\" class=\"wp-image-73877 size-full\" src=\"https:\/\/i0.wp.com\/www.eltrabajo.cl\/portal\/wp-content\/uploads\/2016\/09\/osvaldo-gonzalez.jpg?resize=530%2C350\" alt=\"SIEMPRE OSVALDO.- El reputado artista sanfelipe\u00f1o, Osvaldo Gonz\u00e1lez, dio rienda suelta a su amor patrio durante este esquinazo ofrecido a las autoridades.\" width=\"530\" height=\"350\" srcset=\"https:\/\/i0.wp.com\/eltrabajo.cl\/portal\/wp-content\/uploads\/2016\/09\/osvaldo-gonzalez.jpg?w=530&amp;ssl=1 530w, https:\/\/i0.wp.com\/eltrabajo.cl\/portal\/wp-content\/uploads\/2016\/09\/osvaldo-gonzalez.jpg?resize=200%2C132&amp;ssl=1 200w, https:\/\/i0.wp.com\/eltrabajo.cl\/portal\/wp-content\/uploads\/2016\/09\/osvaldo-gonzalez.jpg?resize=300%2C198&amp;ssl=1 300w, https:\/\/i0.wp.com\/eltrabajo.cl\/portal\/wp-content\/uploads\/2016\/09\/osvaldo-gonzalez.jpg?resize=227%2C150&amp;ssl=1 227w, https:\/\/i0.wp.com\/eltrabajo.cl\/portal\/wp-content\/uploads\/2016\/09\/osvaldo-gonzalez.jpg?resize=400%2C264&amp;ssl=1 400w\" sizes=\"auto, (max-width: 530px) 100vw, 530px\" \/><figcaption id=\"caption-attachment-73877\" class=\"wp-caption-text\">SIEMPRE OSVALDO.- El reputado artista sanfelipe\u00f1o, Osvaldo Gonz\u00e1lez, dio rienda suelta a su amor patrio durante este esquinazo ofrecido a las autoridades.<\/figcaption><\/figure>\n<figure id=\"attachment_73875\" aria-describedby=\"caption-attachment-73875\" style=\"width: 530px\" class=\"wp-caption alignnone\"><img data-recalc-dims=\"1\" loading=\"lazy\" decoding=\"async\" class=\"wp-image-73875 size-full\" src=\"https:\/\/i0.wp.com\/www.eltrabajo.cl\/portal\/wp-content\/uploads\/2016\/09\/Medallas.jpg?resize=530%2C350\" alt=\"SOLDADOS PREMIADOS.- El gobernador Eduardo Le\u00f3n entreg\u00f3 medallas a los soldados conscriptos: Cristopher Canales Reyes, Jos\u00e9 Figueroa Morales, Kevin Yenkal, Cristina D\u00edaz y Dylan Soto.\" width=\"530\" height=\"350\" srcset=\"https:\/\/i0.wp.com\/eltrabajo.cl\/portal\/wp-content\/uploads\/2016\/09\/Medallas.jpg?w=530&amp;ssl=1 530w, https:\/\/i0.wp.com\/eltrabajo.cl\/portal\/wp-content\/uploads\/2016\/09\/Medallas.jpg?resize=200%2C132&amp;ssl=1 200w, https:\/\/i0.wp.com\/eltrabajo.cl\/portal\/wp-content\/uploads\/2016\/09\/Medallas.jpg?resize=300%2C198&amp;ssl=1 300w, https:\/\/i0.wp.com\/eltrabajo.cl\/portal\/wp-content\/uploads\/2016\/09\/Medallas.jpg?resize=227%2C150&amp;ssl=1 227w, https:\/\/i0.wp.com\/eltrabajo.cl\/portal\/wp-content\/uploads\/2016\/09\/Medallas.jpg?resize=400%2C264&amp;ssl=1 400w\" sizes=\"auto, (max-width: 530px) 100vw, 530px\" \/><figcaption id=\"caption-attachment-73875\" class=\"wp-caption-text\">SOLDADOS PREMIADOS.- El gobernador Eduardo Le\u00f3n entreg\u00f3 medallas a los soldados conscriptos: Cristopher Canales Reyes, Jos\u00e9 Figueroa Morales, Kevin Yenkal, Cristina D\u00edaz y Dylan Soto.<\/figcaption><\/figure>\n<figure id=\"attachment_73874\" aria-describedby=\"caption-attachment-73874\" style=\"width: 530px\" class=\"wp-caption alignnone\"><img data-recalc-dims=\"1\" loading=\"lazy\" decoding=\"async\" class=\"wp-image-73874 size-full\" src=\"https:\/\/i0.wp.com\/www.eltrabajo.cl\/portal\/wp-content\/uploads\/2016\/09\/Estandarte1.jpg?resize=530%2C349\" alt=\"NUEVO ESTANDARTE.- El alcalde Patricio Freire hizo entrega al Regimiento Yungay N\u00ba3, de un nuevo estandarte para esa unidad militar.\" width=\"530\" height=\"349\" srcset=\"https:\/\/i0.wp.com\/eltrabajo.cl\/portal\/wp-content\/uploads\/2016\/09\/Estandarte1.jpg?w=530&amp;ssl=1 530w, https:\/\/i0.wp.com\/eltrabajo.cl\/portal\/wp-content\/uploads\/2016\/09\/Estandarte1.jpg?resize=200%2C132&amp;ssl=1 200w, https:\/\/i0.wp.com\/eltrabajo.cl\/portal\/wp-content\/uploads\/2016\/09\/Estandarte1.jpg?resize=300%2C198&amp;ssl=1 300w, https:\/\/i0.wp.com\/eltrabajo.cl\/portal\/wp-content\/uploads\/2016\/09\/Estandarte1.jpg?resize=228%2C150&amp;ssl=1 228w, https:\/\/i0.wp.com\/eltrabajo.cl\/portal\/wp-content\/uploads\/2016\/09\/Estandarte1.jpg?resize=400%2C263&amp;ssl=1 400w\" sizes=\"auto, (max-width: 530px) 100vw, 530px\" \/><figcaption id=\"caption-attachment-73874\" class=\"wp-caption-text\">NUEVO ESTANDARTE.- El alcalde Patricio Freire hizo entrega al Regimiento Yungay N\u00ba3, de un nuevo estandarte para esa unidad militar.<\/figcaption><\/figure>\n","protected":false},"excerpt":{"rendered":"<p>Con bombos y platillos, frente a la Plaza de Armas, este domingo en la ciudad de San Felipe, fueron celebradas las galas de Fiestas Patrias y de Glorias del Ej\u00e9rcito de nuestro&#8230;<\/p>\n","protected":false},"author":482,"featured_media":73873,"comment_status":"open","ping_status":"open","sticky":false,"template":"","format":"standard","meta":{"advanced_seo_description":"","jetpack_seo_html_title":"","jetpack_seo_noindex":false,"_jetpack_memberships_contains_paid_content":false,"footnotes":""},"categories":[15],"tags":[],"class_list":["post-73872","post","type-post","status-publish","format-standard","has-post-thumbnail","hentry","category-comunidad"],"jetpack_featured_media_url":"https:\/\/i0.wp.com\/eltrabajo.cl\/portal\/wp-content\/uploads\/2016\/09\/Candor1.jpg?fit=530%2C350&ssl=1","jetpack_sharing_enabled":true,"jetpack_likes_enabled":true,"jetpack-related-posts":[],"_links":{"self":[{"href":"https:\/\/eltrabajo.cl\/portal\/wp-json\/wp\/v2\/posts\/73872","targetHints":{"allow":["GET"]}}],"collection":[{"href":"https:\/\/eltrabajo.cl\/portal\/wp-json\/wp\/v2\/posts"}],"about":[{"href":"https:\/\/eltrabajo.cl\/portal\/wp-json\/wp\/v2\/types\/post"}],"author":[{"embeddable":true,"href":"https:\/\/eltrabajo.cl\/portal\/wp-json\/wp\/v2\/users\/482"}],"replies":[{"embeddable":true,"href":"https:\/\/eltrabajo.cl\/portal\/wp-json\/wp\/v2\/comments?post=73872"}],"version-history":[{"count":0,"href":"https:\/\/eltrabajo.cl\/portal\/wp-json\/wp\/v2\/posts\/73872\/revisions"}],"wp:featuredmedia":[{"embeddable":true,"href":"https:\/\/eltrabajo.cl\/portal\/wp-json\/wp\/v2\/media\/73873"}],"wp:attachment":[{"href":"https:\/\/eltrabajo.cl\/portal\/wp-json\/wp\/v2\/media?parent=73872"}],"wp:term":[{"taxonomy":"category","embeddable":true,"href":"https:\/\/eltrabajo.cl\/portal\/wp-json\/wp\/v2\/categories?post=73872"},{"taxonomy":"post_tag","embeddable":true,"href":"https:\/\/eltrabajo.cl\/portal\/wp-json\/wp\/v2\/tags?post=73872"}],"curies":[{"name":"wp","href":"https:\/\/api.w.org\/{rel}","templated":true}]}}