{"id":73898,"date":"2016-09-21T08:40:13","date_gmt":"2016-09-21T11:40:13","guid":{"rendered":"http:\/\/www.eltrabajo.cl\/portal\/?p=73898"},"modified":"2016-09-21T08:41:22","modified_gmt":"2016-09-21T11:41:22","slug":"en-putaendo-resiste-estan-indignados-con-instituciones-medioambientales","status":"publish","type":"post","link":"https:\/\/eltrabajo.cl\/portal\/en-putaendo-resiste-estan-indignados-con-instituciones-medioambientales\/","title":{"rendered":"En Putaendo Resiste est\u00e1n indignados con instituciones medioambientales"},"content":{"rendered":"<ul>\n<li><strong><span style=\"color: #ff0000;\">Coordinadora asegura que sondajes produjeron afloramientos de aguas subterr\u00e1neas:<\/span>\u00a0Miembros de la agrupaci\u00f3n, molestos con la actitud que mostraron las entidades estatales durante una visita realizada al sector Las Tejas, el jueves 15 de septiembre.<\/strong><\/li>\n<\/ul>\n<p>La Coordinadora Putaendo Resiste -agrupaci\u00f3n ambientalista, preocupada de velar por la preservaci\u00f3n del ecosistema afectado por la gran miner\u00eda en la comuna-, se mostr\u00f3 muy contrariada, luego de una visita realizada el jueves pasado por el Servicio Nacional de Geolog\u00eda y Miner\u00eda, Sernageomin y la Superintendencia del Medio Ambiente al sector Las Tejas, inspecci\u00f3n que para los ambientalistas, no tuvo ning\u00fan resultado esperanzador para la comunidad putaendina.<br \/>\nAs\u00ed lo inform\u00f3 Gast\u00f3n Arancibia, dirigente de la Junta de Vecinos de Los Patos, quien logr\u00f3 acompa\u00f1ar el recorrido realizado por las autoridades, aunque -seg\u00fan asegur\u00f3- fueron avisados de la visita s\u00f3lo media hora antes de ejecutarla.<br \/>\n\u201cQueremos expresar nuestra molestia, respecto de la \u00faltima visita inspectiva realizada a la minera Andes Cooper (\u2026) quedaron de avisarnos con tiempo para que pudi\u00e9ramos asistir a esta reuni\u00f3n, de todas formas yo pude ir con otra persona de nuestro movimiento y corroboramos que durante la inspecci\u00f3n no se le hizo an\u00e1lisis al agua y lo m\u00e1s grave es que el R\u00edo Roc\u00edn est\u00e1 da\u00f1ado en su orilla por sondajes\u201d, afirm\u00f3 Arancibia.<br \/>\nDel mismo modo, el integrante de Putaendo Resiste, asegur\u00f3 que en la oportunidad, la Superintendencia de Medio Ambiente, se dedic\u00f3 a justificar a la minera, diciendo que quiz\u00e1s otro rio era el que tra\u00eda aguas contaminadas: \u201cPor suerte no pasa el Mapocho cerca, porque habr\u00edan echado la culpa al Mapocho, defendiendo a la minera, argumentando que los an\u00e1lisis que hab\u00edan salido alterados pod\u00edan ser de otro afluente\u201d, insisti\u00f3 Arancibia.<br \/>\n\u201cEllos (Andes Cooper) hicieron sondajes a la orilla del R\u00edo y est\u00e1 brotando el agua desde las napas subterr\u00e1neas, realizaron captaciones de agua donde no ten\u00edan que hacer y ac\u00e1 la institucionalidad est\u00e1 haciendo vista gorda a todo este da\u00f1o que nos va a presentar la minera a corto plazo a nuestra comuna\u201d, expuso el putaendino.<br \/>\nAnte este escenario, Putaendo Resiste, se acerc\u00f3 hasta la Gobernaci\u00f3n Provincial de San Felipe, para dar a conocer esta situaci\u00f3n, que de acuerdo con Lorena V\u00e9liz, integrante de la Coordinadora y vecina del sector de Guzmanes, se basa en la preocupaci\u00f3n que existe en torno a c\u00f3mo la Instituciones del Estado, desconocen la preocupaci\u00f3n existente, no s\u00f3lo en este movimiento ambientalista, sino tambi\u00e9n, en particulares de la comuna.<br \/>\n\u201cNo es que nosotros no queramos desarrollo, en efecto, nosotros vivimos mucho tiempo en Putaendo o somos oriundos de la comuna y lo que m\u00e1s queremos es que siendo una capital patrimonial, tenga un desarrollo sustentable, y sabemos que la miner\u00eda no produce ese desarrollo, eso ha quedado demostrado en otros lugares de Chile, donde hay valles enteros destruidos y en el caso de Putaendo son 5 grandes proyectos que van a destruir la \u00fanica fuente de agua pura y relativamente saludable que tiene el Valle de Aconcagua\u201d, a\u00f1adi\u00f3 V\u00e9liz.<br \/>\nFinalmente, Jes\u00fas Castillo, vocero de Putaendo Resiste, hizo \u00e9nfasis en que los sondajes realizados por la empresa Vizcachitas, provoc\u00f3 un tremendo da\u00f1o a las napas subterr\u00e1neas y que los an\u00e1lisis de agua realizados por la Direcci\u00f3n General de Aguas, DGA, los cuales, indicaban que no hab\u00eda contaminaci\u00f3n en el R\u00edo, confirman el impacto que tiene la industria minera al momento de estar funcionando, puesto que, al momento de realizar los an\u00e1lisis h\u00eddricos, los sondajes ya estaban detenidos hace pr\u00e1cticamente un a\u00f1o.<br \/>\n\u201cLos estudios entregados por la DGA, que han salido normales respecto de la presencia de minerales y componentes qu\u00edmicos del agua, vienen a develar una cuesti\u00f3n relevante, que es que, cuando las faenas mineras se encuentran en el sector de Las Tejas, espec\u00edficamente los sondajes que hace Andes Cooper, es evidente como sube la contaminaci\u00f3n de nuestro R\u00edo con la presencia de minerales como Manganeso y Aluminio, es evidente que cuando la empresa no est\u00e1 trabajando el agua se encuentra normal\u201d, puntualiz\u00f3 Castillo.<\/p>\n<figure id=\"attachment_73899\" aria-describedby=\"caption-attachment-73899\" style=\"width: 530px\" class=\"wp-caption alignleft\"><a href=\"http:\/\/www.eltrabajo.cl\/portal\/en-putaendo-resiste-estan-indignados-con-instituciones-medioambientales\/miembrosde-putaendoresiste\/\" rel=\"attachment wp-att-73899\"><img data-recalc-dims=\"1\" loading=\"lazy\" decoding=\"async\" class=\"size-full wp-image-73899\" src=\"https:\/\/i0.wp.com\/www.eltrabajo.cl\/portal\/wp-content\/uploads\/2016\/09\/Miembrosde-PutaendoResiste.jpg?resize=530%2C349\" alt=\"Lorena V\u00e9liz, Gast\u00f3n Arancibia y Jes\u00fas Castillo.\" width=\"530\" height=\"349\" srcset=\"https:\/\/i0.wp.com\/eltrabajo.cl\/portal\/wp-content\/uploads\/2016\/09\/Miembrosde-PutaendoResiste.jpg?w=530&amp;ssl=1 530w, https:\/\/i0.wp.com\/eltrabajo.cl\/portal\/wp-content\/uploads\/2016\/09\/Miembrosde-PutaendoResiste.jpg?resize=200%2C132&amp;ssl=1 200w, https:\/\/i0.wp.com\/eltrabajo.cl\/portal\/wp-content\/uploads\/2016\/09\/Miembrosde-PutaendoResiste.jpg?resize=300%2C198&amp;ssl=1 300w, https:\/\/i0.wp.com\/eltrabajo.cl\/portal\/wp-content\/uploads\/2016\/09\/Miembrosde-PutaendoResiste.jpg?resize=228%2C150&amp;ssl=1 228w, https:\/\/i0.wp.com\/eltrabajo.cl\/portal\/wp-content\/uploads\/2016\/09\/Miembrosde-PutaendoResiste.jpg?resize=400%2C263&amp;ssl=1 400w\" sizes=\"auto, (max-width: 530px) 100vw, 530px\" \/><\/a><figcaption id=\"caption-attachment-73899\" class=\"wp-caption-text\">Lorena V\u00e9liz, Gast\u00f3n Arancibia y Jes\u00fas Castillo.<\/figcaption><\/figure>\n<figure id=\"attachment_73900\" aria-describedby=\"caption-attachment-73900\" style=\"width: 530px\" class=\"wp-caption alignleft\"><a href=\"http:\/\/www.eltrabajo.cl\/portal\/en-putaendo-resiste-estan-indignados-con-instituciones-medioambientales\/sondajes-de-andes-cooper\/\" rel=\"attachment wp-att-73900\"><img data-recalc-dims=\"1\" loading=\"lazy\" decoding=\"async\" class=\"size-full wp-image-73900\" src=\"https:\/\/i0.wp.com\/www.eltrabajo.cl\/portal\/wp-content\/uploads\/2016\/09\/Sondajes-de-Andes-Cooper.jpg?resize=530%2C349\" alt=\"Sondajes de Andes Cooper en el Sector Las Tinajas, habr\u00edan provocado el afloramiento de aguas provenientes de napas subterr\u00e1neas.\" width=\"530\" height=\"349\" srcset=\"https:\/\/i0.wp.com\/eltrabajo.cl\/portal\/wp-content\/uploads\/2016\/09\/Sondajes-de-Andes-Cooper.jpg?w=530&amp;ssl=1 530w, https:\/\/i0.wp.com\/eltrabajo.cl\/portal\/wp-content\/uploads\/2016\/09\/Sondajes-de-Andes-Cooper.jpg?resize=200%2C132&amp;ssl=1 200w, https:\/\/i0.wp.com\/eltrabajo.cl\/portal\/wp-content\/uploads\/2016\/09\/Sondajes-de-Andes-Cooper.jpg?resize=300%2C198&amp;ssl=1 300w, https:\/\/i0.wp.com\/eltrabajo.cl\/portal\/wp-content\/uploads\/2016\/09\/Sondajes-de-Andes-Cooper.jpg?resize=228%2C150&amp;ssl=1 228w, https:\/\/i0.wp.com\/eltrabajo.cl\/portal\/wp-content\/uploads\/2016\/09\/Sondajes-de-Andes-Cooper.jpg?resize=400%2C263&amp;ssl=1 400w\" sizes=\"auto, (max-width: 530px) 100vw, 530px\" \/><\/a><figcaption id=\"caption-attachment-73900\" class=\"wp-caption-text\">Sondajes de Andes Cooper en el Sector Las Tinajas, habr\u00edan provocado el afloramiento de aguas provenientes de napas subterr\u00e1neas.<\/figcaption><\/figure>\n","protected":false},"excerpt":{"rendered":"<p>Coordinadora asegura que sondajes produjeron afloramientos de aguas subterr\u00e1neas:\u00a0Miembros de la agrupaci\u00f3n, molestos con la actitud que mostraron las entidades estatales durante una visita realizada al sector Las Tejas, el jueves 15&#8230;<\/p>\n","protected":false},"author":1,"featured_media":73900,"comment_status":"open","ping_status":"open","sticky":false,"template":"","format":"standard","meta":{"advanced_seo_description":"","jetpack_seo_html_title":"","jetpack_seo_noindex":false,"_jetpack_memberships_contains_paid_content":false,"footnotes":""},"categories":[15],"tags":[],"class_list":["post-73898","post","type-post","status-publish","format-standard","has-post-thumbnail","hentry","category-comunidad"],"jetpack_featured_media_url":"https:\/\/i0.wp.com\/eltrabajo.cl\/portal\/wp-content\/uploads\/2016\/09\/Sondajes-de-Andes-Cooper.jpg?fit=530%2C349&ssl=1","jetpack_sharing_enabled":true,"jetpack_likes_enabled":true,"jetpack-related-posts":[],"_links":{"self":[{"href":"https:\/\/eltrabajo.cl\/portal\/wp-json\/wp\/v2\/posts\/73898","targetHints":{"allow":["GET"]}}],"collection":[{"href":"https:\/\/eltrabajo.cl\/portal\/wp-json\/wp\/v2\/posts"}],"about":[{"href":"https:\/\/eltrabajo.cl\/portal\/wp-json\/wp\/v2\/types\/post"}],"author":[{"embeddable":true,"href":"https:\/\/eltrabajo.cl\/portal\/wp-json\/wp\/v2\/users\/1"}],"replies":[{"embeddable":true,"href":"https:\/\/eltrabajo.cl\/portal\/wp-json\/wp\/v2\/comments?post=73898"}],"version-history":[{"count":0,"href":"https:\/\/eltrabajo.cl\/portal\/wp-json\/wp\/v2\/posts\/73898\/revisions"}],"wp:featuredmedia":[{"embeddable":true,"href":"https:\/\/eltrabajo.cl\/portal\/wp-json\/wp\/v2\/media\/73900"}],"wp:attachment":[{"href":"https:\/\/eltrabajo.cl\/portal\/wp-json\/wp\/v2\/media?parent=73898"}],"wp:term":[{"taxonomy":"category","embeddable":true,"href":"https:\/\/eltrabajo.cl\/portal\/wp-json\/wp\/v2\/categories?post=73898"},{"taxonomy":"post_tag","embeddable":true,"href":"https:\/\/eltrabajo.cl\/portal\/wp-json\/wp\/v2\/tags?post=73898"}],"curies":[{"name":"wp","href":"https:\/\/api.w.org\/{rel}","templated":true}]}}