{"id":73910,"date":"2016-09-21T08:45:13","date_gmt":"2016-09-21T11:45:13","guid":{"rendered":"http:\/\/www.eltrabajo.cl\/portal\/?p=73910"},"modified":"2016-09-21T08:45:14","modified_gmt":"2016-09-21T11:45:14","slug":"comidas-cueca-y-juegos-en-jardin-infantil-nuestro-sueno","status":"publish","type":"post","link":"https:\/\/eltrabajo.cl\/portal\/comidas-cueca-y-juegos-en-jardin-infantil-nuestro-sueno\/","title":{"rendered":"Comidas, cueca y juegos en Jard\u00edn Infantil Nuestro Sue\u00f1o"},"content":{"rendered":"<p>Ayer en horas de la tarde, en el Jard\u00edn Infantil Nuestro Sue\u00f1o (PMI Junji) que opera en La Troya desde hace m\u00e1s de 20 a\u00f1os, se realiz\u00f3 una especial jornada folcl\u00f3rica, en la que los 20 peque\u00f1itos de esa unidad educativa y sus apoderados, celebraron una peque\u00f1a pero deliciosa muestra culinaria para despedir las Fiestas Patrias.<br \/>\nDiario El Trabajo visit\u00f3 esa casa infantil para hacer las fotos que hoy les compartimos a nuestros lectores, a esta peque\u00f1a Fiesta de La Chilenidad, asistieron en calidad de invitados especiales el dideco Pablo Silva y la concejal Jeannette Sotomayor.<br \/>\n\u00abEsta es una buena oportunidad para agradecer tambi\u00e9n todo el apoyo que el presidente de la junta vecinal de La Troya, Oscar Valencia, viene realizando en beneficio de esta comunidad infantil. Tambi\u00e9n a mi asistente, la se\u00f1orita Jeremy Ibacache, quien siempre est\u00e1 atenta a lo que pase\u00bb, explic\u00f3 a nuestro medio la directora del Jard\u00edn, Jeannette Santander.<\/p>\n<figure id=\"attachment_73911\" aria-describedby=\"caption-attachment-73911\" style=\"width: 530px\" class=\"wp-caption alignleft\"><a href=\"http:\/\/www.eltrabajo.cl\/portal\/comidas-cueca-y-juegos-en-jardin-infantil-nuestro-sueno\/troya1-4\/\" rel=\"attachment wp-att-73911\"><img data-recalc-dims=\"1\" loading=\"lazy\" decoding=\"async\" class=\"size-full wp-image-73911\" src=\"https:\/\/i0.wp.com\/www.eltrabajo.cl\/portal\/wp-content\/uploads\/2016\/09\/Troya1.jpg?resize=530%2C349\" alt=\"BUEN APETITO.- Toda la peque\u00f1a comunidad de este jard\u00edn infantil se apresur\u00f3 para mostrar a las c\u00e1maras de Diario El Trabajo las ricas comidas.\" width=\"530\" height=\"349\" srcset=\"https:\/\/i0.wp.com\/eltrabajo.cl\/portal\/wp-content\/uploads\/2016\/09\/Troya1.jpg?w=530&amp;ssl=1 530w, https:\/\/i0.wp.com\/eltrabajo.cl\/portal\/wp-content\/uploads\/2016\/09\/Troya1.jpg?resize=200%2C132&amp;ssl=1 200w, https:\/\/i0.wp.com\/eltrabajo.cl\/portal\/wp-content\/uploads\/2016\/09\/Troya1.jpg?resize=300%2C198&amp;ssl=1 300w, https:\/\/i0.wp.com\/eltrabajo.cl\/portal\/wp-content\/uploads\/2016\/09\/Troya1.jpg?resize=228%2C150&amp;ssl=1 228w, https:\/\/i0.wp.com\/eltrabajo.cl\/portal\/wp-content\/uploads\/2016\/09\/Troya1.jpg?resize=400%2C263&amp;ssl=1 400w\" sizes=\"auto, (max-width: 530px) 100vw, 530px\" \/><\/a><figcaption id=\"caption-attachment-73911\" class=\"wp-caption-text\">BUEN APETITO.- Toda la peque\u00f1a comunidad de este jard\u00edn infantil se apresur\u00f3 para mostrar a las c\u00e1maras de Diario El Trabajo las ricas comidas.<\/figcaption><\/figure>\n<figure id=\"attachment_73912\" aria-describedby=\"caption-attachment-73912\" style=\"width: 530px\" class=\"wp-caption alignleft\"><a href=\"http:\/\/www.eltrabajo.cl\/portal\/comidas-cueca-y-juegos-en-jardin-infantil-nuestro-sueno\/troya2-2\/\" rel=\"attachment wp-att-73912\"><img data-recalc-dims=\"1\" loading=\"lazy\" decoding=\"async\" class=\"size-full wp-image-73912\" src=\"https:\/\/i0.wp.com\/www.eltrabajo.cl\/portal\/wp-content\/uploads\/2016\/09\/Troya2.jpg?resize=530%2C350\" alt=\"LOS DUE\u00d1OS DE CASA.- Aqu\u00ed tenemos a las estrellas del jard\u00edn, son peque\u00f1itos de dos a cinco a\u00f1os los que son atendidos en ese lugar.\" width=\"530\" height=\"350\" srcset=\"https:\/\/i0.wp.com\/eltrabajo.cl\/portal\/wp-content\/uploads\/2016\/09\/Troya2.jpg?w=530&amp;ssl=1 530w, https:\/\/i0.wp.com\/eltrabajo.cl\/portal\/wp-content\/uploads\/2016\/09\/Troya2.jpg?resize=200%2C132&amp;ssl=1 200w, https:\/\/i0.wp.com\/eltrabajo.cl\/portal\/wp-content\/uploads\/2016\/09\/Troya2.jpg?resize=300%2C198&amp;ssl=1 300w, https:\/\/i0.wp.com\/eltrabajo.cl\/portal\/wp-content\/uploads\/2016\/09\/Troya2.jpg?resize=227%2C150&amp;ssl=1 227w, https:\/\/i0.wp.com\/eltrabajo.cl\/portal\/wp-content\/uploads\/2016\/09\/Troya2.jpg?resize=400%2C264&amp;ssl=1 400w\" sizes=\"auto, (max-width: 530px) 100vw, 530px\" \/><\/a><figcaption id=\"caption-attachment-73912\" class=\"wp-caption-text\">LOS DUE\u00d1OS DE CASA.- Aqu\u00ed tenemos a las estrellas del jard\u00edn, son peque\u00f1itos de dos a cinco a\u00f1os los que son atendidos en ese lugar.<\/figcaption><\/figure>\n","protected":false},"excerpt":{"rendered":"<p>Ayer en horas de la tarde, en el Jard\u00edn Infantil Nuestro Sue\u00f1o (PMI Junji) que opera en La Troya desde hace m\u00e1s de 20 a\u00f1os, se realiz\u00f3 una especial jornada folcl\u00f3rica, en&#8230;<\/p>\n","protected":false},"author":1,"featured_media":73912,"comment_status":"open","ping_status":"open","sticky":false,"template":"","format":"standard","meta":{"advanced_seo_description":"","jetpack_seo_html_title":"","jetpack_seo_noindex":false,"_jetpack_memberships_contains_paid_content":false,"footnotes":""},"categories":[15],"tags":[],"class_list":["post-73910","post","type-post","status-publish","format-standard","has-post-thumbnail","hentry","category-comunidad"],"jetpack_featured_media_url":"https:\/\/i0.wp.com\/eltrabajo.cl\/portal\/wp-content\/uploads\/2016\/09\/Troya2.jpg?fit=530%2C350&ssl=1","jetpack_sharing_enabled":true,"jetpack_likes_enabled":true,"jetpack-related-posts":[],"_links":{"self":[{"href":"https:\/\/eltrabajo.cl\/portal\/wp-json\/wp\/v2\/posts\/73910","targetHints":{"allow":["GET"]}}],"collection":[{"href":"https:\/\/eltrabajo.cl\/portal\/wp-json\/wp\/v2\/posts"}],"about":[{"href":"https:\/\/eltrabajo.cl\/portal\/wp-json\/wp\/v2\/types\/post"}],"author":[{"embeddable":true,"href":"https:\/\/eltrabajo.cl\/portal\/wp-json\/wp\/v2\/users\/1"}],"replies":[{"embeddable":true,"href":"https:\/\/eltrabajo.cl\/portal\/wp-json\/wp\/v2\/comments?post=73910"}],"version-history":[{"count":0,"href":"https:\/\/eltrabajo.cl\/portal\/wp-json\/wp\/v2\/posts\/73910\/revisions"}],"wp:featuredmedia":[{"embeddable":true,"href":"https:\/\/eltrabajo.cl\/portal\/wp-json\/wp\/v2\/media\/73912"}],"wp:attachment":[{"href":"https:\/\/eltrabajo.cl\/portal\/wp-json\/wp\/v2\/media?parent=73910"}],"wp:term":[{"taxonomy":"category","embeddable":true,"href":"https:\/\/eltrabajo.cl\/portal\/wp-json\/wp\/v2\/categories?post=73910"},{"taxonomy":"post_tag","embeddable":true,"href":"https:\/\/eltrabajo.cl\/portal\/wp-json\/wp\/v2\/tags?post=73910"}],"curies":[{"name":"wp","href":"https:\/\/api.w.org\/{rel}","templated":true}]}}