{"id":73915,"date":"2016-09-21T08:48:26","date_gmt":"2016-09-21T11:48:26","guid":{"rendered":"http:\/\/www.eltrabajo.cl\/portal\/?p=73915"},"modified":"2016-09-21T08:48:26","modified_gmt":"2016-09-21T11:48:26","slug":"fiesta-de-la-chilenidad-con-nota-7-en-el-cecosf-padre-hugo-cornelissen","status":"publish","type":"post","link":"https:\/\/eltrabajo.cl\/portal\/fiesta-de-la-chilenidad-con-nota-7-en-el-cecosf-padre-hugo-cornelissen\/","title":{"rendered":"Fiesta de la Chilenidad con Nota 7 en el Cecosf Padre Hugo Cornelissen"},"content":{"rendered":"<p>Toda una alegre jornada es la que se vivi\u00f3 con bailes, comidas t\u00edpicas y juegos tradicionales, en el Cecosf Padre Hugo Cornelissen en Calle Vergara, sector Quebrada Herrera, con motivo de las celebraciones de nuestras Fiestas Patrias. En la ocasi\u00f3n, participaron de los pies de cueca los mismos usuarios y voluntarios del centro de salud.<br \/>\nDiario El Trabajo tambi\u00e9n tom\u00f3 registro gr\u00e1fico de la actividad, en la que algunos vecinos presentaron juegos como el emboque y buena serenata. Hubo tambi\u00e9n comidas preparadas por los mismos usuarios y monitoras del Club Amigos del CCR y vecinos de Poblaci\u00f3n 21 de Mayo.<\/p>\n<figure id=\"attachment_73916\" aria-describedby=\"caption-attachment-73916\" style=\"width: 530px\" class=\"wp-caption alignleft\"><a href=\"http:\/\/www.eltrabajo.cl\/portal\/fiesta-de-la-chilenidad-con-nota-7-en-el-cecosf-padre-hugo-cornelissen\/chilenidad1\/\" rel=\"attachment wp-att-73916\"><img data-recalc-dims=\"1\" loading=\"lazy\" decoding=\"async\" class=\"size-full wp-image-73916\" src=\"https:\/\/i0.wp.com\/www.eltrabajo.cl\/portal\/wp-content\/uploads\/2016\/09\/Chilenidad1.jpg?resize=530%2C350\" alt=\"SIEMPRE BELLAS.- Estas bellas funcionarias y voluntarias del Cecosf alegraron la actividad con sus alegres bailes.\" width=\"530\" height=\"350\" srcset=\"https:\/\/i0.wp.com\/eltrabajo.cl\/portal\/wp-content\/uploads\/2016\/09\/Chilenidad1.jpg?w=530&amp;ssl=1 530w, https:\/\/i0.wp.com\/eltrabajo.cl\/portal\/wp-content\/uploads\/2016\/09\/Chilenidad1.jpg?resize=200%2C132&amp;ssl=1 200w, https:\/\/i0.wp.com\/eltrabajo.cl\/portal\/wp-content\/uploads\/2016\/09\/Chilenidad1.jpg?resize=300%2C198&amp;ssl=1 300w, https:\/\/i0.wp.com\/eltrabajo.cl\/portal\/wp-content\/uploads\/2016\/09\/Chilenidad1.jpg?resize=227%2C150&amp;ssl=1 227w, https:\/\/i0.wp.com\/eltrabajo.cl\/portal\/wp-content\/uploads\/2016\/09\/Chilenidad1.jpg?resize=400%2C264&amp;ssl=1 400w\" sizes=\"auto, (max-width: 530px) 100vw, 530px\" \/><\/a><figcaption id=\"caption-attachment-73916\" class=\"wp-caption-text\">SIEMPRE BELLAS.- Estas bellas funcionarias y voluntarias del Cecosf alegraron la actividad con sus alegres bailes.<\/figcaption><\/figure>\n<figure id=\"attachment_73917\" aria-describedby=\"caption-attachment-73917\" style=\"width: 530px\" class=\"wp-caption alignleft\"><a href=\"http:\/\/www.eltrabajo.cl\/portal\/fiesta-de-la-chilenidad-con-nota-7-en-el-cecosf-padre-hugo-cornelissen\/chilenidad2\/\" rel=\"attachment wp-att-73917\"><img data-recalc-dims=\"1\" loading=\"lazy\" decoding=\"async\" class=\"size-full wp-image-73917\" src=\"https:\/\/i0.wp.com\/www.eltrabajo.cl\/portal\/wp-content\/uploads\/2016\/09\/Chilenidad2.jpg?resize=530%2C349\" alt=\"UNA GRAN FAMILIA.- Esta es una de las comunidades de la Red Salud Municipal m\u00e1s unidas en nuestra comuna.\" width=\"530\" height=\"349\" srcset=\"https:\/\/i0.wp.com\/eltrabajo.cl\/portal\/wp-content\/uploads\/2016\/09\/Chilenidad2.jpg?w=530&amp;ssl=1 530w, https:\/\/i0.wp.com\/eltrabajo.cl\/portal\/wp-content\/uploads\/2016\/09\/Chilenidad2.jpg?resize=200%2C132&amp;ssl=1 200w, https:\/\/i0.wp.com\/eltrabajo.cl\/portal\/wp-content\/uploads\/2016\/09\/Chilenidad2.jpg?resize=300%2C198&amp;ssl=1 300w, https:\/\/i0.wp.com\/eltrabajo.cl\/portal\/wp-content\/uploads\/2016\/09\/Chilenidad2.jpg?resize=228%2C150&amp;ssl=1 228w, https:\/\/i0.wp.com\/eltrabajo.cl\/portal\/wp-content\/uploads\/2016\/09\/Chilenidad2.jpg?resize=400%2C263&amp;ssl=1 400w\" sizes=\"auto, (max-width: 530px) 100vw, 530px\" \/><\/a><figcaption id=\"caption-attachment-73917\" class=\"wp-caption-text\">UNA GRAN FAMILIA.- Esta es una de las comunidades de la Red Salud Municipal m\u00e1s unidas en nuestra comuna.<\/figcaption><\/figure>\n<figure id=\"attachment_73918\" aria-describedby=\"caption-attachment-73918\" style=\"width: 530px\" class=\"wp-caption alignleft\"><a href=\"http:\/\/www.eltrabajo.cl\/portal\/fiesta-de-la-chilenidad-con-nota-7-en-el-cecosf-padre-hugo-cornelissen\/juan-manuel-lagos\/\" rel=\"attachment wp-att-73918\"><img data-recalc-dims=\"1\" loading=\"lazy\" decoding=\"async\" class=\"size-full wp-image-73918\" src=\"https:\/\/i0.wp.com\/www.eltrabajo.cl\/portal\/wp-content\/uploads\/2016\/09\/Juan-Manuel-Lagos.jpg?resize=530%2C348\" alt=\"EL EMBOQUE.- Juan Manuel Lagos muestra a Diario El Trabajo c\u00f3mo se juega el Emboque, juego tradicional de nuestro pa\u00eds.\" width=\"530\" height=\"348\" srcset=\"https:\/\/i0.wp.com\/eltrabajo.cl\/portal\/wp-content\/uploads\/2016\/09\/Juan-Manuel-Lagos.jpg?w=530&amp;ssl=1 530w, https:\/\/i0.wp.com\/eltrabajo.cl\/portal\/wp-content\/uploads\/2016\/09\/Juan-Manuel-Lagos.jpg?resize=200%2C131&amp;ssl=1 200w, https:\/\/i0.wp.com\/eltrabajo.cl\/portal\/wp-content\/uploads\/2016\/09\/Juan-Manuel-Lagos.jpg?resize=300%2C197&amp;ssl=1 300w, https:\/\/i0.wp.com\/eltrabajo.cl\/portal\/wp-content\/uploads\/2016\/09\/Juan-Manuel-Lagos.jpg?resize=228%2C150&amp;ssl=1 228w, https:\/\/i0.wp.com\/eltrabajo.cl\/portal\/wp-content\/uploads\/2016\/09\/Juan-Manuel-Lagos.jpg?resize=400%2C263&amp;ssl=1 400w\" sizes=\"auto, (max-width: 530px) 100vw, 530px\" \/><\/a><figcaption id=\"caption-attachment-73918\" class=\"wp-caption-text\">EL EMBOQUE.- Juan Manuel Lagos muestra a Diario El Trabajo c\u00f3mo se juega el Emboque, juego tradicional de nuestro pa\u00eds.<\/figcaption><\/figure>\n<figure id=\"attachment_73919\" aria-describedby=\"caption-attachment-73919\" style=\"width: 530px\" class=\"wp-caption alignleft\"><a href=\"http:\/\/www.eltrabajo.cl\/portal\/fiesta-de-la-chilenidad-con-nota-7-en-el-cecosf-padre-hugo-cornelissen\/luis-alfonso-ponce\/\" rel=\"attachment wp-att-73919\"><img data-recalc-dims=\"1\" loading=\"lazy\" decoding=\"async\" class=\"size-full wp-image-73919\" src=\"https:\/\/i0.wp.com\/www.eltrabajo.cl\/portal\/wp-content\/uploads\/2016\/09\/Luis-Alfonso-Ponce.jpg?resize=530%2C348\" alt=\"MUY ENAMORADO.- Tambi\u00e9n el vecino Luis Alfonso Ponce ofreci\u00f3 una serenata para las damas presentes, pues \u00e9l se confiesa un enamorado de la mujer y admirador de la m\u00fasica.\" width=\"530\" height=\"348\" srcset=\"https:\/\/i0.wp.com\/eltrabajo.cl\/portal\/wp-content\/uploads\/2016\/09\/Luis-Alfonso-Ponce.jpg?w=530&amp;ssl=1 530w, https:\/\/i0.wp.com\/eltrabajo.cl\/portal\/wp-content\/uploads\/2016\/09\/Luis-Alfonso-Ponce.jpg?resize=200%2C131&amp;ssl=1 200w, https:\/\/i0.wp.com\/eltrabajo.cl\/portal\/wp-content\/uploads\/2016\/09\/Luis-Alfonso-Ponce.jpg?resize=300%2C197&amp;ssl=1 300w, https:\/\/i0.wp.com\/eltrabajo.cl\/portal\/wp-content\/uploads\/2016\/09\/Luis-Alfonso-Ponce.jpg?resize=228%2C150&amp;ssl=1 228w, https:\/\/i0.wp.com\/eltrabajo.cl\/portal\/wp-content\/uploads\/2016\/09\/Luis-Alfonso-Ponce.jpg?resize=400%2C263&amp;ssl=1 400w\" sizes=\"auto, (max-width: 530px) 100vw, 530px\" \/><\/a><figcaption id=\"caption-attachment-73919\" class=\"wp-caption-text\">MUY ENAMORADO.- Tambi\u00e9n el vecino Luis Alfonso Ponce ofreci\u00f3 una serenata para las damas presentes, pues \u00e9l se confiesa un enamorado de la mujer y admirador de la m\u00fasica.<\/figcaption><\/figure>\n","protected":false},"excerpt":{"rendered":"<p>Toda una alegre jornada es la que se vivi\u00f3 con bailes, comidas t\u00edpicas y juegos tradicionales, en el Cecosf Padre Hugo Cornelissen en Calle Vergara, sector Quebrada Herrera, con motivo de las&#8230;<\/p>\n","protected":false},"author":1,"featured_media":73917,"comment_status":"open","ping_status":"open","sticky":false,"template":"","format":"standard","meta":{"advanced_seo_description":"","jetpack_seo_html_title":"","jetpack_seo_noindex":false,"_jetpack_memberships_contains_paid_content":false,"footnotes":""},"categories":[15],"tags":[],"class_list":["post-73915","post","type-post","status-publish","format-standard","has-post-thumbnail","hentry","category-comunidad"],"jetpack_featured_media_url":"https:\/\/i0.wp.com\/eltrabajo.cl\/portal\/wp-content\/uploads\/2016\/09\/Chilenidad2.jpg?fit=530%2C349&ssl=1","jetpack_sharing_enabled":true,"jetpack_likes_enabled":true,"jetpack-related-posts":[],"_links":{"self":[{"href":"https:\/\/eltrabajo.cl\/portal\/wp-json\/wp\/v2\/posts\/73915","targetHints":{"allow":["GET"]}}],"collection":[{"href":"https:\/\/eltrabajo.cl\/portal\/wp-json\/wp\/v2\/posts"}],"about":[{"href":"https:\/\/eltrabajo.cl\/portal\/wp-json\/wp\/v2\/types\/post"}],"author":[{"embeddable":true,"href":"https:\/\/eltrabajo.cl\/portal\/wp-json\/wp\/v2\/users\/1"}],"replies":[{"embeddable":true,"href":"https:\/\/eltrabajo.cl\/portal\/wp-json\/wp\/v2\/comments?post=73915"}],"version-history":[{"count":0,"href":"https:\/\/eltrabajo.cl\/portal\/wp-json\/wp\/v2\/posts\/73915\/revisions"}],"wp:featuredmedia":[{"embeddable":true,"href":"https:\/\/eltrabajo.cl\/portal\/wp-json\/wp\/v2\/media\/73917"}],"wp:attachment":[{"href":"https:\/\/eltrabajo.cl\/portal\/wp-json\/wp\/v2\/media?parent=73915"}],"wp:term":[{"taxonomy":"category","embeddable":true,"href":"https:\/\/eltrabajo.cl\/portal\/wp-json\/wp\/v2\/categories?post=73915"},{"taxonomy":"post_tag","embeddable":true,"href":"https:\/\/eltrabajo.cl\/portal\/wp-json\/wp\/v2\/tags?post=73915"}],"curies":[{"name":"wp","href":"https:\/\/api.w.org\/{rel}","templated":true}]}}