{"id":73922,"date":"2016-09-21T08:50:45","date_gmt":"2016-09-21T11:50:45","guid":{"rendered":"http:\/\/www.eltrabajo.cl\/portal\/?p=73922"},"modified":"2016-09-21T08:56:54","modified_gmt":"2016-09-21T11:56:54","slug":"demolicion-de-la-pergola-y-nueva-iluminacion-cambiaran-la-esquina-colorada","status":"publish","type":"post","link":"https:\/\/eltrabajo.cl\/portal\/demolicion-de-la-pergola-y-nueva-iluminacion-cambiaran-la-esquina-colorada\/","title":{"rendered":"Demolici\u00f3n de P\u00e9rgola y nueva iluminaci\u00f3n cambiar\u00e1n Esquina Colorada"},"content":{"rendered":"<ul>\n<li><strong>Inversi\u00f3n total de 100 millones de pesos contempl\u00f3 instalaci\u00f3n de juegos infantiles y remodelaci\u00f3n de bancas, a lo que se sumar\u00e1 en los pr\u00f3ximos 60 d\u00edas, la transformaci\u00f3n de la pileta en una jardinera y la construcci\u00f3n de una explanada libre para el tr\u00e1nsito de los vecinos<\/strong><\/li>\n<\/ul>\n<p>En un plazo no mayor a 60 d\u00edas, uno de los lugares m\u00e1s emblem\u00e1ticos de San Felipe sufrir\u00e1 un rotundo cambio de imagen. Se trata de la intersecci\u00f3n de Maip\u00fa con Chacabuco, popularmente conocida como \u2018Esquina Colorada\u2019, en donde se demoler\u00e1 la actual p\u00e9rgola existente en el lugar, se recuperar\u00e1 la pileta -transform\u00e1ndola en una jardinera- y se reiluminar\u00e1 el espacio, incluyendo los nuevos juegos infantiles.<br \/>\nLos trabajos pondr\u00e1n punto final a la intervenci\u00f3n \u2018Chacabuco para todas y todos\u2019, que adem\u00e1s consider\u00f3 la instalaci\u00f3n de 7 juegos infantiles y la reposici\u00f3n de unos 80 asientos antivand\u00e1licos, con una inversi\u00f3n total cercana a los 100 millones de pesos, recursos que se obtienen mediante los Fondos del Ministerio del Interior y del Plan de Seguridad P\u00fablica del municipio sanfelipe\u00f1o.<br \/>\nAs\u00ed lo ratific\u00f3 Alexis Guerrero, encargado del Plan de Seguridad P\u00fablica de San Felipe, quien asegur\u00f3 que con esta \u00faltima etapa de construcci\u00f3n, se obtendr\u00e1 una explanada libre y mejor iluminada, eliminando los problemas de incivilidad que se han cultivado en el sector durante el \u00faltimo tiempo<br \/>\n\u201cLa idea es que los vecinos sientan un espacio nuevo dentro de la comuna y que de una u otra manera, le den una mayor vitalidad a los bandejones de esta alameda. Adem\u00e1s la parte c\u00falmine es que el \u00e1rea de estos nuevos juegos infantiles que se han instalado, los vamos a iluminar y van a poder tener un mayor uso por los ni\u00f1os y ni\u00f1as\u201d, detall\u00f3 Guerrero.<br \/>\nFue el alcalde Patricio Freire el encargado de comenzar a demoler el concreto que sosten\u00eda la P\u00e9rgola, hecho que para el edil resulta sumamente importante, pues comienza a resolver una inquietud que nace precisamente de los vecinos y vecinas de la comuna.<br \/>\n\u201cNosotros siempre elaboramos los proyectos con participaci\u00f3n ciudadana y en los recovecos de este sector, se escond\u00eda gente de malos h\u00e1bitos, se pon\u00edan a beber, adem\u00e1s es el sector de acceso a la ciudad, el cual deb\u00edamos intervenir. Se va a colocar el doble de iluminaci\u00f3n para que este lugar de ingreso a la ciudad quede muy bonito\u201d, sentenci\u00f3 Freire.<br \/>\nPor \u00faltimo, Sergio Salvador, integrante del Comit\u00e9 de Seguridad Ciudadana, Codebase, destac\u00f3 que \u201cesta fue una inquietud de los vecinos y que se proyect\u00f3 m\u00e1s que nada para los ni\u00f1os y la gente de la tercera edad (\u2026) as\u00ed fue como Codebase, present\u00f3 un proyecto para ampliar lo que se estaba haciendo y gracias a Dios, nuestro alcalde nos apoy\u00f3 en un 100% y aqu\u00ed est\u00e1 el resultado, en un par de meses este sitio va a ser una verdadera flor\u201d, concluy\u00f3 el dirigente.<\/p>\n<figure id=\"attachment_73923\" aria-describedby=\"caption-attachment-73923\" style=\"width: 530px\" class=\"wp-caption alignleft\"><a href=\"http:\/\/www.eltrabajo.cl\/portal\/demolicion-de-la-pergola-y-nueva-iluminacion-cambiaran-la-esquina-colorada\/alcalde-de-san-felipe-patricio-freire\/\" rel=\"attachment wp-att-73923\"><img data-recalc-dims=\"1\" loading=\"lazy\" decoding=\"async\" class=\"size-full wp-image-73923\" src=\"https:\/\/i0.wp.com\/www.eltrabajo.cl\/portal\/wp-content\/uploads\/2016\/09\/Alcalde-de-San-Felipe-Patricio-Freire.jpg?resize=530%2C349\" alt=\"Alcalde de San Felipe Patricio Freire, comenz\u00f3 con la demolici\u00f3n de la P\u00e9rgola de Esquina Colorada.\" width=\"530\" height=\"349\" srcset=\"https:\/\/i0.wp.com\/eltrabajo.cl\/portal\/wp-content\/uploads\/2016\/09\/Alcalde-de-San-Felipe-Patricio-Freire.jpg?w=530&amp;ssl=1 530w, https:\/\/i0.wp.com\/eltrabajo.cl\/portal\/wp-content\/uploads\/2016\/09\/Alcalde-de-San-Felipe-Patricio-Freire.jpg?resize=200%2C132&amp;ssl=1 200w, https:\/\/i0.wp.com\/eltrabajo.cl\/portal\/wp-content\/uploads\/2016\/09\/Alcalde-de-San-Felipe-Patricio-Freire.jpg?resize=300%2C198&amp;ssl=1 300w, https:\/\/i0.wp.com\/eltrabajo.cl\/portal\/wp-content\/uploads\/2016\/09\/Alcalde-de-San-Felipe-Patricio-Freire.jpg?resize=228%2C150&amp;ssl=1 228w, https:\/\/i0.wp.com\/eltrabajo.cl\/portal\/wp-content\/uploads\/2016\/09\/Alcalde-de-San-Felipe-Patricio-Freire.jpg?resize=400%2C263&amp;ssl=1 400w\" sizes=\"auto, (max-width: 530px) 100vw, 530px\" \/><\/a><figcaption id=\"caption-attachment-73923\" class=\"wp-caption-text\">Alcalde de San Felipe Patricio Freire, comenz\u00f3 con la demolici\u00f3n de la P\u00e9rgola de Esquina Colorada.<\/figcaption><\/figure>\n","protected":false},"excerpt":{"rendered":"<p>Inversi\u00f3n total de 100 millones de pesos contempl\u00f3 instalaci\u00f3n de juegos infantiles y remodelaci\u00f3n de bancas, a lo que se sumar\u00e1 en los pr\u00f3ximos 60 d\u00edas, la transformaci\u00f3n de la pileta en&#8230;<\/p>\n","protected":false},"author":1,"featured_media":73923,"comment_status":"open","ping_status":"open","sticky":false,"template":"","format":"standard","meta":{"advanced_seo_description":"","jetpack_seo_html_title":"","jetpack_seo_noindex":false,"_jetpack_memberships_contains_paid_content":false,"footnotes":""},"categories":[1],"tags":[],"class_list":["post-73922","post","type-post","status-publish","format-standard","has-post-thumbnail","hentry","category-cronica"],"jetpack_featured_media_url":"https:\/\/i0.wp.com\/eltrabajo.cl\/portal\/wp-content\/uploads\/2016\/09\/Alcalde-de-San-Felipe-Patricio-Freire.jpg?fit=530%2C349&ssl=1","jetpack_sharing_enabled":true,"jetpack_likes_enabled":true,"jetpack-related-posts":[],"_links":{"self":[{"href":"https:\/\/eltrabajo.cl\/portal\/wp-json\/wp\/v2\/posts\/73922","targetHints":{"allow":["GET"]}}],"collection":[{"href":"https:\/\/eltrabajo.cl\/portal\/wp-json\/wp\/v2\/posts"}],"about":[{"href":"https:\/\/eltrabajo.cl\/portal\/wp-json\/wp\/v2\/types\/post"}],"author":[{"embeddable":true,"href":"https:\/\/eltrabajo.cl\/portal\/wp-json\/wp\/v2\/users\/1"}],"replies":[{"embeddable":true,"href":"https:\/\/eltrabajo.cl\/portal\/wp-json\/wp\/v2\/comments?post=73922"}],"version-history":[{"count":0,"href":"https:\/\/eltrabajo.cl\/portal\/wp-json\/wp\/v2\/posts\/73922\/revisions"}],"wp:featuredmedia":[{"embeddable":true,"href":"https:\/\/eltrabajo.cl\/portal\/wp-json\/wp\/v2\/media\/73923"}],"wp:attachment":[{"href":"https:\/\/eltrabajo.cl\/portal\/wp-json\/wp\/v2\/media?parent=73922"}],"wp:term":[{"taxonomy":"category","embeddable":true,"href":"https:\/\/eltrabajo.cl\/portal\/wp-json\/wp\/v2\/categories?post=73922"},{"taxonomy":"post_tag","embeddable":true,"href":"https:\/\/eltrabajo.cl\/portal\/wp-json\/wp\/v2\/tags?post=73922"}],"curies":[{"name":"wp","href":"https:\/\/api.w.org\/{rel}","templated":true}]}}