{"id":73931,"date":"2016-09-22T09:20:57","date_gmt":"2016-09-22T12:20:57","guid":{"rendered":"http:\/\/www.eltrabajo.cl\/portal\/?p=73931"},"modified":"2016-09-22T09:20:57","modified_gmt":"2016-09-22T12:20:57","slug":"manana-viernes-es-la-colecta-nacional-de-damas-de-blanco","status":"publish","type":"post","link":"https:\/\/eltrabajo.cl\/portal\/manana-viernes-es-la-colecta-nacional-de-damas-de-blanco\/","title":{"rendered":"Ma\u00f1ana viernes es la colecta nacional de Damas de Blanco"},"content":{"rendered":"<p><strong>En San Felipe ellas auxilian al enfermo desde 2012:<\/strong><\/p>\n<p>Fundaci\u00f3n Damas de Blanco, es una entidad sin fines de lucro, la que est\u00e1 compuesta por mujeres evang\u00e9licas interdenominacionales, fue creada en 1958 por el pastor capell\u00e1n Alberto K\u00fcpfer, junto a su esposa y a partir de ma\u00f1ana viernes estar\u00e1n en todo Chile, realizando la colecta nacional para recaudar fondos y as\u00ed poder seguir brindando la ayuda que dan a personas hospitalizadas cuando \u00e9stas lo requieren.<\/p>\n<p><strong>EN SAN FELIPE<\/strong><br \/>\nEn nuestra comuna, tambi\u00e9n contamos desde 2012 con estos \u00e1ngeles oportunos, son 17 las voluntarias y ma\u00f1ana quiz\u00e1 nuestros lectores las vean en empresas, colegios, escuelas y en toda la ciudad solicitando dinero desde las 8:30 a las 13:00 horas. En total son unas 2.000 voluntarias a nivel pa\u00eds las que sostienen activo este ministerio de piedad.<br \/>\nEn la actualidad existen 92 filiales que se extienden a lo largo de nuestro pa\u00eds, llevando la misericordia de Dios desde Arica a Punta Arenas. En San Felipe, est\u00e1n activas en el Hospital San Camilo, colaborando en los servicios de Medicina y Maternidad por turnos diarios.<br \/>\nSon cuatro las \u00e1reas en las que trabajan estas ejemplares mujeres sanfelipe\u00f1as, el trabajo realizado por este voluntariado se puede dividir en cuatro \u00e1reas: Asistencia espiritual; ayuda social, material y humanitaria, entregadas al paciente hospitalizado.<br \/>\n<strong>Roberto Gonz\u00e1lez Short<\/strong><\/p>\n<figure id=\"attachment_73933\" aria-describedby=\"caption-attachment-73933\" style=\"width: 530px\" class=\"wp-caption alignleft\"><a href=\"http:\/\/www.eltrabajo.cl\/portal\/manana-viernes-es-la-colecta-nacional-de-damas-de-blanco\/damas1-6\/\" rel=\"attachment wp-att-73933\"><img data-recalc-dims=\"1\" loading=\"lazy\" decoding=\"async\" class=\"size-full wp-image-73933\" src=\"https:\/\/i0.wp.com\/www.eltrabajo.cl\/portal\/wp-content\/uploads\/2016\/09\/Damas1.jpg?resize=530%2C350\" alt=\"TODOS A DONAR.- La usuaria del Hospital San Camilo Alejandra Gonz\u00e1lez, quiso adelantarse en esta colecta, y ayer don\u00f3 algunas monedas a estas voluntarias sanfelipe\u00f1as.\" width=\"530\" height=\"350\" srcset=\"https:\/\/i0.wp.com\/eltrabajo.cl\/portal\/wp-content\/uploads\/2016\/09\/Damas1.jpg?w=530&amp;ssl=1 530w, https:\/\/i0.wp.com\/eltrabajo.cl\/portal\/wp-content\/uploads\/2016\/09\/Damas1.jpg?resize=200%2C132&amp;ssl=1 200w, https:\/\/i0.wp.com\/eltrabajo.cl\/portal\/wp-content\/uploads\/2016\/09\/Damas1.jpg?resize=300%2C198&amp;ssl=1 300w, https:\/\/i0.wp.com\/eltrabajo.cl\/portal\/wp-content\/uploads\/2016\/09\/Damas1.jpg?resize=227%2C150&amp;ssl=1 227w, https:\/\/i0.wp.com\/eltrabajo.cl\/portal\/wp-content\/uploads\/2016\/09\/Damas1.jpg?resize=400%2C264&amp;ssl=1 400w\" sizes=\"auto, (max-width: 530px) 100vw, 530px\" \/><\/a><figcaption id=\"caption-attachment-73933\" class=\"wp-caption-text\">TODOS A DONAR.- La usuaria del Hospital San Camilo Alejandra Gonz\u00e1lez, quiso adelantarse en esta colecta, y ayer don\u00f3 algunas monedas a estas voluntarias sanfelipe\u00f1as.<\/figcaption><\/figure>\n","protected":false},"excerpt":{"rendered":"<p>En San Felipe ellas auxilian al enfermo desde 2012: Fundaci\u00f3n Damas de Blanco, es una entidad sin fines de lucro, la que est\u00e1 compuesta por mujeres evang\u00e9licas interdenominacionales, fue creada en 1958&#8230;<\/p>\n","protected":false},"author":1,"featured_media":73932,"comment_status":"open","ping_status":"open","sticky":false,"template":"","format":"standard","meta":{"advanced_seo_description":"","jetpack_seo_html_title":"","jetpack_seo_noindex":false,"_jetpack_memberships_contains_paid_content":false,"footnotes":""},"categories":[15],"tags":[],"class_list":["post-73931","post","type-post","status-publish","format-standard","has-post-thumbnail","hentry","category-comunidad"],"jetpack_featured_media_url":"https:\/\/i0.wp.com\/eltrabajo.cl\/portal\/wp-content\/uploads\/2016\/09\/Ellas33.jpg?fit=530%2C349&ssl=1","jetpack_sharing_enabled":true,"jetpack_likes_enabled":true,"jetpack-related-posts":[],"_links":{"self":[{"href":"https:\/\/eltrabajo.cl\/portal\/wp-json\/wp\/v2\/posts\/73931","targetHints":{"allow":["GET"]}}],"collection":[{"href":"https:\/\/eltrabajo.cl\/portal\/wp-json\/wp\/v2\/posts"}],"about":[{"href":"https:\/\/eltrabajo.cl\/portal\/wp-json\/wp\/v2\/types\/post"}],"author":[{"embeddable":true,"href":"https:\/\/eltrabajo.cl\/portal\/wp-json\/wp\/v2\/users\/1"}],"replies":[{"embeddable":true,"href":"https:\/\/eltrabajo.cl\/portal\/wp-json\/wp\/v2\/comments?post=73931"}],"version-history":[{"count":0,"href":"https:\/\/eltrabajo.cl\/portal\/wp-json\/wp\/v2\/posts\/73931\/revisions"}],"wp:featuredmedia":[{"embeddable":true,"href":"https:\/\/eltrabajo.cl\/portal\/wp-json\/wp\/v2\/media\/73932"}],"wp:attachment":[{"href":"https:\/\/eltrabajo.cl\/portal\/wp-json\/wp\/v2\/media?parent=73931"}],"wp:term":[{"taxonomy":"category","embeddable":true,"href":"https:\/\/eltrabajo.cl\/portal\/wp-json\/wp\/v2\/categories?post=73931"},{"taxonomy":"post_tag","embeddable":true,"href":"https:\/\/eltrabajo.cl\/portal\/wp-json\/wp\/v2\/tags?post=73931"}],"curies":[{"name":"wp","href":"https:\/\/api.w.org\/{rel}","templated":true}]}}