{"id":73936,"date":"2016-09-22T09:23:59","date_gmt":"2016-09-22T12:23:59","guid":{"rendered":"http:\/\/www.eltrabajo.cl\/portal\/?p=73936"},"modified":"2016-09-22T09:23:59","modified_gmt":"2016-09-22T12:23:59","slug":"estatuas-humanas-y-ajedrecistas-recibieron-ayer-la-primavera-2016","status":"publish","type":"post","link":"https:\/\/eltrabajo.cl\/portal\/estatuas-humanas-y-ajedrecistas-recibieron-ayer-la-primavera-2016\/","title":{"rendered":"Estatuas humanas y ajedrecistas recibieron ayer la primavera 2016"},"content":{"rendered":"<p>Ayer mi\u00e9rcoles hizo su entrada la m\u00e1s colorida de las estaciones del a\u00f1o: la primavera. En esta \u00e9poca las hojas y flores de los \u00e1rboles crecen de manera gradual, dando un vistoso colorido al paisaje. El t\u00e9rmino prima proviene de (primer) y vera de (verdor). Astron\u00f3micamente, esta estaci\u00f3n comienza con el equinoccio de primavera (entre el 20 y el 21 de marzo en el hemisferio norte, y entre el 21 y el 23 de septiembre en el hemisferio sur), y termina con el solsticio de verano (alrededor del 21 de junio en el hemisferio norte y el 21 de diciembre en el hemisferio sur).<br \/>\nPero ya dejando los t\u00e9rminos grandilocuentes y entrarle al tema, fue ayer cuando la Escuela Jos\u00e9 de San Mart\u00edn se adue\u00f1\u00f3 por completo de nuestra Plaza de Armas para rendir homenaje a las cuatro esculturas de las estaciones del a\u00f1o en nuestra plaza principal de la ciudad.<br \/>\n\u00abEsta iniciativa tiene por objetivo el cambio de estaci\u00f3n, lo hicimos con cuatro ni\u00f1os de nuestra escuela, quienes en calidad de estatuas humanas embellecieron el lugar, tambi\u00e9n nuestra orquesta de cuerdas de la escuela, as\u00ed como la realizaci\u00f3n de una gran simult\u00e1nea de ajedrez con 30 ni\u00f1os, los que enfrentaron al Gran Maestro chileno Andr\u00e9s Jacir\u00bb, inform\u00f3 a Diario El Trabajo la directora de la escuela, Ximena Baquedano.<br \/>\n<strong>Roberto Gonz\u00e1lez Short<\/strong><\/p>\n<figure id=\"attachment_73937\" aria-describedby=\"caption-attachment-73937\" style=\"width: 275px\" class=\"wp-caption alignleft\"><a href=\"http:\/\/www.eltrabajo.cl\/portal\/estatuas-humanas-y-ajedrecistas-recibieron-ayer-la-primavera-2016\/grafico33-copia\/\" rel=\"attachment wp-att-73937\"><img data-recalc-dims=\"1\" loading=\"lazy\" decoding=\"async\" class=\"size-full wp-image-73937\" src=\"https:\/\/i0.wp.com\/www.eltrabajo.cl\/portal\/wp-content\/uploads\/2016\/09\/Grafico33-copia.jpg?resize=275%2C350\" alt=\"ESTATUAS HUMANAS.- Ellos son los cuatro estudiantes de la San Mart\u00edn, quienes ayer interpretaron a cada estatua de las cuatro estaciones del a\u00f1o.\" width=\"275\" height=\"350\" srcset=\"https:\/\/i0.wp.com\/eltrabajo.cl\/portal\/wp-content\/uploads\/2016\/09\/Grafico33-copia.jpg?w=275&amp;ssl=1 275w, https:\/\/i0.wp.com\/eltrabajo.cl\/portal\/wp-content\/uploads\/2016\/09\/Grafico33-copia.jpg?resize=118%2C150&amp;ssl=1 118w, https:\/\/i0.wp.com\/eltrabajo.cl\/portal\/wp-content\/uploads\/2016\/09\/Grafico33-copia.jpg?resize=236%2C300&amp;ssl=1 236w\" sizes=\"auto, (max-width: 275px) 100vw, 275px\" \/><\/a><figcaption id=\"caption-attachment-73937\" class=\"wp-caption-text\">ESTATUAS HUMANAS.- Ellos son los cuatro estudiantes de la San Mart\u00edn, quienes ayer interpretaron a cada estatua de las cuatro estaciones del a\u00f1o.<\/figcaption><\/figure>\n<figure id=\"attachment_73938\" aria-describedby=\"caption-attachment-73938\" style=\"width: 530px\" class=\"wp-caption alignleft\"><a href=\"http:\/\/www.eltrabajo.cl\/portal\/estatuas-humanas-y-ajedrecistas-recibieron-ayer-la-primavera-2016\/maestro33\/\" rel=\"attachment wp-att-73938\"><img data-recalc-dims=\"1\" loading=\"lazy\" decoding=\"async\" class=\"size-full wp-image-73938\" src=\"https:\/\/i0.wp.com\/www.eltrabajo.cl\/portal\/wp-content\/uploads\/2016\/09\/Maestro33.jpg?resize=530%2C350\" alt=\"UNO DE LOS GRANDES.- El Gran Maestro chileno de ajedrez, Andr\u00e9s Jacir, ofreci\u00f3 una simult\u00e1nea a 30 ajedrecistas sanfelipe\u00f1os.\" width=\"530\" height=\"350\" srcset=\"https:\/\/i0.wp.com\/eltrabajo.cl\/portal\/wp-content\/uploads\/2016\/09\/Maestro33.jpg?w=530&amp;ssl=1 530w, https:\/\/i0.wp.com\/eltrabajo.cl\/portal\/wp-content\/uploads\/2016\/09\/Maestro33.jpg?resize=200%2C132&amp;ssl=1 200w, https:\/\/i0.wp.com\/eltrabajo.cl\/portal\/wp-content\/uploads\/2016\/09\/Maestro33.jpg?resize=300%2C198&amp;ssl=1 300w, https:\/\/i0.wp.com\/eltrabajo.cl\/portal\/wp-content\/uploads\/2016\/09\/Maestro33.jpg?resize=227%2C150&amp;ssl=1 227w, https:\/\/i0.wp.com\/eltrabajo.cl\/portal\/wp-content\/uploads\/2016\/09\/Maestro33.jpg?resize=400%2C264&amp;ssl=1 400w\" sizes=\"auto, (max-width: 530px) 100vw, 530px\" \/><\/a><figcaption id=\"caption-attachment-73938\" class=\"wp-caption-text\">UNO DE LOS GRANDES.- El Gran Maestro chileno de ajedrez, Andr\u00e9s Jacir, ofreci\u00f3 una simult\u00e1nea a 30 ajedrecistas sanfelipe\u00f1os.<\/figcaption><\/figure>\n","protected":false},"excerpt":{"rendered":"<p>Ayer mi\u00e9rcoles hizo su entrada la m\u00e1s colorida de las estaciones del a\u00f1o: la primavera. En esta \u00e9poca las hojas y flores de los \u00e1rboles crecen de manera gradual, dando un vistoso&#8230;<\/p>\n","protected":false},"author":1,"featured_media":73939,"comment_status":"open","ping_status":"open","sticky":false,"template":"","format":"standard","meta":{"advanced_seo_description":"","jetpack_seo_html_title":"","jetpack_seo_noindex":false,"_jetpack_memberships_contains_paid_content":false,"footnotes":""},"categories":[15],"tags":[],"class_list":["post-73936","post","type-post","status-publish","format-standard","has-post-thumbnail","hentry","category-comunidad"],"jetpack_featured_media_url":"https:\/\/i0.wp.com\/eltrabajo.cl\/portal\/wp-content\/uploads\/2016\/09\/Grafico33.jpg?fit=530%2C349&ssl=1","jetpack_sharing_enabled":true,"jetpack_likes_enabled":true,"jetpack-related-posts":[],"_links":{"self":[{"href":"https:\/\/eltrabajo.cl\/portal\/wp-json\/wp\/v2\/posts\/73936","targetHints":{"allow":["GET"]}}],"collection":[{"href":"https:\/\/eltrabajo.cl\/portal\/wp-json\/wp\/v2\/posts"}],"about":[{"href":"https:\/\/eltrabajo.cl\/portal\/wp-json\/wp\/v2\/types\/post"}],"author":[{"embeddable":true,"href":"https:\/\/eltrabajo.cl\/portal\/wp-json\/wp\/v2\/users\/1"}],"replies":[{"embeddable":true,"href":"https:\/\/eltrabajo.cl\/portal\/wp-json\/wp\/v2\/comments?post=73936"}],"version-history":[{"count":0,"href":"https:\/\/eltrabajo.cl\/portal\/wp-json\/wp\/v2\/posts\/73936\/revisions"}],"wp:featuredmedia":[{"embeddable":true,"href":"https:\/\/eltrabajo.cl\/portal\/wp-json\/wp\/v2\/media\/73939"}],"wp:attachment":[{"href":"https:\/\/eltrabajo.cl\/portal\/wp-json\/wp\/v2\/media?parent=73936"}],"wp:term":[{"taxonomy":"category","embeddable":true,"href":"https:\/\/eltrabajo.cl\/portal\/wp-json\/wp\/v2\/categories?post=73936"},{"taxonomy":"post_tag","embeddable":true,"href":"https:\/\/eltrabajo.cl\/portal\/wp-json\/wp\/v2\/tags?post=73936"}],"curies":[{"name":"wp","href":"https:\/\/api.w.org\/{rel}","templated":true}]}}