{"id":73946,"date":"2016-09-22T09:44:47","date_gmt":"2016-09-22T12:44:47","guid":{"rendered":"http:\/\/www.eltrabajo.cl\/portal\/?p=73946"},"modified":"2016-09-22T09:44:47","modified_gmt":"2016-09-22T12:44:47","slug":"este-viernes-celebran-el-xxvii-festival-diocesano-del-adulto-mayor-2016","status":"publish","type":"post","link":"https:\/\/eltrabajo.cl\/portal\/este-viernes-celebran-el-xxvii-festival-diocesano-del-adulto-mayor-2016\/","title":{"rendered":"Este viernes celebran el XXVII Festival Diocesano del Adulto Mayor 2016"},"content":{"rendered":"<ul>\n<li><strong>En el Gimnasio de Instituto Chacabuco de Los Andes, se desarrollar\u00e1 una nueva versi\u00f3n de este certamen musical.<\/strong><\/li>\n<\/ul>\n<p>La Pastoral Social Caritas, de la Di\u00f3cesis de San Felipe, invita a una nueva versi\u00f3n del XXVII Festival Diocesano del Adulto Mayor 2016, el cual se realizar\u00e1 el viernes 23 de septiembre desde las 14:30 horas en el Gimnasio del Instituto Chacabuco de Los Andes.<br \/>\nInvitamos a todos a participar de este gran evento musical y ser protagonistas de esta gran fiesta, compartiendo con alegr\u00eda y entusiasmo. Certamen que ser\u00e1 una experiencia entretenida y enriquecedora para nuestros adultos mayores.<\/p>\n<figure id=\"attachment_73947\" aria-describedby=\"caption-attachment-73947\" style=\"width: 530px\" class=\"wp-caption alignleft\"><a href=\"http:\/\/www.eltrabajo.cl\/portal\/este-viernes-celebran-el-xxvii-festival-diocesano-del-adulto-mayor-2016\/obispado-2\/\" rel=\"attachment wp-att-73947\"><img data-recalc-dims=\"1\" loading=\"lazy\" decoding=\"async\" class=\"size-full wp-image-73947\" src=\"https:\/\/i0.wp.com\/www.eltrabajo.cl\/portal\/wp-content\/uploads\/2016\/09\/OBISPADO.jpg?resize=530%2C350\" alt=\"Nueva versi\u00f3n del XXVII Festival Diocesano del Adulto Mayor 2016, el cual se realizar\u00e1 el viernes 23 de septiembre desde las 14:30 horas en el Gimnasio del Instituto Chacabuco de Los Andes. \" width=\"530\" height=\"350\" srcset=\"https:\/\/i0.wp.com\/eltrabajo.cl\/portal\/wp-content\/uploads\/2016\/09\/OBISPADO.jpg?w=530&amp;ssl=1 530w, https:\/\/i0.wp.com\/eltrabajo.cl\/portal\/wp-content\/uploads\/2016\/09\/OBISPADO.jpg?resize=200%2C132&amp;ssl=1 200w, https:\/\/i0.wp.com\/eltrabajo.cl\/portal\/wp-content\/uploads\/2016\/09\/OBISPADO.jpg?resize=300%2C198&amp;ssl=1 300w, https:\/\/i0.wp.com\/eltrabajo.cl\/portal\/wp-content\/uploads\/2016\/09\/OBISPADO.jpg?resize=227%2C150&amp;ssl=1 227w, https:\/\/i0.wp.com\/eltrabajo.cl\/portal\/wp-content\/uploads\/2016\/09\/OBISPADO.jpg?resize=400%2C264&amp;ssl=1 400w\" sizes=\"auto, (max-width: 530px) 100vw, 530px\" \/><\/a><figcaption id=\"caption-attachment-73947\" class=\"wp-caption-text\">Nueva versi\u00f3n del XXVII Festival Diocesano del Adulto Mayor 2016, el cual se realizar\u00e1 el viernes 23 de septiembre desde las 14:30 horas en el Gimnasio del Instituto Chacabuco de Los Andes.<\/figcaption><\/figure>\n","protected":false},"excerpt":{"rendered":"<p>En el Gimnasio de Instituto Chacabuco de Los Andes, se desarrollar\u00e1 una nueva versi\u00f3n de este certamen musical. La Pastoral Social Caritas, de la Di\u00f3cesis de San Felipe, invita a una nueva&#8230;<\/p>\n","protected":false},"author":1,"featured_media":73947,"comment_status":"open","ping_status":"open","sticky":false,"template":"","format":"standard","meta":{"advanced_seo_description":"","jetpack_seo_html_title":"","jetpack_seo_noindex":false,"_jetpack_memberships_contains_paid_content":false,"footnotes":""},"categories":[1],"tags":[],"class_list":["post-73946","post","type-post","status-publish","format-standard","has-post-thumbnail","hentry","category-cronica"],"jetpack_featured_media_url":"https:\/\/i0.wp.com\/eltrabajo.cl\/portal\/wp-content\/uploads\/2016\/09\/OBISPADO.jpg?fit=530%2C350&ssl=1","jetpack_sharing_enabled":true,"jetpack_likes_enabled":true,"jetpack-related-posts":[],"_links":{"self":[{"href":"https:\/\/eltrabajo.cl\/portal\/wp-json\/wp\/v2\/posts\/73946","targetHints":{"allow":["GET"]}}],"collection":[{"href":"https:\/\/eltrabajo.cl\/portal\/wp-json\/wp\/v2\/posts"}],"about":[{"href":"https:\/\/eltrabajo.cl\/portal\/wp-json\/wp\/v2\/types\/post"}],"author":[{"embeddable":true,"href":"https:\/\/eltrabajo.cl\/portal\/wp-json\/wp\/v2\/users\/1"}],"replies":[{"embeddable":true,"href":"https:\/\/eltrabajo.cl\/portal\/wp-json\/wp\/v2\/comments?post=73946"}],"version-history":[{"count":0,"href":"https:\/\/eltrabajo.cl\/portal\/wp-json\/wp\/v2\/posts\/73946\/revisions"}],"wp:featuredmedia":[{"embeddable":true,"href":"https:\/\/eltrabajo.cl\/portal\/wp-json\/wp\/v2\/media\/73947"}],"wp:attachment":[{"href":"https:\/\/eltrabajo.cl\/portal\/wp-json\/wp\/v2\/media?parent=73946"}],"wp:term":[{"taxonomy":"category","embeddable":true,"href":"https:\/\/eltrabajo.cl\/portal\/wp-json\/wp\/v2\/categories?post=73946"},{"taxonomy":"post_tag","embeddable":true,"href":"https:\/\/eltrabajo.cl\/portal\/wp-json\/wp\/v2\/tags?post=73946"}],"curies":[{"name":"wp","href":"https:\/\/api.w.org\/{rel}","templated":true}]}}